{"id":23238,"date":"2022-12-31T18:50:08","date_gmt":"2022-12-31T15:50:08","guid":{"rendered":"http:\/\/akdenizolaygazetesi.com\/?p=23238"},"modified":"2022-12-31T18:50:08","modified_gmt":"2022-12-31T15:50:08","slug":"yuksekogrenim-erkek-ogrenci-yurduna-ogrencilerden-tam-not","status":"publish","type":"post","link":"https:\/\/akdenizolaygazetesi.com\/?p=23238","title":{"rendered":"&#8216;Y\u00dcKSEK\u00d6\u011eREN\u0130M ERKEK \u00d6\u011eRENC\u0130 YURDU&#8217;NA \u00d6\u011eRENC\u0130LERDEN TAM NOT"},"content":{"rendered":"<p>Mersin B\u00fcy\u00fck\u015fehir Belediyesi, \u00f6\u011frenci dostu belediyecilik anlay\u0131\u015f\u0131yla \u00f6\u011frencilerin ula\u015f\u0131m, beslenme ve bar\u0131nma gibi temel sorunlar\u0131n \u00e7\u00f6z\u00fcm\u00fc i\u00e7in hayata ge\u00e7irdi\u011fi hizmetlere bir yenisini daha ekledi. B\u00fcy\u00fck\u015fehir Belediye Ba\u015fkan\u0131 Vahap Se\u00e7er ve e\u015fi Meral Se\u00e7er&#8217;in kat\u0131l\u0131m\u0131yla 120 yatakl\u0131 &#8216;Y\u00fcksek\u00f6\u011frenim Erkek \u00d6\u011frenci Yurdu&#8217; hizmete a\u00e7\u0131ld\u0131.<\/p>\n<p>B\u00fcy\u00fck\u015fehir Belediyesi, Ba\u015fkan Vahap Se\u00e7er&#8217;in &#8220;\u00d6\u011frenciler i\u00e7in 10 numara \u015fehir&#8221; dedi\u011fi Mersin&#8217;de, 10 numara bir hizmete daha imza att\u0131. \u00d6\u011frencilerin g\u00fcvenli bir \u015fekilde konaklayabilmeleri i\u00e7in hizmete sundu\u011fu yurdun a\u00e7\u0131l\u0131\u015f\u0131na \u00e7ok say\u0131da vatanda\u015f kat\u0131ld\u0131.<\/p>\n<p> &#8220;Gen\u00e7ler gelecekler, canl\u0131l\u0131k olacak&#8221;<\/p>\n<p>\u0130hsaniye Mahalle Muhtar\u0131 ve Akdeniz Renkli Eller Kad\u0131n Koperatifi Ba\u015fkan\u0131 Zehra Y\u0131lmaz, yurdun a\u00e7\u0131l\u0131\u015f\u0131n\u0131 de\u011ferlendirerek, &#8220;O kadar k\u0131ymetli ki bizim i\u00e7in. Buras\u0131, eski T\u0131p Fak\u00fcltesi ta\u015f\u0131nd\u0131ktan sonra metruk duruma gelmi\u015fti. Korkuyorduk buradan ge\u00e7meye ve ger\u00e7ekten \u015fu anda yurdumuzun mahallemize \u00e7ok \u015feyler kataca\u011f\u0131ndan eminim. Esnaflar\u0131m\u0131z\u0131n dura\u011fanla\u015fan i\u015fleri de a\u00e7\u0131lacak. Gen\u00e7ler gelecek, canl\u0131l\u0131k olacak. Buradan art\u0131k \u00e7ocuklar\u0131n mutlu sesleri gelecek. Son derece mutluyum&#8221; dedi.<\/p>\n<p>B\u00fcy\u00fck\u015fehir Belediyesi&#8217;nin mahalleye yapt\u0131\u011f\u0131 di\u011fer hizmetleri de s\u0131ralayan Y\u0131lmaz, &#8220;Sadece buradaki yurt a\u00e7\u0131l\u0131\u015f\u0131 de\u011fil, bizim buradaki Mahalle Mutfa\u011f\u0131m\u0131z \u00e7ok k\u0131ymetli. 3.5 liraya vatanda\u015flar\u0131m\u0131z \u00e7e\u015fit \u00e7e\u015fit yemekler yiyorlar. Burada daha \u00e7ok dezavantajl\u0131 insanlar var. Ben sadece kendi mahallemden bahsediyorum ama Mersin&#8217;e bakt\u0131\u011f\u0131m\u0131z zaman \u00e7ehre de\u011fi\u015fti. Mersin kad\u0131n kenti oldu. \u0130nsanlar kendini yolda y\u00fcr\u00fcrken de\u011ferli hissetmeye ba\u015flad\u0131. Ger\u00e7ekten \u00e7ok \u00f6nemli ve \u00e7ok de\u011ferli i\u015fler&#8221; ifadelerini kulland\u0131.<\/p>\n<p>&#8220;Mersin&#8217;de okumak \u00e7ok g\u00fczel bir duygu&#8221;<\/p>\n<p>G\u00fclnar Meslek Y\u00fcksekokulu&#8217;nda okuyan ve Mersin&#8217;de okuman\u0131n keyifli oldu\u011funu s\u00f6yleyen Fatma Kandemir isimli \u00f6\u011frenci &#8220;Belediye bu konuda \u00e7ok yararl\u0131 \u015feyler yap\u0131yor. \u00d6nceden \u00f6yle bir imkan yokmu\u015f. Biz geldi\u011fimiz zaman a\u00e7\u0131lm\u0131\u015f ve bu durumdan \u00e7ok mutluyuz. Aktiviteler, etkinlikler olsun Mersin&#8217;de okumak \u00e7ok g\u00fczel bir duygu. Konserler oldu\u011fu zaman bize \u00e7ok fazla imkan sunuluyor. G\u00fclnar&#8217;dan ula\u015f\u0131m\u0131m\u0131z \u00e7ok zor oluyor. Belediye bize ara\u00e7 g\u00f6nderiyor. Ula\u015f\u0131m konusunda yard\u0131mc\u0131 oluyorlar&#8221; dedi.<\/p>\n<p>&#8220;B\u00fcy\u00fck\u015fehir&#8217;in destekleri \u00e7ok iyi&#8221;<\/p>\n<p>Mersin \u00dcniversitesi&#8217;nde \u00f6\u011frenci Hediye Alev ise bir gen\u00e7 olarak Mersin&#8217;de ya\u015faman\u0131n g\u00fczel oldu\u011funu s\u00f6yleyerek,  &#8220;B\u00fcy\u00fck\u015fehir&#8217;in destekleri \u00e7ok iyi. Aktiviteler, konserler oluyor. Her \u015fey \u00e7ok iyi. Ge\u00e7inebiliyoruz. \u0130stedi\u011fimiz yere ula\u015f\u0131m sa\u011flayabiliyoruz&#8221; diye konu\u015ftu.<\/p>\n<p>&#8220;Ula\u015f\u0131m, yurt, \u00e7ama\u015f\u0131rhane, yemek yerleri olsun o t\u00fcr konularda \u00e7ok rahat\u0131z&#8221;<\/p>\n<p>G\u00fclnar Konukevi&#8217;nde kalan Ali G\u00fcl, Mersin&#8217;de \u00f6\u011frenciler i\u00e7in bir\u00e7ok imkan\u0131n yer ald\u0131\u011f\u0131n\u0131 belirterek,  &#8220;G\u00fclnar&#8217;da da \u00f6nceden yurt yoktu. Say\u0131n Ba\u015fkan\u0131m\u0131z, orada a\u00e7t\u0131\u011f\u0131 i\u00e7in mutluyuz. Buradaki arkada\u015flar\u0131m\u0131za da faydal\u0131 olaca\u011f\u0131n\u0131 d\u00fc\u015f\u00fcn\u00fcyorum. Ger\u00e7ekten faydal\u0131 \u00e7al\u0131\u015fmalar yap\u0131ld\u0131\u011f\u0131n\u0131 d\u00fc\u015f\u00fcn\u00fcyorum. Mersin&#8217;in \u015fu an \u00f6\u011frenci kenti oldu\u011funu d\u00fc\u015f\u00fcn\u00fcyorum. \u00c7\u00fcnk\u00fc \u00e7ok imkan var. Ula\u015f\u0131m, yurt, \u00e7ama\u015f\u0131rhane, yemek yerleri; o t\u00fcr konularda \u00e7ok rahat\u0131z. Sosyal aktiviteleri de \u00e7ok fazla. G\u00fclnar&#8217;da okumama ra\u011fmen her aktiviteye, konserlere gelebiliyorum&#8221; ifadelerini kulland\u0131.  <\/p>\n<p>&#8220;Fazla kira istiyorlar o y\u00fczden Mersin&#8217;de \u00f6\u011frenci i\u00e7in yurt \u00e7ok avantajl\u0131&#8221;<\/p>\n<p>Mersin&#8217;in \u00f6\u011frenciler i\u00e7in rahat bir \u015fehir oldu\u011funu s\u00f6yleyen Emin Y\u0131lmaz, &#8220;Mersin, tam \u00f6\u011frencilik bir \u015fehir. Burada yurt a\u00e7\u0131lmas\u0131 \u00e7ok g\u00fczel, \u00e7\u00fcnk\u00fc kiralar artt\u0131. \u00d6\u011frencilerden fazla kira istiyorlar. O y\u00fczden Mersin&#8217;de \u00f6\u011frenci i\u00e7in yurt \u00e7ok avantajl\u0131. Kira 3 bin liraysa yurt 700-800 lira oluyor. Ben bir \u00f6\u011frenci olarak mesela bu sene \u00fcniversite s\u0131nav\u0131na girece\u011fim. \u00d6\u011frenciye \u00e7ok destek \u00e7\u0131k\u0131yorlar. Bizim i\u00e7in \u00fccretsiz dershane a\u00e7t\u0131lar, oraya gidiyorum. Dershanede sabah \u00e7orba da\u011f\u0131t\u0131yorlar. Maddi a\u00e7\u0131dan aileme katk\u0131s\u0131 oluyor&#8221; diye konu\u015ftu.  <\/p>\n<p>&#8220;Mersin halk\u0131na Vahap Se\u00e7er&#8217;i se\u00e7ti\u011fi i\u00e7in te\u015fekk\u00fcr ederiz&#8221;<\/p>\n<p>Mersin \u00dcniversitesi&#8217;nde okudu\u011funu ve a\u00e7\u0131l\u0131\u015f\u0131 yap\u0131lan Y\u00fcksek\u00f6\u011frenim Erkek \u00d6\u011frenci Yurdu&#8217;nda kald\u0131\u011f\u0131n\u0131 s\u00f6yleyen Cemil Akp\u0131nar, &#8220;Bu yurt bizim i\u00e7in 10 numara bir hizmet oldu ger\u00e7ekten. \u0130stedi\u011fimiz bir hizmetti. Konum olarak g\u00fczel bir yerde. Fiyat olarak da gayet makul. Kahvalt\u0131 ve ak\u015fam yeme\u011fimizi yurtlarda yiyoruz. Yurt a\u00e7\u0131lmadan \u00f6nce s\u00fcrekli Adana&#8217;ya trenle gidip geliyordum. Yurdun a\u00e7\u0131lmas\u0131yla beraber art\u0131k buradan okuluma tek otob\u00fcsle gidip gelebiliyorum. Ula\u015f\u0131m konusunda gayet rahat ve g\u00fczel bir \u015fehir. Mersin halk\u0131na Vahap Se\u00e7er&#8217;i se\u00e7ti\u011fi i\u00e7in te\u015fekk\u00fcr ederiz&#8221; dedi.<\/p>\n<p>&#8220;\u00d6\u011frencilerin derdine derman oldu&#8221;<\/p>\n<p>Toros \u00dcniversitesi Optisyenlik B\u00f6l\u00fcm\u00fc \u00f6\u011frencisi olan ve Mersin B\u00fcy\u00fck\u015fehir Belediyesi Y\u00fcksek\u00f6\u011frenim Erkek \u00d6\u011frenci Yurdu&#8217;nda kalan Mertcan Al\u00e7i\u00e7ek isimli \u00f6\u011frenci ise &#8220;Bu yurt \u00f6\u011frencilerin derdine derman oldu ger\u00e7ekten. \u00c7ok memnunuz, her y\u00f6n\u00fcyle eksiksiz. \u00c7ama\u015f\u0131rhanemiz mevcut, ula\u015f\u0131m y\u00f6n\u00fcnden \u00fcst d\u00fczey seviyede. Hemen bir arka sokaktan bulundu\u011fumuz \u00fcniversiteye tek otob\u00fcsle gitme imkan\u0131 var. Bu konuda ger\u00e7ekten \u00e7ok avantajl\u0131. Mersin&#8217;de \u00f6\u011frenci olmak eksiksiz, sorunsuz ve g\u00fczel bir \u015fey. Can\u0131m\u0131z s\u0131k\u0131lm\u0131yor. Arkam\u0131zda deniz, \u00f6n\u00fcm\u00fczde da\u011f var. Can\u0131m\u0131z s\u0131k\u0131l\u0131nca aktiviteler yapabiliyoruz. Bu konuda gayet g\u00fczel ve elveri\u015fli bir \u015fehir&#8221; diye konu\u015ftu.<\/p>\n","protected":false},"excerpt":{"rendered":"<p>Mersin B\u00fcy\u00fck\u015fehir Belediyesi, \u00f6\u011frenci dostu belediyecilik anlay\u0131\u015f\u0131yla \u00f6\u011frencilerin ula\u015f\u0131m, beslenme ve bar\u0131nma gibi temel sorunlar\u0131n \u00e7\u00f6z\u00fcm\u00fc i\u00e7in hayata ge\u00e7irdi\u011fi hizmetlere bir yenisini daha ekledi. B\u00fcy\u00fck\u015fehir Belediye Ba\u015fkan\u0131 Vahap Se\u00e7er ve &hellip; <a href=\"https:\/\/akdenizolaygazetesi.com\/?p=23238\" class=\"more-link\">Devam\u0131n\u0131 Oku&#8230;<\/a><\/p>\n","protected":false},"author":2,"featured_media":23239,"comment_status":"open","ping_status":"open","sticky":false,"template":"","format":"standard","meta":[],"categories":[34,1,2,3],"tags":[],"_links":{"self":[{"href":"https:\/\/akdenizolaygazetesi.com\/index.php?rest_route=\/wp\/v2\/posts\/23238"}],"collection":[{"href":"https:\/\/akdenizolaygazetesi.com\/index.php?rest_route=\/wp\/v2\/posts"}],"about":[{"href":"https:\/\/akdenizolaygazetesi.com\/index.php?rest_route=\/wp\/v2\/types\/post"}],"author":[{"embeddable":true,"href":"https:\/\/akdenizolaygazetesi.com\/index.php?rest_route=\/wp\/v2\/users\/2"}],"replies":[{"embeddable":true,"href":"https:\/\/akdenizolaygazetesi.com\/index.php?rest_route=%2Fwp%2Fv2%2Fcomments&post=23238"}],"version-history":[{"count":1,"href":"https:\/\/akdenizolaygazetesi.com\/index.php?rest_route=\/wp\/v2\/posts\/23238\/revisions"}],"predecessor-version":[{"id":23240,"href":"https:\/\/akdenizolaygazetesi.com\/index.php?rest_route=\/wp\/v2\/posts\/23238\/revisions\/23240"}],"wp:featuredmedia":[{"embeddable":true,"href":"https:\/\/akdenizolaygazetesi.com\/index.php?rest_route=\/wp\/v2\/media\/23239"}],"wp:attachment":[{"href":"https:\/\/akdenizolaygazetesi.com\/index.php?rest_route=%2Fwp%2Fv2%2Fmedia&parent=23238"}],"wp:term":[{"taxonomy":"category","embeddable":true,"href":"https:\/\/akdenizolaygazetesi.com\/index.php?rest_route=%2Fwp%2Fv2%2Fcategories&post=23238"},{"taxonomy":"post_tag","embeddable":true,"href":"https:\/\/akdenizolaygazetesi.com\/index.php?rest_route=%2Fwp%2Fv2%2Ftags&post=23238"}],"curies":[{"name":"wp","href":"https:\/\/api.w.org\/{rel}","templated":true}]}}