{"id":23241,"date":"2022-12-31T18:51:43","date_gmt":"2022-12-31T15:51:43","guid":{"rendered":"http:\/\/akdenizolaygazetesi.com\/?p=23241"},"modified":"2022-12-31T18:51:43","modified_gmt":"2022-12-31T15:51:43","slug":"milli-mucadelenin-simgesi-kalpaklar-hazir","status":"publish","type":"post","link":"https:\/\/akdenizolaygazetesi.com\/?p=23241","title":{"rendered":"M\u0130LL\u0130 M\u00dcCADELEN\u0130N S\u0130MGES\u0130 KALPAKLAR HAZIR!"},"content":{"rendered":"<p>Mersinliler; Geleneksel 3 Ocak Zafer Y\u00fcr\u00fcy\u00fc\u015f\u00fc&#8217;nde bir araya gelerek, kalpaklar\u0131yla, bayraklar\u0131yla, mar\u015flarla,  mehteran e\u015fli\u011finde Toroslar&#8217;dan Cumhuriyet Meydan\u0131&#8217;na kadar el ele, omuz omuza y\u00fcr\u00fcyecek.<\/p>\n<p>Toroslar Belediyesinin; 3 Ocak Mersin&#8217;in D\u00fc\u015fman \u0130\u015fgali&#8217;nden Kurtulu\u015funun y\u0131l d\u00f6n\u00fcm\u00fcnde her y\u0131l d\u00fczenledi\u011fi 3 Ocak Zafer Y\u00fcr\u00fcy\u00fc\u015f\u00fc, bu y\u0131l Mersin Valili\u011finin himayesinde yap\u0131lacak.<\/p>\n<p>Toroslar Belediye Ba\u015fkan\u0131 Ats\u0131z Af\u015f\u0131n Y\u0131lmaz, mahalle muhtarlar\u0131yla bir araya gelerek 3 Ocak program\u0131n\u0131 payla\u015ft\u0131.<\/p>\n<p>Kentin sembol\u00fc olan 3 Ocak Zafer Y\u00fcr\u00fcy\u00fc\u015f\u00fc&#8217;ne ve \u00fcnl\u00fc tarih\u00e7i Prof. Dr. \u0130lber Ortayl\u0131&#8217;n\u0131n &#8220;Kurtulu\u015f Sava\u015f\u0131&#8217;nda Toroslar ve \u00c7ukurova&#8217;n\u0131n \u00d6nemi&#8221; konulu s\u00f6yle\u015fiye t\u00fcm hem\u015fehrilerini davet eden Ba\u015fkan Y\u0131lmaz; &#8220;Bu y\u00fcr\u00fcy\u00fc\u015f milletin, devletin y\u00fcr\u00fcy\u00fc\u015f\u00fc. Atalar\u0131m\u0131z\u0131n miras\u0131na hep birlikte sahip \u00e7\u0131kaca\u011f\u0131z&#8221; dedi.<\/p>\n<p>Programda mahalle muhtarlar\u0131na milli m\u00fccadelenin simgesi kalpak da hediye eden Ba\u015fkan Y\u0131lmaz, \u015funlar\u0131 kaydetti; &#8220;Kalpaklar\u0131m\u0131z haz\u0131r, kentimizin D\u00fc\u015fman \u0130\u015fgali&#8217;nden Kurtulu\u015fu&#8217;nun 101. y\u0131l d\u00f6n\u00fcm\u00fcn\u00fc kutlamak \u00fczere milli m\u00fccadele ruhu ve gururuyla 3 Ocak Sal\u0131 g\u00fcn\u00fc saat 08.00&#8217;da, 3 Ocak Zafer Y\u00fcr\u00fcy\u00fc\u015f\u00fcm\u00fczde bir araya geliyoruz.&#8221;<\/p>\n<p>Yunus Emre K\u00fclt\u00fcr Merkezi&#8217;nde ger\u00e7ekle\u015fen toplant\u0131ya; MHP Toroslar \u0130l\u00e7e Ba\u015fkan\u0131 H\u00fcsn\u00fc Do\u011fan, AK Parti Toroslar \u0130l\u00e7e Ba\u015fkan\u0131 Bekir Top\u00e7u, Toroslar \u00dclk\u00fc Ocaklar\u0131 Ba\u015fkan\u0131 Yunus Emre Tugay, AK Parti Toroslar \u0130l\u00e7e Kad\u0131n Kollar\u0131 Ba\u015fkan\u0131 Nalan Erden, AK Parti Toroslar Gen\u00e7lik Kollar\u0131 Ba\u015fkan\u0131 Necdet Yeni, Toroslar Muhtarlar Derne\u011fi Ba\u015fkan Cengiz \u015eahbaz ve muhtarlar kat\u0131ld\u0131.<\/p>\n<p>&#8220;3 OCAK SALI G\u00dcN\u00dc SAAT 08.00&#8217;DA TOROSLAR KUVAY\u0130 M\u0130LL\u0130YE ANITI \u00d6N\u00dcNDE BULU\u015eUYORUZ&#8221;<\/p>\n<p>MHP Toroslar \u0130l\u00e7e Ba\u015fkan\u0131 H\u00fcsn\u00fc Do\u011fan, t\u00fcm vatanda\u015flar\u0131 Mersin&#8217;in D\u00fc\u015fman \u0130\u015fgalinden Kurtulu\u015fu&#8217;nun 101. y\u0131l\u0131nda d\u00fczenlenecek 3 Ocak Zafer Y\u00fcr\u00fcy\u00fc\u015f\u00fc&#8217;ne davet ederek; &#8220;Kentimizin kurtulu\u015funun 101. Y\u0131l\u0131nda 101&#8217;inci kez Toroslar&#8217;dan meydanlara y\u00fcr\u00fcyece\u011fiz. T\u00fcm hem\u015fehrilerimizi 3 Ocak g\u00fcn\u00fc saat 08.00&#8217;da Toroslar Kuvayi Milliye An\u0131t\u0131 \u00f6n\u00fcnde bulu\u015fmaya bekliyoruz&#8221; dedi.<\/p>\n<p>Muhtarlarla bir araya gelmekten dolay\u0131 mutluluk duyduklar\u0131n\u0131 belirten AK Parti Toroslar \u0130l\u00e7e Ba\u015fkan\u0131 Bekir Top\u00e7u da; &#8220;T\u00fcm muhtarlar\u0131m\u0131za Cumhurba\u015fkan\u0131m\u0131z Say\u0131n Recep Tayyip Erdo\u011fan&#8217;\u0131n selamlar\u0131n\u0131 getirdim. Muhtarlar\u0131m\u0131z sadece kendi k\u00f6y\u00fcn\u00fcn meselelerini de\u011fil ayn\u0131 zamanda kentin asayi\u015fini, gelece\u011fini, alt ve \u00fcst yap\u0131s\u0131n\u0131 d\u00fc\u015f\u00fcnen ki\u015filerdir. Cumhur \u0130ttifak\u0131 olarak sizlerle bir arada olmaktan onur ve \u015feref duyuyorum. 67 mahallemizin tamam\u0131na sizlerle birlikte elimizden gelen hizmeti yapt\u0131k ve yapmaya da devam edece\u011fiz. T\u00fcm hem\u015fehrilerimizi 3 Ocak&#8217;ta tek y\u00fcrek olmaya davet ediyoruz&#8221; ifadelerini kulland\u0131.<\/p>\n<p>&#8220;KUVAY\u0130 M\u0130LL\u0130YE RUHUNU HEP CANLI TUTACA\u011eIZ&#8221;<\/p>\n<p>Misafirlerine, 101 y\u0131l \u00f6nce Mersin&#8217;deki milli m\u00fccadelenin destans\u0131 hikayesini anlatan Ba\u015fkan Y\u0131lmaz; &#8220;3 Ocak Mersin&#8217;in D\u00fc\u015fman \u0130\u015fgalinden Kurtulu\u015fu&#8217;nun 101. Y\u0131l\u0131. Bug\u00fcn yine ayn\u0131 \u015fey olsa \u0130ngilizler, Frans\u0131zlar Mersin Liman\u0131&#8217;na \u00e7\u0131karma yapsalar, askerler gelse, bayraklar de\u011fi\u015fse eminim buradaki herkes ayn\u0131 heyecanla vatan savunmas\u0131 i\u00e7in bir araya gelir ve d\u00fc\u015fman\u0131 buradan atar\u0131z Allah&#8217;\u0131n izniyle. O g\u00fcnk\u00fc ruhu bug\u00fcn de ya\u015famak mecburiyetindeyiz. Ve bunu anlamak, anlatmak, \u00e7ocuklar\u0131m\u0131za aktarmal\u0131y\u0131z. Bizim T\u00fcrkiye olarak milli silahlar\u0131m\u0131z ve en \u00f6nemlisi vatan savunmas\u0131 yapacak irademiz var. D\u00fcnyan\u0131n en g\u00fc\u00e7l\u00fc silahl\u0131 kuvvetlerine sahibiz. Bir ba\u015fka g\u00fcc\u00fcm\u00fcz ise gen\u00e7 ve dinamik n\u00fcfusumuzdur. Enerji tedarikiyle de bamba\u015fka bir T\u00fcrkiye ortaya \u00e7\u0131kacak \u00f6n\u00fcm\u00fczdeki g\u00fcnlerde ve hep beraber bunu ya\u015fayaca\u011f\u0131z in\u015fallah&#8221; diye konu\u015ftu.<\/p>\n<p>&#8220;3 OCAK, HEP\u0130M\u0130Z\u0130N BAYRAMI&#8221;<\/p>\n<p>Milli M\u00fccadele d\u00f6nemde Anadolu&#8217;nun her yerinde vatan savunmas\u0131 yap\u0131ld\u0131\u011f\u0131n\u0131 ve 3 Ocak&#8217;\u0131n herkesin bayram\u0131 oldu\u011funu dile getiren Ba\u015fkan Y\u0131lmaz; &#8220;3 Ocak Kuvayi Milliye Bayram\u0131d\u0131r. \u0130\u015fgal ger\u00e7ekle\u015fen memleketimizin her yerinde vatan savunmas\u0131 olmu\u015ftur. Bu devletin evlatlar\u0131 hep beraber bir araya gelip, vatan savunmas\u0131 yapm\u0131\u015ft\u0131r. O zaman \u015funu s\u00f6yleyebiliriz. 3 Ocak Kuvayi Milliye Bayram\u0131, o d\u00f6nemde dedesi sadece Mersin&#8217;de ya\u015fayan ve m\u00fccadeleye do\u011frudan kat\u0131lm\u0131\u015f insanlar\u0131n de\u011fil, memleketin herhangi bir \u015fehrinde ya\u015fam\u0131\u015f olursa olsun hepimizin bayram\u0131d\u0131r. \u00d6zellikle dedesi o d\u00f6nemde Mersin&#8217;de olmayan ve g\u00f6\u00e7le \u015fehrimize gelen hem\u015fehrilerimiz, karde\u015flerimiz bunu b\u00f6yle bilsinler. 3 Ocak, bizim bayram\u0131m\u0131z oldu\u011fu kadar sizin de bayram\u0131n\u0131zd\u0131r. Anadolu&#8217;nun her yerinde vatan savunmas\u0131 yap\u0131lm\u0131\u015ft\u0131r. Ba\u015fta Gazi Mustafa Kemal Atat\u00fcrk olmak \u00fczere vatan savunmas\u0131nda g\u00f6rev alan, can veren, kan veren, al\u0131n teri ak\u0131tan Anadolu&#8217;nun her yerindeki b\u00fcy\u00fcklerimizi rahmet ve minnetle an\u0131yorum&#8221; ifadelerini kulland\u0131.<\/p>\n<p>&#8220;DEVLET, M\u0130LLET EL ELE Y\u00dcR\u00dcYECE\u011e\u0130Z&#8221;<\/p>\n<p>T\u00fcm muhtarlara, yo\u011fun kat\u0131l\u0131mlar\u0131ndan dolay\u0131 te\u015fekk\u00fcr eden Ba\u015fkan Y\u0131lmaz; &#8220;Hepinizi, 3 Ocak Sal\u0131 g\u00fcn\u00fc saat 08.00&#8217;da An\u0131t Meydan\u0131m\u0131zda, tarihi, geleneksel 3 Ocak Zafer Y\u00fcr\u00fcy\u00fc\u015f\u00fcm\u00fcz\u00fc ger\u00e7ekle\u015ftirmeye davet ediyorum. Niye b\u00f6yle diyorum? 3 Ocak 1922&#8217;da Mersin&#8217;in kurtulu\u015fu ger\u00e7ekle\u015fti. Ondan sonra Kuvayi Milliyeciler, bizlerin, sizlerin dedeleri her y\u0131l 3 Ocak&#8217;ta bir araya geldiler, atlar\u0131na bindiler, \u00fcniformalar\u0131n\u0131 giydiler, kalpaklar\u0131n\u0131 ve madalyalar\u0131n\u0131 takt\u0131lar. \u00c7avu\u015flu&#8217;dan Yo\u011furt Pazar\u0131&#8217;na kadar Kuvayi Milliye Y\u00fcr\u00fcy\u00fc\u015f\u00fc&#8217;n\u00fc ger\u00e7ekle\u015ftirdiler. Kuvayi Milliye gazileri, vefat edene kadar bu y\u00fcr\u00fcy\u00fc\u015f\u00fc yapt\u0131lar. Daha sonra bu y\u00fcr\u00fcy\u00fc\u015fe \u00e7ocuklar\u0131 kat\u0131ld\u0131. Biz bu gelene\u011fi ve ayn\u0131 ruhu, her sene yapt\u0131\u011f\u0131m\u0131z y\u00fcr\u00fcy\u00fc\u015fle canland\u0131r\u0131yoruz, tazeliyoruz, o heyecan\u0131 ya\u015f\u0131yoruz. Bu sene de bunu ger\u00e7ekle\u015ftirece\u011fiz. Bu sene \u015f\u00f6yle bir g\u00fczellik var. Y\u00fcr\u00fcy\u00fc\u015f\u00fcm\u00fcz\u00fc Valili\u011fimiz ile birlikte yapaca\u011f\u0131z. Her y\u0131l, Toroslar Kuvayi Milliye An\u0131t\u0131 \u00f6n\u00fcnden veya Toroslar Belediyesinin \u00f6n\u00fcnden \u00e7\u0131karak Cumhuriyet Meydan\u0131&#8217;na kadar y\u00fcr\u00fcyorduk, ba\u015fka bir grupta da \u0130stasyondan \u00e7\u0131k\u0131p Cumhuriyet Meydan\u0131&#8217;na y\u00fcr\u00fcyordu. B\u00f6yle bir farkl\u0131l\u0131\u011fa, ayr\u0131l\u0131\u011fa gerek yok. Bu y\u00fcr\u00fcy\u00fc\u015f milletin, devletin y\u00fcr\u00fcy\u00fc\u015f\u00fc. Say\u0131n Valimiz Ali Hamza Pehlivan&#8217;a da buradan te\u015fekk\u00fcr ediyorum. Kendileri de talebimizi anlay\u0131\u015fla kar\u015f\u0131lad\u0131lar. Bu y\u0131l 3 Ocak Y\u00fcr\u00fcy\u00fc\u015f\u00fcm\u00fcz\u00fc Valili\u011fimizin himayesinde, devlet, millet el ele hep beraber kent protokol\u00fcm\u00fczle, t\u00fcm ba\u015fkanlar\u0131m\u0131zla, muhtarlar\u0131m\u0131zla, gazilerimiz ve onlar\u0131n \u00e7ocuklar\u0131yla birlikte ger\u00e7ekle\u015ftirece\u011fiz in\u015fallah. Hepinizi davet ediyorum. Yine 3 Ocak g\u00fcn\u00fc saat 13.00&#8217;da Yunus Emre K\u00fclt\u00fcr Merkezimizin Konferans Salonunda \u00fclkemizin tarih atlas\u0131 Prof. Dr. \u0130lber Ortayl\u0131 Hocam\u0131z, misafirimiz olacak. Kurtulu\u015f Sava\u015f\u0131&#8217;nda Toroslar ve \u00c7ukurova&#8217;n\u0131n \u00d6nemi \u00fczerine sohbet edece\u011fiz. T\u00fcm hem\u015fehrilerimizi davet ediyoruz&#8221; \u015feklinde konu\u015ftu.<\/p>\n<p>Ba\u015fkan Y\u0131lmaz, Mersinlilerin yeni y\u0131l\u0131n\u0131 da kutlayarak; &#8220;G\u00f6reve geldikten sonra h\u0131zla \u00e7al\u0131\u015fmalar\u0131m\u0131za ba\u015flad\u0131k. \u00c7ok ciddi miktarda asfalt, parke, yol ve ta\u015f duvar \u00e7al\u0131\u015fmas\u0131 yapt\u0131k.  Sosyal ve \u00c7evik Belediyecilik anlay\u0131\u015f\u0131yla hizmetlerimizi s\u00fcrd\u00fcr\u00fcyoruz. 2023 y\u0131l\u0131, Toroslar\u0131m\u0131za, Mersinimize ve \u00fclkemize iyi gelecek in\u015fallah. Biz de bunun i\u00e7in elimizden geleni yapmaya davet edece\u011fiz&#8221; dedi.<\/p>\n<p>Toplant\u0131n\u0131n ard\u0131ndan Toroslar Muhtarlar Derne\u011fi Ba\u015fkan Cengiz \u015eahbaz, Ba\u015fkan Y\u0131lmaz&#8217;a t\u00fcm muhtarlar ad\u0131na te\u015fekk\u00fcr ederek \u00e7i\u00e7ek takdim etti.<\/p>\n<p>Program, toplu foto\u011fraf \u00e7ekimiyle sona erdi. Ba\u015fkan Y\u0131lmaz, mahalle muhtarlar\u0131na kalpak hediye ederek, tek tek sohbet etti.<\/p>\n","protected":false},"excerpt":{"rendered":"<p>Mersinliler; Geleneksel 3 Ocak Zafer Y\u00fcr\u00fcy\u00fc\u015f\u00fc&#8217;nde bir araya gelerek, kalpaklar\u0131yla, bayraklar\u0131yla, mar\u015flarla, mehteran e\u015fli\u011finde Toroslar&#8217;dan Cumhuriyet Meydan\u0131&#8217;na kadar el ele, omuz omuza y\u00fcr\u00fcyecek. Toroslar Belediyesinin; 3 Ocak Mersin&#8217;in D\u00fc\u015fman \u0130\u015fgali&#8217;nden &hellip; <a href=\"https:\/\/akdenizolaygazetesi.com\/?p=23241\" class=\"more-link\">Devam\u0131n\u0131 Oku&#8230;<\/a><\/p>\n","protected":false},"author":2,"featured_media":23242,"comment_status":"open","ping_status":"open","sticky":false,"template":"","format":"standard","meta":[],"categories":[34,2,3],"tags":[],"_links":{"self":[{"href":"https:\/\/akdenizolaygazetesi.com\/index.php?rest_route=\/wp\/v2\/posts\/23241"}],"collection":[{"href":"https:\/\/akdenizolaygazetesi.com\/index.php?rest_route=\/wp\/v2\/posts"}],"about":[{"href":"https:\/\/akdenizolaygazetesi.com\/index.php?rest_route=\/wp\/v2\/types\/post"}],"author":[{"embeddable":true,"href":"https:\/\/akdenizolaygazetesi.com\/index.php?rest_route=\/wp\/v2\/users\/2"}],"replies":[{"embeddable":true,"href":"https:\/\/akdenizolaygazetesi.com\/index.php?rest_route=%2Fwp%2Fv2%2Fcomments&post=23241"}],"version-history":[{"count":1,"href":"https:\/\/akdenizolaygazetesi.com\/index.php?rest_route=\/wp\/v2\/posts\/23241\/revisions"}],"predecessor-version":[{"id":23243,"href":"https:\/\/akdenizolaygazetesi.com\/index.php?rest_route=\/wp\/v2\/posts\/23241\/revisions\/23243"}],"wp:featuredmedia":[{"embeddable":true,"href":"https:\/\/akdenizolaygazetesi.com\/index.php?rest_route=\/wp\/v2\/media\/23242"}],"wp:attachment":[{"href":"https:\/\/akdenizolaygazetesi.com\/index.php?rest_route=%2Fwp%2Fv2%2Fmedia&parent=23241"}],"wp:term":[{"taxonomy":"category","embeddable":true,"href":"https:\/\/akdenizolaygazetesi.com\/index.php?rest_route=%2Fwp%2Fv2%2Fcategories&post=23241"},{"taxonomy":"post_tag","embeddable":true,"href":"https:\/\/akdenizolaygazetesi.com\/index.php?rest_route=%2Fwp%2Fv2%2Ftags&post=23241"}],"curies":[{"name":"wp","href":"https:\/\/api.w.org\/{rel}","templated":true}]}}