{"id":23244,"date":"2022-12-31T18:53:40","date_gmt":"2022-12-31T15:53:40","guid":{"rendered":"http:\/\/akdenizolaygazetesi.com\/?p=23244"},"modified":"2022-12-31T18:53:40","modified_gmt":"2022-12-31T15:53:40","slug":"halk-kart-sahiplerine-yeni-yilda-mujde","status":"publish","type":"post","link":"https:\/\/akdenizolaygazetesi.com\/?p=23244","title":{"rendered":"HALK KART SAH\u0130PLER\u0130NE YEN\u0130 YILDA M\u00dcJDE"},"content":{"rendered":"<p>Mersin B\u00fcy\u00fck\u015fehir Belediyesi&#8217;nin dar gelirli vatanda\u015flara y\u00f6nelik en \u00f6nemli hizmetlerinden biri olan Halk Kart&#8217;\u0131n tutarlar\u0131 art\u0131r\u0131ld\u0131. 2023 y\u0131l\u0131 ile birlikte adeta m\u00fcjde gibi gelen tutar art\u0131r\u0131m\u0131, vatanda\u015flar\u0131n i\u00e7ini rahatlatt\u0131.<\/p>\n<p>Halk Kart uygulamas\u0131ndan yakla\u015f\u0131k 11 bin 500 ki\u015fi yararlan\u0131yor<\/p>\n<p>Sosyal Hizmetler Dairesi b\u00fcnyesinde verilen Halk Kart hizmetinden yararlanan yakla\u015f\u0131k 11 bin 500 vatanda\u015f, B\u00fcy\u00fck\u015fehir&#8217;den m\u00fcjdeli haberi ald\u0131. Ekonomik anlamda s\u0131k\u0131nt\u0131l\u0131 s\u00fcre\u00e7ler devam ederken, 2023 y\u0131l\u0131 i\u00e7in Halk Kart tutarlar\u0131n\u0131 art\u0131ran B\u00fcy\u00fck\u015fehir Belediyesi, uygulamadan faydalanan vatanda\u015flar\u0131 sevindirdi. Halk Kart&#8217;ta, 2022 y\u0131l\u0131nda alt limit olan 150 TL %100&#8217;l\u00fck art\u0131\u015fla 300 TL olurken, \u00fcst limit olan 270 TL&#8217;de %100&#8217;e yak\u0131n bir art\u0131\u015fla 500 TL oldu.<\/p>\n<p>Son g\u00fcnlerde artan ekonomik s\u0131k\u0131nt\u0131lar nedeniyle bir s\u00fcredir tutar art\u0131\u015f\u0131 \u00e7al\u0131\u015fmalar\u0131n\u0131 y\u00fcr\u00fcten Mersin B\u00fcy\u00fck\u015fehir Belediyesi, 2023 y\u0131l\u0131 Ocak ay\u0131ndan itibaren ge\u00e7erli olacak olan Halk Kart miktarlar\u0131n\u0131n art\u0131\u015f\u0131 ile hem vatanda\u015f\u0131n, hem de esnaf\u0131n y\u00fcz\u00fcn\u00fc g\u00fcld\u00fcrecek.<\/p>\n<p>Y\u0131ld\u0131r\u0131m: &#8220;Halk Kart limitlerinde %100&#8217;e yak\u0131n art\u0131\u015f sa\u011flad\u0131k&#8221;<\/p>\n<p>Sosyal Hizmetler Dairesi Ba\u015fkan\u0131 Engin Y\u0131ld\u0131r\u0131m, Halk Kart projesini \u00f6zetleyerek, yap\u0131lan limit art\u0131\u015flar\u0131n\u0131 anlatt\u0131. Y\u0131ld\u0131r\u0131m, &#8220;Bu proje; al\u0131\u015fveri\u015f yap\u0131lan yerler zincir marketler yerine yerel marketlerimiz oldu\u011fu i\u00e7in, hem vatanda\u015flar\u0131m\u0131za hem de esnaf\u0131m\u0131za katk\u0131s\u0131 olan bir proje. Biz bu projemizde vermi\u015f oldu\u011fumuz limitleri 2023 y\u0131l\u0131 i\u00e7in art\u0131rd\u0131k. 150 TL&#8217;yi 300 TL olarak, 270 TL&#8217;yi de 500 TL olarak belirleyerek, %100&#8217;e yak\u0131n bir art\u0131\u015f sa\u011flad\u0131k. Son zamanlarda vatanda\u015flar\u0131m\u0131z\u0131n ekonomik ve sosyal durum a\u00e7\u0131s\u0131ndan ya\u015fad\u0131\u011f\u0131 s\u0131k\u0131nt\u0131n\u0131n fark\u0131nday\u0131z. Ba\u015fkan\u0131m\u0131z\u0131n da takdiriyle, ayl\u0131k ortalama 11 bin 500 ki\u015finin yararland\u0131\u011f\u0131 Halk Kart hizmetimizde, Ocak ay\u0131ndan itibaren art\u0131\u015fl\u0131 tutarlar ge\u00e7erli olacak&#8221; dedi.<\/p>\n","protected":false},"excerpt":{"rendered":"<p>Mersin B\u00fcy\u00fck\u015fehir Belediyesi&#8217;nin dar gelirli vatanda\u015flara y\u00f6nelik en \u00f6nemli hizmetlerinden biri olan Halk Kart&#8217;\u0131n tutarlar\u0131 art\u0131r\u0131ld\u0131. 2023 y\u0131l\u0131 ile birlikte adeta m\u00fcjde gibi gelen tutar art\u0131r\u0131m\u0131, vatanda\u015flar\u0131n i\u00e7ini rahatlatt\u0131. Halk &hellip; <a href=\"https:\/\/akdenizolaygazetesi.com\/?p=23244\" class=\"more-link\">Devam\u0131n\u0131 Oku&#8230;<\/a><\/p>\n","protected":false},"author":2,"featured_media":23246,"comment_status":"open","ping_status":"open","sticky":false,"template":"","format":"standard","meta":[],"categories":[1,2,3,5],"tags":[],"_links":{"self":[{"href":"https:\/\/akdenizolaygazetesi.com\/index.php?rest_route=\/wp\/v2\/posts\/23244"}],"collection":[{"href":"https:\/\/akdenizolaygazetesi.com\/index.php?rest_route=\/wp\/v2\/posts"}],"about":[{"href":"https:\/\/akdenizolaygazetesi.com\/index.php?rest_route=\/wp\/v2\/types\/post"}],"author":[{"embeddable":true,"href":"https:\/\/akdenizolaygazetesi.com\/index.php?rest_route=\/wp\/v2\/users\/2"}],"replies":[{"embeddable":true,"href":"https:\/\/akdenizolaygazetesi.com\/index.php?rest_route=%2Fwp%2Fv2%2Fcomments&post=23244"}],"version-history":[{"count":1,"href":"https:\/\/akdenizolaygazetesi.com\/index.php?rest_route=\/wp\/v2\/posts\/23244\/revisions"}],"predecessor-version":[{"id":23247,"href":"https:\/\/akdenizolaygazetesi.com\/index.php?rest_route=\/wp\/v2\/posts\/23244\/revisions\/23247"}],"wp:featuredmedia":[{"embeddable":true,"href":"https:\/\/akdenizolaygazetesi.com\/index.php?rest_route=\/wp\/v2\/media\/23246"}],"wp:attachment":[{"href":"https:\/\/akdenizolaygazetesi.com\/index.php?rest_route=%2Fwp%2Fv2%2Fmedia&parent=23244"}],"wp:term":[{"taxonomy":"category","embeddable":true,"href":"https:\/\/akdenizolaygazetesi.com\/index.php?rest_route=%2Fwp%2Fv2%2Fcategories&post=23244"},{"taxonomy":"post_tag","embeddable":true,"href":"https:\/\/akdenizolaygazetesi.com\/index.php?rest_route=%2Fwp%2Fv2%2Ftags&post=23244"}],"curies":[{"name":"wp","href":"https:\/\/api.w.org\/{rel}","templated":true}]}}