{"id":23248,"date":"2022-12-31T18:56:37","date_gmt":"2022-12-31T15:56:37","guid":{"rendered":"http:\/\/akdenizolaygazetesi.com\/?p=23248"},"modified":"2022-12-31T18:56:37","modified_gmt":"2022-12-31T15:56:37","slug":"baskan-gultak-yillardir-isgal-ve-ranta-goz-yumulan-15-bin-metrekarelik-alanda-incelemelerde-bulundu","status":"publish","type":"post","link":"https:\/\/akdenizolaygazetesi.com\/?p=23248","title":{"rendered":"Ba\u015fkan G\u00fcltak y\u0131llard\u0131r i\u015fgal ve ranta g\u00f6z yumulan 15 bin metrekarelik alanda incelemelerde bulundu"},"content":{"rendered":"<p>Ba\u015fkan G\u00fcltak, Akdeniz Belediyesi\u2019ne ait olan ve y\u0131llarca i\u015fgal edilip ranta teslim edilen 15 d\u00f6n\u00fcml\u00fck alanda incelemelerde bulundu. Akdeniz\u2019de bir\u00e7ok yerin i\u015fgal alt\u0131nda oldu\u011funu belirten Ba\u015fkan G\u00fcltak; \u201cBu sene i\u00e7inde bir\u00e7ok yerimizi i\u015fgalden kurtard\u0131k. Halen mahkemesi devam eden yerler de var. Toplamda 15 d\u00f6n\u00fcml\u00fck bu araziyi de Akdeniz Belediyemize kazand\u0131rd\u0131k. Milletin mal\u0131n\u0131 millete yeniden iade ediyoruz\u201d dedi.<br \/>\n\u0130mar plan\u0131nda \u2018park alan\u0131\u2019 olup, imar uygulamas\u0131yla da \u2018kamusal alan\u2019 olarak tescil edilen ancak y\u0131llard\u0131r ba\u015fka ki\u015filerin i\u015fgali alt\u0131nda olan \u015eevket S\u00fcmer Mahallesi&#8217;nde, Akdeniz Belediyesi\u2019ne ait olan 15 d\u00f6n\u00fcm b\u00fcy\u00fckl\u00fc\u011f\u00fcndeki alan tahliye edilerek tekrar belediyeye kazand\u0131r\u0131ld\u0131. Turgut \u00d6zal Bulvar\u0131 \u00fczerinde bulunan ve y\u0131llarca TIR garaj\u0131 olarak kullan\u0131lan, ge\u00e7ti\u011fimiz aylarda ise tahliye edilip y\u0131k\u0131m\u0131 ger\u00e7ekle\u015ftirilen alanda incelemelerde bulunan Akdeniz Belediye Ba\u015fkan\u0131 M. Mustafa G\u00fcltak, Akdenizlilerin \u00f6z mal\u0131 olan bir alan\u0131 belediyeye kazand\u0131rd\u0131klar\u0131 i\u00e7in mutlu ve gururlu olduklar\u0131n\u0131 ifade etti.<br \/>\n\u201cAkdeniz sakinlerinin hakk\u0131n\u0131 i\u015fgalden kurtard\u0131k\u201d<br \/>\nAlanda daha \u00f6nceleri bir TIR garaj\u0131 oldu\u011funu belirterek \u201cPeki, bu garaj\u0131n burada ne i\u015fi vard\u0131?\u201d diye soran Ba\u015fkan Mustafa G\u00fcltak, s\u00f6zlerini \u015f\u00f6yle s\u00fcrd\u00fcrd\u00fc; \u201cBu alan ge\u00e7mi\u015f y\u00f6netimlerin kendilerine yak\u0131n olan insanlara pe\u015fke\u015f \u00e7ektikleri alanlardan bir tanesiydi. Biz burayla daval\u0131k olduk ve kazand\u0131k. Davalar\u0131n sona ermesinin ard\u0131ndan vatanda\u015flar\u0131 hemen tahliye ettik. Burada yer alan TIR garaj\u0131n\u0131n y\u0131k\u0131m\u0131n\u0131 emniyet g\u00fc\u00e7lerimizin deste\u011fi ile ger\u00e7ekle\u015ftirdik ve buras\u0131 art\u0131k Akdeniz Belediyesinin, Akdeniz\u2019de ya\u015fayan insanlar\u0131n mal\u0131 oldu. Hemen kuzey tarafta da \u00c7evre M\u00fcd\u00fcrl\u00fc\u011f\u00fcn\u00fcn yeri de ayn\u0131 \u015fekildeydi ve birileri taraf\u0131ndan i\u015fgal alt\u0131ndayd\u0131. Her iki taraf\u0131 da i\u015fgalden kurtard\u0131k.\u201d<br \/>\n\u201cMilletin mal\u0131n\u0131 millete yeniden iade ediyoruz\u201d<br \/>\nToplamda 15 d\u00f6n\u00fcm araziyi Akdeniz Belediyesi\u2019nin kazanc\u0131na \u00e7evirdiklerini s\u00f6zlerine ekleyen Ba\u015fkan G\u00fcltak, \u201c\u00c7evre Kontrol M\u00fcd\u00fcrl\u00fc\u011f\u00fcm\u00fcz\u00fc buraya ta\u015f\u0131d\u0131k ve yak\u0131n zamanda Fen \u0130\u015fleri M\u00fcd\u00fcrl\u00fc\u011f\u00fcn\u00fc de ta\u015f\u0131yaca\u011f\u0131z. \u015eu an alanda temizlik yap\u0131l\u0131yor. \u0130hata duvarlar\u0131n\u0131 \u00e7evirece\u011fiz ve \u00c7evre Koruma M\u00fcd\u00fcrl\u00fc\u011f\u00fc, Park ve Bah\u00e7eler M\u00fcd\u00fcrl\u00fc\u011f\u00fc, Fen \u0130\u015fleri M\u00fcd\u00fcrl\u00fc\u011f\u00fcn\u00fc Akdeniz\u2019in ortas\u0131nda yer alan, ula\u015f\u0131m\u0131n da kolay oldu\u011fu bu alana ta\u015f\u0131y\u0131p b\u00f6ylelikle hizmet birimlerimizi yan yana getirmi\u015f olaca\u011f\u0131z. Daha \u00f6ncesinde Y\u0131lmaz G\u00fcney Park\u0131 da ayn\u0131 \u015fekilde birilerine pe\u015fke\u015f \u00e7ekilmi\u015fti. Asl\u0131nda Akdeniz\u2019de bir\u00e7ok yer i\u015fgal alt\u0131ndayd\u0131. Bu sene i\u00e7erisinde \u00e7o\u011fu yerimizi i\u015fgalden kurtard\u0131k. Halen mahkemesi devam eden yerler de var. Milletin mal\u0131n\u0131 millete yeniden iade ediyoruz. Bu hizmetlerimizden dolay\u0131 gururluyuz. Bundan sonra Akdeniz\u2019in mallar\u0131 kimseye pe\u015fke\u015f \u00e7ekilmeyecek\u201d ifadelerini kulland\u0131&#8230;<\/p>\n","protected":false},"excerpt":{"rendered":"<p>Ba\u015fkan G\u00fcltak, Akdeniz Belediyesi\u2019ne ait olan ve y\u0131llarca i\u015fgal edilip ranta teslim edilen 15 d\u00f6n\u00fcml\u00fck alanda incelemelerde bulundu. Akdeniz\u2019de bir\u00e7ok yerin i\u015fgal alt\u0131nda oldu\u011funu belirten Ba\u015fkan G\u00fcltak; \u201cBu sene i\u00e7inde &hellip; <a href=\"https:\/\/akdenizolaygazetesi.com\/?p=23248\" class=\"more-link\">Devam\u0131n\u0131 Oku&#8230;<\/a><\/p>\n","protected":false},"author":2,"featured_media":23249,"comment_status":"open","ping_status":"open","sticky":false,"template":"","format":"standard","meta":[],"categories":[8,1,2,3,5,6],"tags":[],"_links":{"self":[{"href":"https:\/\/akdenizolaygazetesi.com\/index.php?rest_route=\/wp\/v2\/posts\/23248"}],"collection":[{"href":"https:\/\/akdenizolaygazetesi.com\/index.php?rest_route=\/wp\/v2\/posts"}],"about":[{"href":"https:\/\/akdenizolaygazetesi.com\/index.php?rest_route=\/wp\/v2\/types\/post"}],"author":[{"embeddable":true,"href":"https:\/\/akdenizolaygazetesi.com\/index.php?rest_route=\/wp\/v2\/users\/2"}],"replies":[{"embeddable":true,"href":"https:\/\/akdenizolaygazetesi.com\/index.php?rest_route=%2Fwp%2Fv2%2Fcomments&post=23248"}],"version-history":[{"count":1,"href":"https:\/\/akdenizolaygazetesi.com\/index.php?rest_route=\/wp\/v2\/posts\/23248\/revisions"}],"predecessor-version":[{"id":23250,"href":"https:\/\/akdenizolaygazetesi.com\/index.php?rest_route=\/wp\/v2\/posts\/23248\/revisions\/23250"}],"wp:featuredmedia":[{"embeddable":true,"href":"https:\/\/akdenizolaygazetesi.com\/index.php?rest_route=\/wp\/v2\/media\/23249"}],"wp:attachment":[{"href":"https:\/\/akdenizolaygazetesi.com\/index.php?rest_route=%2Fwp%2Fv2%2Fmedia&parent=23248"}],"wp:term":[{"taxonomy":"category","embeddable":true,"href":"https:\/\/akdenizolaygazetesi.com\/index.php?rest_route=%2Fwp%2Fv2%2Fcategories&post=23248"},{"taxonomy":"post_tag","embeddable":true,"href":"https:\/\/akdenizolaygazetesi.com\/index.php?rest_route=%2Fwp%2Fv2%2Ftags&post=23248"}],"curies":[{"name":"wp","href":"https:\/\/api.w.org\/{rel}","templated":true}]}}