{"id":2325,"date":"2020-11-04T18:22:50","date_gmt":"2020-11-04T15:22:50","guid":{"rendered":"http:\/\/mersinekonomipolitikagazetesi.com\/?p=2325"},"modified":"2020-11-04T18:22:50","modified_gmt":"2020-11-04T15:22:50","slug":"acik-ve-seffaf-olalim","status":"publish","type":"post","link":"https:\/\/akdenizolaygazetesi.com\/?p=2325","title":{"rendered":"&#8220;A\u00c7IK VE \u015eEFFAF OLALIM&#8221;"},"content":{"rendered":"<p>Sa\u011fl\u0131k-Sen Mersin \u015eubesi Y\u00f6netim Kurulu \u015eube Ba\u015fkan\u0131 Ad\u0131na Konu\u015fan \u015eemsettin Karado\u011fan  kongre s\u00fcrecinde ya\u015fanan olaylarla ilgili bir a\u00e7\u0131klama yapt\u0131. Olaylar\u0131n baz\u0131 bas\u0131n organlar\u0131 taraf\u0131ndan \u00e7arpt\u0131r\u0131ld\u0131\u011f\u0131n\u0131 yanl\u0131\u015f y\u00f6ne alg\u0131land\u0131\u011f\u0131n\u0131 dile getiren Karado\u011fan a\u00e7\u0131klamalar\u0131na \u015f\u00f6yle devam etti;<\/p>\n<p>\u00a0 \u00a0 \u00a0 \u00a0 \u00a0 \u00a0 \u00a0 \u00a0 \u00a0 \u00a0 \u00a0 \u00a0 \u00a0 \u00a0 \u00a0 \u00a0 \u00a0 \u00a0 \u00a0 \u00a0 \u00a0 \u00a0 \u00a0<br \/>\nBilindi\u011fi \u00fczere sendikam\u0131z t\u00fcz\u00fc\u011f\u00fc gere\u011fi kongre s\u00fcrecindeki Sa\u011fl\u0131k-Sen Mersin \u015eube Ba\u015fkanl\u0131\u011f\u0131m\u0131z\u0131n delege se\u00e7imlerini hastanelerimiz ve di\u011fer sa\u011fl\u0131k kurulu\u015flar\u0131m\u0131zda ger\u00e7ekle\u015ftiriyoruz.<br \/>\nDemokrasinin bir gere\u011fi olarak \u00fcyelerimizin iradesinin sand\u0131\u011fa yans\u0131d\u0131\u011f\u0131 delege se\u00e7imlerimize s\u00fcre\u00e7 ba\u015flad\u0131\u011f\u0131 andan itibaren maalesef \u00e7e\u015fitli m\u00fcdahaleler olmu\u015f ve bunlar olmaya da devam etmektedir. \u00d6zellikle Mersin\u2019deki baz\u0131 sa\u011fl\u0131k idarecilerinin se\u00e7im s\u00fcrecimize do\u011frudan m\u00fcdahaleleri oldu\u011funusbilmekteyiz.<br \/>\nBizler sa\u011fl\u0131k \u00e7al\u0131\u015fanlar\u0131n\u0131n yetkili sendikas\u0131 Sa\u011fl\u0131k-Sen olarak Mersin\u2019deki sa\u011fl\u0131k \u00e7al\u0131\u015fanlar\u0131m\u0131z\u0131n sorunlar\u0131n\u0131 her zaman dillendiriyor, ilgili makamlarla payla\u015f\u0131yor, sorunlar\u0131n \u00e7\u00f6z\u00fcm\u00fc i\u00e7in \u00e7aba g\u00f6steriyoruz. Ancak g\u00f6rmekteyiz ki sorunlar\u0131 \u00e7\u00f6zmekle y\u00fck\u00fcml\u00fc makamlarda bulunan baz\u0131 idareciler kendi asli g\u00f6revlerini b\u0131rak\u0131p sendikam\u0131z\u0131n i\u015flerine m\u00fcdahil olmaya \u00e7al\u0131\u015fmaktad\u0131rlar.\u00a0<br \/>\nBu idarecilere buradan \u00e7a\u011fr\u0131 yap\u0131yorum. Madem sendikac\u0131l\u0131\u011fa hevesiniz var, makamlar\u0131n\u0131z\u0131 b\u0131rak\u0131n buyrun gelin sendikac\u0131l\u0131k yap\u0131n! E\u011fer bu \u00e7a\u011fr\u0131m\u0131za uymuyorsan\u0131z da kendi i\u015finizi yap\u0131n! Bizler hi\u00e7bir \u00fcyemizin iradesine ipotek konulmas\u0131na m\u00fcsaade etmedik, etmeyece\u011fiz de.<br \/>\n\u00a0 \u00a0 \u00a0 \u00a0 \u00a0\u00a0<br \/>\n\u00a0Yukar\u0131da bahsetti\u011fim delege se\u00e7imlerine m\u00fcdahil olma hevesi i\u00e7inde olan baz\u0131 idarecilerin bu davran\u0131\u015flar\u0131n\u0131n bir sonucunu da maalesef d\u00fcn Toros Devlet Hastanesi\u2019nde ya\u015fad\u0131k.\u00a0<\/p>\n<p>Toros Devlet Hastanesi delege se\u00e7imleri i\u00e7in d\u00fcn arkada\u015flar\u0131m\u0131zla hastanedeydik.\u00a0<br \/>\nOy verme s\u00fcreci devam ederken ayn\u0131 hastanede g\u00f6rev yapan Sorumlu Hem\u015fire Mustafa Duruel isimli \u015fah\u0131s sendikam\u0131za \u00fcye olmamas\u0131na ra\u011fmen delege se\u00e7imlerimize m\u00fcdahale etmeye \u00e7al\u0131\u015fm\u0131\u015ft\u0131r. Ayn\u0131 hastanede daha \u00f6nce Ba\u015fhekimlik yapt\u0131\u011f\u0131 i\u00e7in tan\u0131d\u0131\u011f\u0131m bir doktor arkada\u015f\u0131m\u0131za, Mustafa Duruel isimli \u015fah\u0131s sendikam\u0131zda bize kar\u015f\u0131 aday olan arkada\u015flar\u0131m\u0131z\u0131n listesini cebinden \u00e7\u0131kard\u0131\u011f\u0131 ka\u011f\u0131tla g\u00f6stererek doktor arkada\u015f\u0131m\u0131z\u0131 etki alt\u0131na almaya \u00e7al\u0131\u015fm\u0131\u015ft\u0131r. Sa\u011fl\u0131k-Sen Mersin \u015eube Ba\u015fkan\u0131 olarak kendisine sendikam\u0131z \u00fcyesi olmad\u0131\u011f\u0131n\u0131 ve dolay\u0131s\u0131yla delege se\u00e7imlerimize neden m\u00fcdahale etti\u011fini sordum. Bu s\u0131rada Mustafa Duruel, \u015fahs\u0131ma tekme atarak sald\u0131rd\u0131 ve ard\u0131ndan g\u00f6z\u00fcm\u00fc hedef alarak parmaklar\u0131yla y\u00fcz\u00fcme sald\u0131rd\u0131. Ben de kendisini ittim, sonras\u0131nda olay yerinde bulunan arkada\u015flar\u0131m\u0131z araya girdi. B\u00fct\u00fcn bu ya\u015fananlar hastanenin g\u00fcvenlik kameralar\u0131sincelendi\u011findesortayas\u00e7\u0131kacakt\u0131r.<\/p>\n<p>A\u00e7\u0131k, \u015feffaf ve demokratik bir \u015fekilde ger\u00e7ekle\u015ftirdi\u011fimiz delege se\u00e7imlerimizde d\u00fcn Toros Devlet Hastanesi\u2019nde ya\u015fad\u0131\u011f\u0131m\u0131z olay\u0131n maksatl\u0131 ve as\u0131ls\u0131z bir \u015fekilde baz\u0131 bas\u0131n organlar\u0131nda yerald\u0131\u011f\u0131n\u0131 \u00f6\u011frenmi\u015f bulunmaktay\u0131m.\u00a0<br \/>\n\u00a0<br \/>\n\u201cSendika Y\u00f6neticisinden Sa\u011fl\u0131k Personeline \u015eiddet\u201d ba\u015fl\u0131kl\u0131 haber i\u00e7eri\u011finde yaz\u0131lanlar\u0131n tamam\u0131 yaland\u0131r. Ya\u015fanan olay\u0131n ard\u0131ndan darp raporu ald\u0131m. Gerekli \u015fikayetlerimizi ilgili yerlere ger\u00e7ekle\u015ftirdik. S\u00fcre\u00e7 bundan sonra hukuk i\u00e7erisinde i\u015fleyecektir.\u00a0<br \/>\n\u00a0 \u00a0 \u00a0 \u00a0 \u00a0<br \/>\nBizler Sa\u011fl\u0131k-Sen olarak sa\u011fl\u0131k \u00e7al\u0131\u015fanlar\u0131m\u0131z\u0131n hak ve menfaatlerini savundu\u011fumuz gibi sendikam\u0131z i\u00e7erisinde de \u00fcyelerimizin ve delegelerimizin haklar\u0131n\u0131 demokratik bir \u015fekilde savunmakla m\u00fckellefiz. Delege se\u00e7imlerimiz s\u00fcresince hele ki sendikam\u0131z \u00fcyesi olmayan ki\u015filerin s\u00fcrece m\u00fcdahale etmesi delege adaylar\u0131m\u0131za ve oy kullanan \u00fcyelerimize sayg\u0131s\u0131zl\u0131kt\u0131r \u201d diyerek\u00a0<br \/>\nkamu oyu bilgisine sundu. \u00a0<\/p>\n","protected":false},"excerpt":{"rendered":"<p>Sa\u011fl\u0131k-Sen Mersin \u015eubesi Y\u00f6netim Kurulu \u015eube Ba\u015fkan\u0131 Ad\u0131na Konu\u015fan \u015eemsettin Karado\u011fan kongre s\u00fcrecinde ya\u015fanan olaylarla ilgili bir a\u00e7\u0131klama yapt\u0131. Olaylar\u0131n baz\u0131 bas\u0131n organlar\u0131 taraf\u0131ndan \u00e7arpt\u0131r\u0131ld\u0131\u011f\u0131n\u0131 yanl\u0131\u015f y\u00f6ne alg\u0131land\u0131\u011f\u0131n\u0131 dile getiren &hellip; <a href=\"https:\/\/akdenizolaygazetesi.com\/?p=2325\" class=\"more-link\">Devam\u0131n\u0131 Oku&#8230;<\/a><\/p>\n","protected":false},"author":1,"featured_media":0,"comment_status":"open","ping_status":"open","sticky":false,"template":"","format":"standard","meta":[],"categories":[],"tags":[],"_links":{"self":[{"href":"https:\/\/akdenizolaygazetesi.com\/index.php?rest_route=\/wp\/v2\/posts\/2325"}],"collection":[{"href":"https:\/\/akdenizolaygazetesi.com\/index.php?rest_route=\/wp\/v2\/posts"}],"about":[{"href":"https:\/\/akdenizolaygazetesi.com\/index.php?rest_route=\/wp\/v2\/types\/post"}],"author":[{"embeddable":true,"href":"https:\/\/akdenizolaygazetesi.com\/index.php?rest_route=\/wp\/v2\/users\/1"}],"replies":[{"embeddable":true,"href":"https:\/\/akdenizolaygazetesi.com\/index.php?rest_route=%2Fwp%2Fv2%2Fcomments&post=2325"}],"version-history":[{"count":0,"href":"https:\/\/akdenizolaygazetesi.com\/index.php?rest_route=\/wp\/v2\/posts\/2325\/revisions"}],"wp:attachment":[{"href":"https:\/\/akdenizolaygazetesi.com\/index.php?rest_route=%2Fwp%2Fv2%2Fmedia&parent=2325"}],"wp:term":[{"taxonomy":"category","embeddable":true,"href":"https:\/\/akdenizolaygazetesi.com\/index.php?rest_route=%2Fwp%2Fv2%2Fcategories&post=2325"},{"taxonomy":"post_tag","embeddable":true,"href":"https:\/\/akdenizolaygazetesi.com\/index.php?rest_route=%2Fwp%2Fv2%2Ftags&post=2325"}],"curies":[{"name":"wp","href":"https:\/\/api.w.org\/{rel}","templated":true}]}}