{"id":23254,"date":"2022-12-31T19:00:55","date_gmt":"2022-12-31T16:00:55","guid":{"rendered":"http:\/\/akdenizolaygazetesi.com\/?p=23254"},"modified":"2022-12-31T19:00:55","modified_gmt":"2022-12-31T16:00:55","slug":"6-yasindaki-kiza-cinsel-istismar-iddiasi-imam-eniste-komsu-isin-icinde","status":"publish","type":"post","link":"https:\/\/akdenizolaygazetesi.com\/?p=23254","title":{"rendered":"&#8216;6 YA\u015eINDAK\u0130 KIZA C\u0130NSEL \u0130ST\u0130SMAR \u0130DD\u0130ASI; \u0130MAM EN\u0130\u015eTE KOM\u015eU \u0130\u015e\u0130N \u0130\u00c7\u0130NDE&#8217;"},"content":{"rendered":"<p>T\u00fcrkiye&#8217;yi sarsan ve infial yaratan &#8216;tarikatta 6 ya\u015f\u0131ndaki \u00e7ocu\u011fa cinsel istismar&#8217; skandal\u0131 sonras\u0131 benzer bir olay\u0131n Mersin Anamur\u2019da ya\u015fand\u0131\u011f\u0131 ortaya \u00e7\u0131kt\u0131.<\/p>\n<p>Mersin Anamur\u2019da 12 ya\u015f\u0131ndaki k\u0131z \u00e7ocu\u011funun \u00f6nce 6 ya\u015f\u0131ndayken k\u00f6y\u00fcn imam\u0131; \u015fimdilerde ise 2 eni\u015ftesi ve bir kom\u015fusu taraf\u0131ndan istismar edildi\u011fi iddia edildi.<\/p>\n<p>Konuyu ve davay\u0131 takip eden CHP Mersin Milletvekili Alpay Antmen \u015fu a\u00e7\u0131klamay\u0131 yapt\u0131:<\/p>\n<p>\u201cK\u0131z \u00e7ocu\u011fumuz 6 y\u0131l \u00f6nce k\u00f6y\u00fcn imam\u0131 taraf\u0131ndan istismar edildi\u011fi iddias\u0131 var. Olay kapat\u0131l\u0131yor. Bu y\u0131llar sonras\u0131nda ise k\u0131z \u00e7ocu\u011funun iki eni\u015ftesi ve bir kom\u015fusu taraf\u0131ndan da istismar edildi\u011fi ifade ediliyor.<\/p>\n<p>K\u0131z\u0131n okuldaki \u00f6\u011fretmenleri Anamur Sosyal Hizmet Merkezi M\u00fcd\u00fcrl\u00fc\u011f\u00fcyle irtibata ge\u00e7iyor. Ard\u0131ndan benimle de temas kurdular. \u00c7ocu\u011fumuz \u015fimdi koruma alt\u0131nda. Babas\u0131 olmayan yavrumuzun annesi de kendisine bakamayacak durumda.<\/p>\n<p>Savc\u0131l\u0131k soru\u015fturma a\u00e7t\u0131. K\u0131z \u00e7ocu\u011fumuz \u015fu anda 12 ya\u015f\u0131nda. \u0130stismar edilmeye 6 ya\u015f\u0131ndayken ba\u015flanm\u0131\u015f. \u0130mam\u0131n da i\u00e7inde oldu\u011fu failler g\u00f6zalt\u0131na al\u0131n\u0131p adliyeye sevk edildi, savc\u0131l\u0131k tutuklama istedi ancak mahkeme d\u00f6rt ki\u015fiyi de serbest b\u0131rakt\u0131. \u015eimdi Anamur Ba\u015fsavc\u0131l\u0131\u011f\u0131 karara itiraz ediyor. Ben \u00e7ocu\u011fun \u00fcst\u00fcn yarar\u0131 nedeniyle okul veya isim vermeyece\u011fim. Konunun da sonuna kadar takip\u00e7isi olaca\u011f\u0131m. Bu olaylar maalesef her ge\u00e7en g\u00fcn art\u0131yor. Bunu me\u015frula\u015ft\u0131ran, aklayan, bireysel olaylarm\u0131\u015f gibi sunan baz\u0131 iktidar \u00e7evrelerince bu olaylar\u0131n \u00f6n\u00fc a\u00e7\u0131l\u0131yor. Bir kereden bir kez olmaz anlay\u0131\u015f\u0131n\u0131n ac\u0131 bir sonucudur bu. Bu olay\u0131 a\u00e7\u0131\u011fa \u00e7\u0131kart\u0131p \u00fczerine giden \u00f6\u011fretmenlerimize de te\u015fekk\u00fcr ediyorum\u201d<\/p>\n","protected":false},"excerpt":{"rendered":"<p>T\u00fcrkiye&#8217;yi sarsan ve infial yaratan &#8216;tarikatta 6 ya\u015f\u0131ndaki \u00e7ocu\u011fa cinsel istismar&#8217; skandal\u0131 sonras\u0131 benzer bir olay\u0131n Mersin Anamur\u2019da ya\u015fand\u0131\u011f\u0131 ortaya \u00e7\u0131kt\u0131. Mersin Anamur\u2019da 12 ya\u015f\u0131ndaki k\u0131z \u00e7ocu\u011funun \u00f6nce 6 ya\u015f\u0131ndayken &hellip; <a href=\"https:\/\/akdenizolaygazetesi.com\/?p=23254\" class=\"more-link\">Devam\u0131n\u0131 Oku&#8230;<\/a><\/p>\n","protected":false},"author":2,"featured_media":23255,"comment_status":"open","ping_status":"open","sticky":false,"template":"","format":"standard","meta":[],"categories":[3],"tags":[],"_links":{"self":[{"href":"https:\/\/akdenizolaygazetesi.com\/index.php?rest_route=\/wp\/v2\/posts\/23254"}],"collection":[{"href":"https:\/\/akdenizolaygazetesi.com\/index.php?rest_route=\/wp\/v2\/posts"}],"about":[{"href":"https:\/\/akdenizolaygazetesi.com\/index.php?rest_route=\/wp\/v2\/types\/post"}],"author":[{"embeddable":true,"href":"https:\/\/akdenizolaygazetesi.com\/index.php?rest_route=\/wp\/v2\/users\/2"}],"replies":[{"embeddable":true,"href":"https:\/\/akdenizolaygazetesi.com\/index.php?rest_route=%2Fwp%2Fv2%2Fcomments&post=23254"}],"version-history":[{"count":1,"href":"https:\/\/akdenizolaygazetesi.com\/index.php?rest_route=\/wp\/v2\/posts\/23254\/revisions"}],"predecessor-version":[{"id":23256,"href":"https:\/\/akdenizolaygazetesi.com\/index.php?rest_route=\/wp\/v2\/posts\/23254\/revisions\/23256"}],"wp:featuredmedia":[{"embeddable":true,"href":"https:\/\/akdenizolaygazetesi.com\/index.php?rest_route=\/wp\/v2\/media\/23255"}],"wp:attachment":[{"href":"https:\/\/akdenizolaygazetesi.com\/index.php?rest_route=%2Fwp%2Fv2%2Fmedia&parent=23254"}],"wp:term":[{"taxonomy":"category","embeddable":true,"href":"https:\/\/akdenizolaygazetesi.com\/index.php?rest_route=%2Fwp%2Fv2%2Fcategories&post=23254"},{"taxonomy":"post_tag","embeddable":true,"href":"https:\/\/akdenizolaygazetesi.com\/index.php?rest_route=%2Fwp%2Fv2%2Ftags&post=23254"}],"curies":[{"name":"wp","href":"https:\/\/api.w.org\/{rel}","templated":true}]}}