{"id":23260,"date":"2023-01-01T15:21:45","date_gmt":"2023-01-01T12:21:45","guid":{"rendered":"http:\/\/akdenizolaygazetesi.com\/?p=23260"},"modified":"2023-01-01T15:21:45","modified_gmt":"2023-01-01T12:21:45","slug":"baskan-secer-yilin-son-gunu-tarsustaydi","status":"publish","type":"post","link":"https:\/\/akdenizolaygazetesi.com\/?p=23260","title":{"rendered":"BA\u015eKAN SE\u00c7ER, YILIN SON G\u00dcN\u00dc TARSUS&#8217;TAYDI"},"content":{"rendered":"<p>G\u00f6reve geldi\u011fi g\u00fcnden bu yana Mersin&#8217;e de\u011fer katacak hizmetler i\u00e7in \u00e7al\u0131\u015fmalar y\u00fcr\u00fcten B\u00fcy\u00fck\u015fehir Belediye Ba\u015fkan\u0131 Vahap Se\u00e7er, esnaf ve vatanda\u015f ziyaretlerini de aral\u0131ks\u0131z s\u00fcrd\u00fcr\u00fcyor. Y\u0131l\u0131n son g\u00fcn\u00fcnde de halkla i\u00e7 i\u00e7e olmay\u0131 ihmal etmeyen Ba\u015fkan Se\u00e7er, Tarsus&#8217;ta esnaf ve vatanda\u015flarla bir araya geldi. Esnafa, &#8216;Hay\u0131rl\u0131 i\u015fler&#8217; dileyen Se\u00e7er, vatanda\u015flarla da sohbet etti.<br \/>\n\u0130lk olarak; Yeni Mahalle&#8217;de kurulan semt pazar\u0131n\u0131 gezen Ba\u015fkan Se\u00e7er, burada pazar esnaf\u0131 ve al\u0131\u015fveri\u015f yapan vatanda\u015flarla bulu\u015ftu, taleplerini dinledi. Yarenlik Alan\u0131&#8217;ndaki esnaf\u0131 da ziyaret eden Ba\u015fkan Se\u00e7er&#8217;e yo\u011fun ilgi g\u00f6steren vatanda\u015flar, Tarsus&#8217;a yap\u0131lan hizmetlerden dolay\u0131 te\u015fekk\u00fcr etti.<br \/>\nVatanda\u015flar\u0131n yeni y\u0131l\u0131n\u0131 kutlayan Ba\u015fkan Se\u00e7er, 2023&#8217;\u00fcn ba\u015fta \u00fclkemiz olmak \u00fczere t\u00fcm d\u00fcnyaya huzur ve mutluluk getirmesini diledi.<\/p>\n","protected":false},"excerpt":{"rendered":"<p>G\u00f6reve geldi\u011fi g\u00fcnden bu yana Mersin&#8217;e de\u011fer katacak hizmetler i\u00e7in \u00e7al\u0131\u015fmalar y\u00fcr\u00fcten B\u00fcy\u00fck\u015fehir Belediye Ba\u015fkan\u0131 Vahap Se\u00e7er, esnaf ve vatanda\u015f ziyaretlerini de aral\u0131ks\u0131z s\u00fcrd\u00fcr\u00fcyor. Y\u0131l\u0131n son g\u00fcn\u00fcnde de halkla i\u00e7 &hellip; <a href=\"https:\/\/akdenizolaygazetesi.com\/?p=23260\" class=\"more-link\">Devam\u0131n\u0131 Oku&#8230;<\/a><\/p>\n","protected":false},"author":2,"featured_media":23261,"comment_status":"open","ping_status":"open","sticky":false,"template":"","format":"standard","meta":[],"categories":[3],"tags":[],"_links":{"self":[{"href":"https:\/\/akdenizolaygazetesi.com\/index.php?rest_route=\/wp\/v2\/posts\/23260"}],"collection":[{"href":"https:\/\/akdenizolaygazetesi.com\/index.php?rest_route=\/wp\/v2\/posts"}],"about":[{"href":"https:\/\/akdenizolaygazetesi.com\/index.php?rest_route=\/wp\/v2\/types\/post"}],"author":[{"embeddable":true,"href":"https:\/\/akdenizolaygazetesi.com\/index.php?rest_route=\/wp\/v2\/users\/2"}],"replies":[{"embeddable":true,"href":"https:\/\/akdenizolaygazetesi.com\/index.php?rest_route=%2Fwp%2Fv2%2Fcomments&post=23260"}],"version-history":[{"count":1,"href":"https:\/\/akdenizolaygazetesi.com\/index.php?rest_route=\/wp\/v2\/posts\/23260\/revisions"}],"predecessor-version":[{"id":23262,"href":"https:\/\/akdenizolaygazetesi.com\/index.php?rest_route=\/wp\/v2\/posts\/23260\/revisions\/23262"}],"wp:featuredmedia":[{"embeddable":true,"href":"https:\/\/akdenizolaygazetesi.com\/index.php?rest_route=\/wp\/v2\/media\/23261"}],"wp:attachment":[{"href":"https:\/\/akdenizolaygazetesi.com\/index.php?rest_route=%2Fwp%2Fv2%2Fmedia&parent=23260"}],"wp:term":[{"taxonomy":"category","embeddable":true,"href":"https:\/\/akdenizolaygazetesi.com\/index.php?rest_route=%2Fwp%2Fv2%2Fcategories&post=23260"},{"taxonomy":"post_tag","embeddable":true,"href":"https:\/\/akdenizolaygazetesi.com\/index.php?rest_route=%2Fwp%2Fv2%2Ftags&post=23260"}],"curies":[{"name":"wp","href":"https:\/\/api.w.org\/{rel}","templated":true}]}}