{"id":23263,"date":"2023-01-01T15:23:06","date_gmt":"2023-01-01T12:23:06","guid":{"rendered":"http:\/\/akdenizolaygazetesi.com\/?p=23263"},"modified":"2023-01-01T15:23:06","modified_gmt":"2023-01-01T12:23:06","slug":"soguk-kis-gunlerinde-mersinlilerin-ici-sifali-icecek-kaynarla-isiniyor","status":"publish","type":"post","link":"https:\/\/akdenizolaygazetesi.com\/?p=23263","title":{"rendered":"SO\u011eUK KI\u015e G\u00dcNLER\u0130NDE MERS\u0130NL\u0130LER\u0130N \u0130\u00c7\u0130 \u015e\u0130FALI \u0130\u00c7ECEK KAYNARLA ISINIYOR"},"content":{"rendered":"<p>Mersin B\u00fcy\u00fck\u015fehir Belediyesi&#8217;nin sosyal projelerinden biri olan ve vatanda\u015flar\u0131n b\u00fcy\u00fck be\u011fenisini toplayan kaynar ikram\u0131, bu kez de Akdeniz \u0130l\u00e7esi&#8217;nde yer alan Yo\u011furt Pazar\u0131&#8217;nda vatanda\u015flara ula\u015ft\u0131r\u0131ld\u0131. Mersin B\u00fcy\u00fck\u015fehir Belediyesi bu k\u0131\u015f toplam 100 bin ki\u015fiye kaynar ula\u015ft\u0131rmay\u0131 hedefliyor. B\u00fcy\u00fck\u015fehir Belediyesi Sosyal Hizmetler Dairesi taraf\u0131ndan y\u00fcr\u00fct\u00fclen \u00e7al\u0131\u015fma ile B\u00fcy\u00fck\u015fehir&#8217;in A\u015fhanesi&#8217;nde usta eller taraf\u0131ndan haz\u0131rlanan kaynarlar, so\u011fuk k\u0131\u015f g\u00fcnlerinde Mersinlilerin i\u00e7ini \u0131s\u0131tmaya devam ediyor.<br \/>\n&#8216;B\u00fcy\u00fck\u015fehir&#8217;den Kaynar Herkese Yarar&#8217;<br \/>\nB\u00fcy\u00fck\u015fehir Belediyesi taraf\u0131ndan &#8216;B\u00fcy\u00fck\u015fehir&#8217;den Kaynar Herkese Yarar&#8217; slogan\u0131yla, haftan\u0131n 6 g\u00fcn\u00fc 6 farkl\u0131 noktada 15.30-17.00 saatleri aras\u0131nda vatanda\u015flara kaynar ikram ediliyor. Anadolu k\u00fclt\u00fcr\u00fcne \u00f6zg\u00fc olan kaynar, B\u00fcy\u00fck\u015fehir Belediyesi mobil ara\u00e7lar\u0131yla vatanda\u015flara sunuluyor. So\u011fuk k\u0131\u015f g\u00fcnlerinde ba\u011f\u0131\u015f\u0131kl\u0131klar\u0131n d\u00fc\u015fmesi, hastal\u0131klar\u0131n artmas\u0131 nedeniyle B\u00fcy\u00fck\u015fehir, da\u011f\u0131tt\u0131\u011f\u0131 kaynarla vatanda\u015flara ila\u00e7 niyetine ikram yapm\u0131\u015f oluyor. \u0130\u00e7erisinde \u015fifal\u0131 malzemelerin yer ald\u0131\u011f\u0131 ve sa\u011fl\u0131kl\u0131 bir i\u00e7ecek olan kaynar, vatanda\u015flardan da b\u00fcy\u00fck ilgi g\u00f6r\u00fcyor.<br \/>\nBu hizmet; Pazartesi g\u00fcn\u00fc Tarsus&#8217;ta PTT yan\u0131nda, Sal\u0131 g\u00fcn\u00fc Mezitli&#8217;de bankalar \u00f6n\u00fcnde, \u00c7ar\u015famba g\u00fcn\u00fc Toroslar&#8217;da Kuvayi Milliye Caddesi&#8217;nde, Per\u015fembe g\u00fcn\u00fc Akdeniz&#8217;de Yo\u011furt Pazar\u0131&#8217;nda, Cuma g\u00fcn\u00fc Yeni\u015fehir&#8217;de Alanya Soka\u011f\u0131&#8217;nda, Cumartesi g\u00fcn\u00fc ise Tarsus&#8217;ta K\u00fclt\u00fcr Park \u00f6n\u00fcnde devam ediyor.<br \/>\nG\u00fcltekin: &#8220;Hedefimiz 100 bin ki\u015fiye ula\u015fmak&#8221;<br \/>\nMersin B\u00fcy\u00fck\u015fehir Belediyesi Sosyal Hizmetler Dairesi Ba\u015fkanl\u0131\u011f\u0131&#8217;nda Psikolog olarak g\u00f6rev yapan El\u00e7im G\u00fcltekin, &#8220;Kaynar, Anadolu k\u00fclt\u00fcr\u00fcne \u00f6zg\u00fc, sa\u011fl\u0131kl\u0131 ve \u015fifal\u0131 bir i\u00e7ecektir. So\u011fuk k\u0131\u015f g\u00fcnlerinde insanlarda ba\u011f\u0131\u015f\u0131kl\u0131klar d\u00fc\u015f\u00fcyor ve buna ba\u011fl\u0131 olarak hastal\u0131klar art\u0131yor. Bunlar\u0131 \u00f6nlemek ve vatanda\u015f\u0131m\u0131z\u0131n da i\u00e7inin \u0131s\u0131nmas\u0131 dolay\u0131s\u0131yla verdi\u011fimiz bir hizmet. Kaynar, normalde so\u011fuk ve s\u0131cak i\u00e7ilebilir. \u0130\u00e7erisinde havl\u0131can, zencefil, zerde\u00e7al gibi \u015fifal\u0131 bitkilerin oldu\u011fu bir kar\u0131\u015f\u0131m. Belediye olarak \u015fu anda 6 noktada ve haftan\u0131n 6 g\u00fcn\u00fc 15.30 ile 17.00 saatleri aras\u0131nda kaynar da\u011f\u0131t\u0131m\u0131 yap\u0131yoruz. T\u00fcm vatanda\u015flar\u0131m\u0131z\u0131 bu kaynar hizmetinden faydalanmalar\u0131 i\u00e7in bekliyoruz. Hedefimiz 100 bin ki\u015fiye ula\u015fmak. Umar\u0131m b\u00fct\u00fcn vatanda\u015flar\u0131m\u0131za \u015fifa olur&#8221; dedi.<br \/>\nVatanda\u015f B\u00fcy\u00fck\u015fehirin t\u00fcm hizmetlerinden memnun<br \/>\nKaynar ikram\u0131ndan faydalanan vatanda\u015flardan \u0130brahim D\u00fczg\u00fcn, &#8220;Ba\u015fkan\u0131m\u0131zdan memnunuz. Yapm\u0131\u015f oldu\u011fu b\u00fct\u00fcn i\u015flerden memnunuz&#8221; diye konu\u015ftu.<br \/>\nKaynar ikram\u0131nda bulunulan Emrah Aslan ise &#8220;Vahap Ba\u015fkan bir tane. Hizmetleri \u00e7ok iyi. Adanal\u0131o\u011flu ve Kazanl\u0131&#8217;n\u0131n yollar\u0131 \u00e7ok k\u00f6t\u00fcyd\u00fc. Hepsini yapt\u0131 ve bu yollar \u015fimdi \u00e7ok g\u00fczel. Kazanl\u0131&#8217;da sahil \u015feridini de yapt\u0131. Biz \u00e7ok memnunuz Vahap Ba\u015fkan&#8217;dan&#8221; ifadelerini kulland\u0131.<\/p>\n","protected":false},"excerpt":{"rendered":"<p>Mersin B\u00fcy\u00fck\u015fehir Belediyesi&#8217;nin sosyal projelerinden biri olan ve vatanda\u015flar\u0131n b\u00fcy\u00fck be\u011fenisini toplayan kaynar ikram\u0131, bu kez de Akdeniz \u0130l\u00e7esi&#8217;nde yer alan Yo\u011furt Pazar\u0131&#8217;nda vatanda\u015flara ula\u015ft\u0131r\u0131ld\u0131. Mersin B\u00fcy\u00fck\u015fehir Belediyesi bu k\u0131\u015f &hellip; <a href=\"https:\/\/akdenizolaygazetesi.com\/?p=23263\" class=\"more-link\">Devam\u0131n\u0131 Oku&#8230;<\/a><\/p>\n","protected":false},"author":2,"featured_media":23264,"comment_status":"open","ping_status":"open","sticky":false,"template":"","format":"standard","meta":[],"categories":[2,3],"tags":[],"_links":{"self":[{"href":"https:\/\/akdenizolaygazetesi.com\/index.php?rest_route=\/wp\/v2\/posts\/23263"}],"collection":[{"href":"https:\/\/akdenizolaygazetesi.com\/index.php?rest_route=\/wp\/v2\/posts"}],"about":[{"href":"https:\/\/akdenizolaygazetesi.com\/index.php?rest_route=\/wp\/v2\/types\/post"}],"author":[{"embeddable":true,"href":"https:\/\/akdenizolaygazetesi.com\/index.php?rest_route=\/wp\/v2\/users\/2"}],"replies":[{"embeddable":true,"href":"https:\/\/akdenizolaygazetesi.com\/index.php?rest_route=%2Fwp%2Fv2%2Fcomments&post=23263"}],"version-history":[{"count":1,"href":"https:\/\/akdenizolaygazetesi.com\/index.php?rest_route=\/wp\/v2\/posts\/23263\/revisions"}],"predecessor-version":[{"id":23265,"href":"https:\/\/akdenizolaygazetesi.com\/index.php?rest_route=\/wp\/v2\/posts\/23263\/revisions\/23265"}],"wp:featuredmedia":[{"embeddable":true,"href":"https:\/\/akdenizolaygazetesi.com\/index.php?rest_route=\/wp\/v2\/media\/23264"}],"wp:attachment":[{"href":"https:\/\/akdenizolaygazetesi.com\/index.php?rest_route=%2Fwp%2Fv2%2Fmedia&parent=23263"}],"wp:term":[{"taxonomy":"category","embeddable":true,"href":"https:\/\/akdenizolaygazetesi.com\/index.php?rest_route=%2Fwp%2Fv2%2Fcategories&post=23263"},{"taxonomy":"post_tag","embeddable":true,"href":"https:\/\/akdenizolaygazetesi.com\/index.php?rest_route=%2Fwp%2Fv2%2Ftags&post=23263"}],"curies":[{"name":"wp","href":"https:\/\/api.w.org\/{rel}","templated":true}]}}