{"id":23271,"date":"2023-01-02T13:39:51","date_gmt":"2023-01-02T10:39:51","guid":{"rendered":"http:\/\/akdenizolaygazetesi.com\/?p=23271"},"modified":"2023-01-02T13:39:51","modified_gmt":"2023-01-02T10:39:51","slug":"mersin-buyuksehir-belediyesi-secim-icin-degil-halk-icin-proje-uretir","status":"publish","type":"post","link":"https:\/\/akdenizolaygazetesi.com\/?p=23271","title":{"rendered":"&#8220;MERS\u0130N B\u00dcY\u00dcK\u015eEH\u0130R BELED\u0130YES\u0130, SE\u00c7\u0130M \u0130\u00c7\u0130N DE\u011e\u0130L HALK \u0130\u00c7\u0130N PROJE \u00dcRET\u0130R&#8221;"},"content":{"rendered":"<p>Mersin B\u00fcy\u00fck\u015fehir Belediye Ba\u015fkan\u0131 Vahap Se\u00e7er, \u0130\u00e7el TV, Kanal 33, HRT TV, Sun RTV ve Koza TV ekranlar\u0131nda yay\u0131nlanan &#8216;Vizyoner Ba\u015fkan \u00d6zel&#8217; program\u0131n\u0131n canl\u0131 yay\u0131n konu\u011fu oldu. Ba\u015fkan Se\u00e7er, gazetecilerin sorular\u0131n\u0131 yan\u0131tlad\u0131\u011f\u0131 programda, B\u00fcy\u00fck\u015fehir Belediyesi&#8217;nin hizmetlerini anlatt\u0131. Hizmetlerinde se\u00e7ime de\u011fil halka yat\u0131r\u0131m yapt\u0131klar\u0131n\u0131 ifade eden Se\u00e7er, &#8220;Mersin B\u00fcy\u00fck\u015fehir Belediyesi, mali yap\u0131s\u0131yla 2023&#8217;e aslanlar gibi girdi&#8221; dedi.<br \/>\n&#8220;Mersin Belediyesi sonu\u00e7 al\u0131c\u0131 i\u015f yapar&#8221;<br \/>\nMersin&#8217;in kozmopolit yap\u0131s\u0131n\u0131 vurgulayan Ba\u015fkan Se\u00e7er, T\u00fcrkiye&#8217;nin stratejik kentlerinin ba\u015f\u0131nda geldi\u011fini s\u00f6yledi. 13 il\u00e7eye e\u015fit ve adil hizmet g\u00f6t\u00fcrd\u00fcklerini belirten Se\u00e7er, g\u00f6reve geldi\u011fi ilk g\u00fcnlerde \u00f6ncelikli olarak sosyal politikalar\u0131 ba\u015flatt\u0131klar\u0131n\u0131 an\u0131msatt\u0131.  Halk Kart, Mahalle Mutfaklar\u0131 gibi projeleri hemen ba\u015flatt\u0131klar\u0131n\u0131 ifade eden Se\u00e7er, E\u011fitim ve \u00d6\u011fretimi Destekleme Kurs Merkezlerini de daha istikrarl\u0131 bir yap\u0131ya getirdiklerini ve \u00f6\u011frenci say\u0131s\u0131n\u0131n 1800&#8217;lerden 6 bin 500 \u00f6\u011frenciye y\u00fckselttiklerini a\u00e7\u0131klad\u0131. \u00d6\u011frenim yard\u0131m\u0131 alan \u00f6\u011frenci say\u0131s\u0131n\u0131 da y\u00fckselttiklerini s\u00f6yleyen Ba\u015fkan Se\u00e7er, &#8220;Bir hizmeti ba\u015flatmak ba\u015fka bir \u015fey, bir hizmeti ba\u015flat\u0131p onu zenginle\u015ftirmek ve etkin sonu\u00e7 almak \u00e7ok farkl\u0131 bir \u015fey. Onun i\u00e7in Mersin B\u00fcy\u00fck\u015fehir Belediyesi sonu\u00e7 al\u0131c\u0131 i\u015f yapar, kaynak israf\u0131 yapmaz, \u00f6nce vatanda\u015f\u0131n\u0131n taleplerine cevap verir. Mersin B\u00fcy\u00fck\u015fehir Belediyesi se\u00e7im i\u00e7in proje ortaya koymaz&#8221; diye konu\u015ftu.<br \/>\n&#8220;Mersin&#8217;de y\u00f6netici olmak sorumluluk ister&#8221;<br \/>\n2023 y\u0131l\u0131 sonuna kadar \u00e7al\u0131\u015fma program\u0131n\u0131n belli oldu\u011funu belirten Ba\u015fkan Se\u00e7er, B\u00fcy\u00fck\u015fehir Belediyesi&#8217;nin hizmet konusunda iyi bir yolda ilerledi\u011fini vurgulayarak, belediyenin mali yap\u0131s\u0131n\u0131n g\u00fc\u00e7l\u00fc oldu\u011funu ifade etti.  Se\u00e7er, projeleri de se\u00e7im i\u00e7in de\u011fil, vatanda\u015flar\u0131n talep ve ihtiya\u00e7lar\u0131 do\u011frultusunda hayata ge\u00e7irdiklerini s\u00f6yledi. Mersin&#8217;in konumu ve yap\u0131s\u0131 itibariyle T\u00fcrkiye&#8217;nin en \u00f6nemli kentlerinden bir tanesi oldu\u011funa dikkat \u00e7eken Se\u00e7er, &#8220;Burada y\u00f6netici olmak sorumluluk ister, a\u011fz\u0131n\u0131zdan \u00e7\u0131kan\u0131 kula\u011f\u0131n\u0131z duyacak. Tek tip\u00e7i bir adam burada belediye ba\u015fkanl\u0131\u011f\u0131 yapamaz. Herkese daha farkl\u0131 bakacak, herkesi bulu\u015fturabilecek, herkese huzur ve birlik dilini kullanacak biri gerek&#8221; diye konu\u015ftu.<br \/>\n &#8220;Bu kente huzuru getirdim. Benim en b\u00fcy\u00fck projem bu&#8221;<br \/>\n Mersin&#8217;e kazand\u0131rd\u0131\u011f\u0131 en \u00f6nemli projenin &#8220;kentin huzuru&#8221; oldu\u011funu anlatan Ba\u015fkan Se\u00e7er, &#8220;Benim en b\u00fcy\u00fck projem bu. Bunu da bitirdim. Bu kent huzurlu&#8221; dedi. Mersin&#8217;in her kar\u0131\u015f topra\u011f\u0131nda huzurun ya\u015fand\u0131\u011f\u0131n\u0131 ifade eden Se\u00e7er, etraf\u0131nda koruma ordusu olmadan gayet rahat bir \u015fekilde kentin her b\u00f6lgesinde gezebildi\u011fini s\u00f6yledi. Se\u00e7er, &#8220;Bundan daha b\u00fcy\u00fck bir mutluluk mu olur? Bundan daha b\u00fcy\u00fck bir huzur mu olur&#8221; diye konu\u015ftu.<br \/>\nB\u00fcy\u00fck\u015fehir Belediye Ba\u015fkanl\u0131\u011f\u0131 g\u00f6revinde hi\u00e7bir zaman ayr\u0131m yapmad\u0131\u011f\u0131n\u0131, adil ve e\u015fit bir \u015fekilde Mersin&#8217;e en de\u011ferli hizmetleri kazand\u0131rma \u00e7abas\u0131 i\u00e7erisinde oldu\u011funu belirten Ba\u015fkan Se\u00e7er, son d\u00f6nemlerde belediyeye y\u00f6nelik su\u00e7lamalar\u0131 da ele\u015ftirdi. Se\u00e7er, &#8220;Ankara siyasetinden geldim ve Mersin&#8217;de B\u00fcy\u00fck\u015fehir Belediye Ba\u015fkan\u0131 oldum. G\u00f6revimin ba\u015f\u0131nday\u0131m. G\u00f6revimi yap\u0131yorum. Bana, belediyeme siyaseten yap\u0131lm\u0131\u015f her t\u00fcrl\u00fc tuza\u011f\u0131, provokasyonu, oyunu, tezgah\u0131 bozacak g\u00fc\u00e7te, liyakatte ve kararl\u0131l\u0131ktay\u0131m. Ben, hem \u015fahs\u0131m\u0131n hem belediyenin bu anlamda itibar\u0131n\u0131 korumak zorunday\u0131m. Operasyonlar yap\u0131ld\u0131. \u015eu anda yarg\u0131 a\u015famas\u0131nda, de\u011ferlendirme yapmak istemiyorum. Polemi\u011fe girmek istemiyorum. Ben halk kar\u015f\u0131s\u0131nda sorumluyum. Kentte gerginlik yaratamam. Kan kusuyorum, k\u0131z\u0131lc\u0131k \u015ferbeti i\u00e7iyorum&#8221; dedi. &#8220;Bu devlet bizim, bu \u00fclke bizim&#8221; vurgusu yapan Se\u00e7er, Kimse bizden daha fazla bu \u00fclkeyi sevmiyor. Biz, &#8216;Bu \u00fclkeyi seviyoruz&#8217; deyip soymuyoruz, soyanlar\u0131n kar\u015f\u0131s\u0131nda dururuz&#8221; diye konu\u015ftu.<br \/>\n&#8220;Mevcut belediye anlay\u0131\u015f\u0131nda bu belediye y\u0131llarca y\u00f6netilir&#8221;<br \/>\nB\u00fcy\u00fck\u015fehir Belediyesi&#8217;nin kat\u0131l\u0131mc\u0131 demokrasi anlay\u0131\u015f\u0131 ile y\u00f6netildi\u011fini s\u00f6yleyen Ba\u015fkan Se\u00e7er, her zaman sivil toplum kurulu\u015flar\u0131yla ileti\u015fim i\u00e7erisinde olduklar\u0131n\u0131 dile getirdi. Se\u00e7er, d\u00fczenledikleri &#8220;Sivil Toplum Bulu\u015fmalar\u0131&#8221; hakk\u0131nda da bilgi verdi.<br \/>\nY\u00f6netim olarak yat\u0131r\u0131m programlar\u0131n\u0131 \u00fcst\u00fcn k\u00f6r\u00fc bir \u015fekilde yapmad\u0131klar\u0131na da dikkat \u00e7eken Ba\u015fkan Se\u00e7er, hangi b\u00f6lgenin neye ihtiyac\u0131 olu\u011funun analizlerini yapt\u0131klar\u0131n\u0131 ve ona g\u00f6re hizmet \u00fcrettiklerini s\u00f6yledi. Ba\u015fkan Se\u00e7er, &#8220;Bu anlamda da yapt\u0131\u011f\u0131m\u0131z yat\u0131r\u0131mlar\u0131n, dokundu\u011fumuz yerlerin tamamen taleplerden kaynakl\u0131, ger\u00e7ekten ihtiya\u00e7 oldu\u011funu bilmenizi isterim&#8221; ifadesini kuland\u0131.<br \/>\nVatanda\u015fla i\u00e7 i\u00e7e oldu\u011funu s\u00f6yleyen Se\u00e7er, Mersinlilerin huzuruna dikkat \u00e7ekti. Se\u00e7er, &#8220;Bu saatten sonra mevcut belediye anlay\u0131\u015f\u0131nda bu belediye y\u0131llarca y\u00f6netilir. Benim halk\u0131m feraset sahibidir, vefal\u0131d\u0131r. Kimin ne yapt\u0131\u011f\u0131n\u0131 \u00e7ok iyi bilir. Mersin halk\u0131 da ne yapaca\u011f\u0131n\u0131 bilir. Allah nasip eder, partimiz der ki, &#8216;Ba\u015fkan\u0131m\u0131z devam et&#8217; \u00e7\u0131kar\u0131z. Mersin halk\u0131 bizi b\u0131rakmaz, biz de onlar\u0131 b\u0131rakmay\u0131z. Onlar\u0131 seviyoruz. Onlar\u0131n da bizi sevdi\u011fini, sayd\u0131\u011f\u0131n\u0131 \u00e7ok iyi biliyorum. Hangi siyasi gelenekten gelmi\u015f olursa olsun, bu belediyecilik anlay\u0131\u015f\u0131 oy al\u0131r. Bunu da burada s\u00f6yl\u00fcyorum. Tarihte beni halkl\u0131 \u00e7\u0131karacak, g\u00f6r\u00fc\u015f\u00fcr\u00fcz \u00f6n\u00fcm\u00fczdeki se\u00e7imlerde&#8221; diye konu\u015ftu.<br \/>\n&#8220;Mersin Belediyesi ta\u015f gibidir. Mersin Belediyesi 2023&#8217;e aslanlar gibi girmi\u015ftir&#8221;<br \/>\nBa\u015fkan Se\u00e7er, otob\u00fcs \u015fof\u00f6r\u00fc ihtiya\u00e7lar\u0131n\u0131n oldu\u011funu \u00e7a\u011fr\u0131s\u0131 yaparak, bu konuda kad\u0131n adaylara pozitif ayr\u0131mc\u0131l\u0131k yapt\u0131klar\u0131n\u0131 da hat\u0131rlatt\u0131.<br \/>\nProjeleri kentin sosyoekonomik yap\u0131s\u0131na g\u00f6re \u015fekillendirdiklerini s\u00f6yleyen Se\u00e7er, \u015fimdiye kadar 4 bin 500 ki\u015filik \u00e7\u0131kan &#8216;1 Ekmek 1 \u00c7orba&#8217;, 37 noktada hizmet veren &#8216;Mahalle Mutfaklar\u0131&#8217;, &#8216;E\u011fitim ve \u00d6\u011fretimi Destekleme Kurs Merkezleri&#8217;, &#8216;K\u0131yafet Evi&#8217;, &#8216;Halk Kart&#8217; gibi hem vatanda\u015f\u0131n sofras\u0131na hem de gen\u00e7lere ve \u00f6\u011frencilere y\u00f6nelik hizmetlere \u00e7ok \u00f6nem verdi\u011fini vurgulad\u0131. K\u00fc\u00e7\u00fck gibi g\u00f6r\u00fcnen sosyal projelerin milyarl\u0131k yat\u0131r\u0131mlar kadar \u00f6nemli oldu\u011funu s\u00f6yleyen Se\u00e7er, b\u00fcy\u00fck \u00e7apl\u0131 projeleri de s\u00fcrd\u00fcreceklerini belirterek, &#8220;Biz Metro da yap\u0131yoruz. 3 batt\u0131 \u00e7\u0131kt\u0131, 1 alt ge\u00e7it a\u00e7t\u0131k. \u015eimdi Sayapark&#8217;\u0131n oraya ba\u015flayaca\u011f\u0131z&#8221; dedi.<br \/>\nBir yandan ge\u00e7mi\u015f d\u00f6nemin bor\u00e7lar\u0131n\u0131 \u00f6dediklerini bir yandan da yat\u0131r\u0131mlar\u0131 durmadan hayata ge\u00e7irdiklerini vurgulayan Se\u00e7er, &#8220;Mersin B\u00fcy\u00fck\u015fehir Belediyesi ta\u015f gibidir. Mersin Belediyesi, 2023&#8217;e aslanlar gibi girmi\u015ftir. Anamur&#8217;da ne yapaca\u011f\u0131 bellidir. Anamur&#8217;u ihya ettik. Anamurlulara helal ho\u015f olsun. Gidin, Tarsus sokaklar\u0131n\u0131 gezin. Yeni\u015fehir, Toroslar, Akdeniz burada. Y\u0131llard\u0131r \u00c7ay, \u00c7ilek&#8217;e kim girdi, Vahap Se\u00e7er gelene kadar? 2&#8217;nci kata su \u00e7\u0131km\u0131yordu. Ara sokaklar, il\u00e7e belediyesinindir. Kim yapt\u0131? Mut&#8217;un ve Toroslar&#8217;\u0131n yollar\u0131n\u0131, k\u00f6y yollar\u0131n\u0131 kim yapt\u0131? Bug\u00fcne kadar kimsenin gitmedi\u011fi g\u00f6\u00e7 yollar\u0131n\u0131 Vahap Se\u00e7er ve ekip arkada\u015flar\u0131 yapt\u0131 m\u0131 yapmad\u0131 m\u0131? Bunlardan bahsetsinler. T\u00fcrkiye&#8217;nin g\u00fcndemi; a\u00e7l\u0131k, yol, hizmet, \u00e7ocuklar\u0131n e\u011fitimi&#8221; diye konu\u015ftu.<br \/>\n &#8220;Kooperatifte muazzam \u00e7al\u0131\u015fmalar yap\u0131yorlar&#8221;<br \/>\nMersinden Kad\u0131n Kooperatifi Ba\u015fkan\u0131 Meral Se\u00e7er&#8217;in \u00f6nc\u00fcl\u00fc\u011f\u00fcnde ba\u015far\u0131l\u0131 \u00e7al\u0131\u015fmalara imza at\u0131lan kooperatif konusuna da de\u011finen Ba\u015fkan Se\u00e7er, kooperatif kurman\u0131n kolay oldu\u011funu ancak bu i\u015fin s\u00fcrd\u00fcr\u00fclebilirli\u011finin \u00f6nemine dikkat \u00e7ekti. Ba\u015fkan Se\u00e7er, &#8220;Bunu s\u00fcrd\u00fcrmek kolay bir \u015fey de\u011fil. \u015eimdi Meral Han\u0131m bu i\u015fi g\u00f6n\u00fclden yap\u0131yor. Muazzam \u00e7al\u0131\u015fmalar yap\u0131yorlar. Burada \u00f6nemli olan kooperatiften \u00e7ok \u00fcreticilerin yararlanmas\u0131n\u0131 sa\u011flamak. \u00c7ok de\u011ferli kurumlar\u0131n da deste\u011fi oluyor. Zincir ma\u011fazalar var. Tabii ki \u00e7ok farkl\u0131 alanlarda \u00e7ok daha iyi \u00e7al\u0131\u015fmalar yapacaklard\u0131r&#8221; dedi. Ba\u015fkan Se\u00e7er, kooperatifle ilgili konu\u015fmas\u0131n\u0131n devam\u0131nda da B\u00fcy\u00fck\u015fehir Belediyesi&#8217;nde kurduklar\u0131 Kad\u0131n ve Aile Hizmetleri Daire Ba\u015fkanl\u0131\u011f\u0131 ve kent genelinde kad\u0131n\u0131n ekonomik durumuna katk\u0131 yapan \u00fcretici kad\u0131n stantlar\u0131 gibi \u00e7al\u0131\u015fmalar\u0131 anlatt\u0131.<br \/>\n&#8220;\u00c7ocuk festivallerini ba\u015flat\u0131yoruz&#8221;<br \/>\nMersin&#8217;in tan\u0131t\u0131m\u0131na fayda sa\u011flayan k\u00fclt\u00fcrel ve sanatsal projelerin \u00f6nemine de de\u011finen Ba\u015fkan Se\u00e7er, kente kazand\u0131rd\u0131klar\u0131 ulusal ve uluslararas\u0131 festivaller hakk\u0131nda bilgi verdi. Mersin&#8217;in her mevsim etkinlik iklimine sahip oldu\u011funu da kaydeden Se\u00e7er, &#8220;Mersin, 12 ay sokakta y\u00fcr\u00fcnebilecek bir kent. 12 ay festival yap\u0131labilir&#8221; dedi. Mersin&#8217;in \u00f6\u011frenci kenti olmas\u0131 i\u00e7in de b\u00fcy\u00fck \u00e7aba sarf ettiklerini ve bu \u00e7aban\u0131n da kar\u015f\u0131l\u0131\u011f\u0131n\u0131 almaya ba\u015flad\u0131klar\u0131n\u0131 ifade eden Se\u00e7er, &#8220;\u015eimdi \u00e7ocuk festivallerini ba\u015flat\u0131yoruz. \u00c7ocuklar\u0131m\u0131z, gen\u00e7lerimiz, kad\u0131nlar, ya\u015f alm\u0131\u015f yurtta\u015flar benim i\u00e7in vazge\u00e7ilmezler. Onlar\u0131 ayr\u0131 bir yere koyar\u0131m. Zaman\u0131m\u0131 da mesaimi de her \u015feyimi de onlara olabildi\u011fince ay\u0131r\u0131r\u0131m&#8221; ifadelerini kulland\u0131.<br \/>\nMersin&#8217;de yap\u0131lan etkinliklerin kurduklar\u0131 &#8216;Etkinlik Komisyonu&#8217; taraf\u0131ndan belirlendi\u011fini dile getiren Ba\u015fkan Se\u00e7er, bu \u00e7al\u0131\u015fmalarda titiz davrand\u0131klar\u0131n\u0131 s\u00f6yledi. Spor konusunda da yan\u0131 \u015fekilde \u00e7al\u0131\u015fma y\u00fcr\u00fctt\u00fcklerini belirten Se\u00e7er, amat\u00f6r spor kul\u00fcpleri i\u00e7in de destekte bulunduklar\u0131n\u0131 an\u0131msatt\u0131. Se\u00e7er, MSK&#8217;n\u0131n ligde ba\u015far\u0131dan ba\u015far\u0131ya ko\u015ftu\u011funu vurgulayarak t\u00fcm gen\u00e7leri de ma\u00e7lara davet etti.<br \/>\n&#8220;Muhtarlarla ili\u015fkilerimiz iyi&#8221;<br \/>\nMuhtarlarla da gayet iyi ili\u015fki i\u00e7erisinde olduklar\u0131n\u0131 s\u00f6yleyen Ba\u015fkan Se\u00e7er, kendi g\u00f6rev alanlar\u0131yla ilgili gelen talepleri yerine getirdiklerini ancak kendi sorumluluk alanlar\u0131nda olmayan b\u00f6lgeler i\u00e7in de \u00e7o\u011fu kez \u00e7al\u0131\u015fma y\u00fcr\u00fcterek muhtarlar\u0131n taleplerine cevap olduklar\u0131n\u0131 vurgulad\u0131. Se\u00e7er, &#8220;Benim g\u00f6rev alan\u0131m olmayan b\u00f6lgelerde yap\u0131lan \u00e7al\u0131\u015fmalarda sadece malzeme miktar\u0131n\u0131 s\u00f6yleyeyim size; 100 milyon liral\u0131k. Bunun i\u015f\u00e7ili\u011fi, yap\u0131m\u0131 vesaire de bir o kadar daha ekleyin. 3 sene 9 ayl\u0131k s\u00fcrede 200 milyona yak\u0131n \u00e7al\u0131\u015fma yap\u0131lm\u0131\u015f, emin olabilirsiniz. Bu da kay\u0131tlarda g\u00f6r\u00fcnen&#8221; dedi.<br \/>\n&#8220;Kafalar de\u011fi\u015fince yollar daha g\u00fczel oldu, israf ve kay\u0131rmac\u0131l\u0131k ortadan kalkt\u0131&#8221;<br \/>\n&#8220;Kafalar De\u011fi\u015fince Ne \u00c7ok \u015eey De\u011fi\u015fti&#8221; mottosuna y\u00f6nelik gelen soruyu yan\u0131tlayan Se\u00e7er, &#8220;Ben geldim memleketlim benden memnun. Allah raz\u0131 olsun. Soka\u011fa \u00e7\u0131k\u0131yorum, bunu g\u00f6r\u00fcyorum. Abartt\u0131\u011f\u0131m\u0131 d\u00fc\u015f\u00fcnen varsa sokak orada, Mersin halk\u0131 orada. \u0130statistik bilimine inan\u0131yorlarsa \u00e7\u0131ks\u0131nlar, paralar\u0131n\u0131 harcas\u0131nlar, anketleri g\u00f6rs\u00fcnler. Ondan sonra g\u00f6r\u00fcrler benim ne derece hakl\u0131 ya da haks\u0131z oldu\u011fumu. Bu g\u00fczel bir s\u00f6z. Benden daha iyisi gelir, bir kafa de\u011fi\u015fikli\u011fidir. Ben de derim ki &#8216;Ya o kafa de\u011fi\u015fti, hakikaten i\u015f daha da g\u00fczel oldu&#8217;. Ama akl\u0131 \u015feytanl\u0131kta ise &#8216;Efendim, Kafalar de\u011fi\u015fti de ne oldu? Bilmem ne oldu?&#8217;. Ne olmu\u015f? Yollar daha g\u00fczel oldu, israf ortadan kalkt\u0131, kay\u0131rmac\u0131l\u0131k ortadan kalkt\u0131, insanlar huzur i\u00e7erisinde \u00e7al\u0131\u015f\u0131yor. Gece, g\u00fcnd\u00fcz \u00e7al\u0131\u015fan bir Belediye Ba\u015fkan\u0131 var. Bizim akl\u0131m\u0131z ba\u015fka yerlerde de\u011fil. Biz &#8216;Atat\u00fcrk\u00e7\u00fcy\u00fcz&#8217; diyoruz. Herkesi kaps\u0131yoruz, kucakl\u0131yoruz. Bu kafa de\u011fi\u015fikli\u011fidir&#8221; diye konu\u015ftu.<br \/>\n&#8220;Mersin&#8217;e evladiyelik i\u015fler yap\u0131yoruz&#8221;<br \/>\n\u0130stiklal Caddesi 1.etap \u00e7al\u0131\u015fmalar\u0131nda ya\u015fanan gecikmeye de\u011finen Ba\u015fkan Se\u00e7er, \u00e7al\u0131\u015fmalar\u0131n s\u00fcrd\u00fc\u011f\u00fc etapta t\u00fcm kurumlara ait ve \u00fcstelik kay\u0131tta da olmayan alt yap\u0131lar\u0131n g\u00f6r\u00fcld\u00fc\u011f\u00fc, bunun da \u00e7al\u0131\u015fmalar\u0131 aksatt\u0131\u011f\u0131n\u0131 ifade etti. Ya\u011fmur suyu ve do\u011falgaz gibi alt yap\u0131 \u00e7al\u0131\u015fmalar\u0131n\u0131 en iyi \u015fekilde yaparak ilerlediklerini s\u00f6yleyen Se\u00e7er, &#8220;Biz i\u015fimizi temiz ve kal\u0131c\u0131 yap\u0131yoruz. Y\u0131llara sarih yap\u0131yoruz. Evladiyelik deriz ya. \u015eehre bir hizmet yapt\u0131k karde\u015fim, evladiyelik. Torunlar\u0131m\u0131z o caddeyi kullans\u0131n, Avrupa&#8217;da oldu\u011fu gibi. Yoksa al asfalt\u0131, iki tane direk koy, kendi siyasi g\u00f6r\u00fc\u015f\u00fcn\u00fc sembolize edecek totemler koy. &#8216;Ne g\u00fczel i\u015f yapt\u0131m&#8217;. Boya, makyaj. &#8216;Ak\u015fam yatt\u0131k, sabah makyaj yok Aman Allah&#8217;\u0131m bu ne \u00e7irkinlik&#8217;. Olmaz ki b\u00f6yle. Gayet g\u00fczel yap\u0131l\u0131yor. Biraz gecikti, 2. etap daha h\u0131zl\u0131 olacak. Oradaki s\u0131k\u0131nt\u0131lar\u0131 g\u00f6rd\u00fck&#8221; dedi.<br \/>\nYeni y\u0131la yeni umutlarla giri\u015f yapt\u0131klar\u0131n\u0131 da belirten Se\u00e7er, &#8220;2023 y\u0131l\u0131 i\u00e7erisinde Mersin&#8217;e ne yapacaksam, program\u0131m\u0131 iyi yapaca\u011f\u0131m, daha ayakta ve daha zihinde olaca\u011f\u0131m. Bu kentte benim sorumluluklar\u0131m var&#8221; diye konu\u015ftu.<\/p>\n","protected":false},"excerpt":{"rendered":"<p>Mersin B\u00fcy\u00fck\u015fehir Belediye Ba\u015fkan\u0131 Vahap Se\u00e7er, \u0130\u00e7el TV, Kanal 33, HRT TV, Sun RTV ve Koza TV ekranlar\u0131nda yay\u0131nlanan &#8216;Vizyoner Ba\u015fkan \u00d6zel&#8217; program\u0131n\u0131n canl\u0131 yay\u0131n konu\u011fu oldu. Ba\u015fkan Se\u00e7er, gazetecilerin &hellip; <a href=\"https:\/\/akdenizolaygazetesi.com\/?p=23271\" class=\"more-link\">Devam\u0131n\u0131 Oku&#8230;<\/a><\/p>\n","protected":false},"author":2,"featured_media":23272,"comment_status":"open","ping_status":"open","sticky":false,"template":"","format":"standard","meta":[],"categories":[8,1,2,3,5,6],"tags":[],"_links":{"self":[{"href":"https:\/\/akdenizolaygazetesi.com\/index.php?rest_route=\/wp\/v2\/posts\/23271"}],"collection":[{"href":"https:\/\/akdenizolaygazetesi.com\/index.php?rest_route=\/wp\/v2\/posts"}],"about":[{"href":"https:\/\/akdenizolaygazetesi.com\/index.php?rest_route=\/wp\/v2\/types\/post"}],"author":[{"embeddable":true,"href":"https:\/\/akdenizolaygazetesi.com\/index.php?rest_route=\/wp\/v2\/users\/2"}],"replies":[{"embeddable":true,"href":"https:\/\/akdenizolaygazetesi.com\/index.php?rest_route=%2Fwp%2Fv2%2Fcomments&post=23271"}],"version-history":[{"count":1,"href":"https:\/\/akdenizolaygazetesi.com\/index.php?rest_route=\/wp\/v2\/posts\/23271\/revisions"}],"predecessor-version":[{"id":23273,"href":"https:\/\/akdenizolaygazetesi.com\/index.php?rest_route=\/wp\/v2\/posts\/23271\/revisions\/23273"}],"wp:featuredmedia":[{"embeddable":true,"href":"https:\/\/akdenizolaygazetesi.com\/index.php?rest_route=\/wp\/v2\/media\/23272"}],"wp:attachment":[{"href":"https:\/\/akdenizolaygazetesi.com\/index.php?rest_route=%2Fwp%2Fv2%2Fmedia&parent=23271"}],"wp:term":[{"taxonomy":"category","embeddable":true,"href":"https:\/\/akdenizolaygazetesi.com\/index.php?rest_route=%2Fwp%2Fv2%2Fcategories&post=23271"},{"taxonomy":"post_tag","embeddable":true,"href":"https:\/\/akdenizolaygazetesi.com\/index.php?rest_route=%2Fwp%2Fv2%2Ftags&post=23271"}],"curies":[{"name":"wp","href":"https:\/\/api.w.org\/{rel}","templated":true}]}}