{"id":23277,"date":"2023-01-02T13:42:48","date_gmt":"2023-01-02T10:42:48","guid":{"rendered":"http:\/\/akdenizolaygazetesi.com\/?p=23277"},"modified":"2023-01-02T13:42:48","modified_gmt":"2023-01-02T10:42:48","slug":"ak-partili-yilmaz-toros-daglarindaki-yoruk-cadirlarinda-duman-her-daim-tutmeye-devam-edecek","status":"publish","type":"post","link":"https:\/\/akdenizolaygazetesi.com\/?p=23277","title":{"rendered":"AK Parti&#8217;li Y\u0131lmaz: &#8216;Toros Da\u011flar\u0131ndaki Y\u00f6r\u00fck \u00e7ad\u0131rlar\u0131nda duman her daim t\u00fctmeye devam edecek&#8217;"},"content":{"rendered":"<p>AK Parti Mersin Milletvekili ve TBMM Anayasa Komisyonu Katip \u00dcyesi Av. Zeynep G\u00fcl Y\u0131lmaz, Mersin&#8217;in d\u00fc\u015fman i\u015fgalinden kurtulu\u015funun 101&#8217;inci y\u0131ld\u00f6n\u00fcm\u00fc dolay\u0131s\u0131yla bir mesaj yay\u0131mlad\u0131.<br \/>\nMilletvekili Zeynep G\u00fcl Y\u0131lmaz, T\u00fcrk milletinin h\u00fcrriyet ve ba\u011f\u0131ms\u0131zl\u0131\u011f\u0131ndan asla taviz vermeyece\u011fini, esarete asla r\u0131za g\u00f6stermeyece\u011fini, u\u011fruna nice \u015fehitler verilen kutsal vatan topraklar\u0131n\u0131 asla \u00e7i\u011fnetmeyece\u011fini Kurtulu\u015f Sava\u015f\u0131 ile en g\u00fc\u00e7l\u00fc \u015fekilde kan\u0131tlad\u0131\u011f\u0131n\u0131 s\u00f6yledi. Yurdun d\u00f6rt bir yan\u0131nda verilen var olu\u015f m\u00fccadelesinde Mersinliler&#8217;in de gencinden ya\u015fl\u0131s\u0131na, kad\u0131n\u0131ndan erke\u011fine b\u00fct\u00fcn olarak kahramanl\u0131klar g\u00f6sterdi\u011fini belirten Y\u0131lmaz, &#8220;Her kar\u0131\u015f topra\u011f\u0131 gazi, her vatanseveri kahraman olan \u00fclkemizde, Birinci D\u00fcnya Sava\u015f\u0131 ve Milli M\u00fccadele d\u00f6neminde pek \u00e7ok isimsiz kahraman \u00e7\u0131karm\u0131\u015ft\u0131r. Toroslar\u0131n zirvesindeki Arslank\u00f6y&#8217;den Karbo\u011faz\u0131&#8217;na, Alata \u00c7ay\u0131ndan Kavakl\u0131han&#8217;a kadar,  Mersin&#8217;in d\u00f6rt bir yan\u0131 Frans\u0131z ve Ermeni zulm\u00fcne kar\u015f\u0131 kutlu bir \u00f6zg\u00fcrl\u00fck direni\u015finin silinmez iz ve sembolleriyle doludur. Mersin; &#8216;Arkada\u015flar, gidip Toros da\u011flar\u0131na bak\u0131n\u0131z. E\u011fer orada bir tek Y\u00f6r\u00fck \u00e7ad\u0131r\u0131 g\u00f6r\u00fcrseniz ve o \u00e7ad\u0131rda bir duman t\u00fct\u00fcyorsa, \u015funu \u00e7ok iyi biliniz ki, bu d\u00fcnyada hi\u00e7bir g\u00fc\u00e7 ve kuvvet asla bizi yenemez.&#8217; diyen Gazi Mustafa Kemal Atat\u00fcrk&#8217;\u00fcn inanc\u0131n\u0131 bo\u015fa \u00e7\u0131karmam\u0131\u015ft\u0131r. Ve Toros Da\u011flar\u0131ndaki Y\u00f6r\u00fck \u00e7ad\u0131rlar\u0131nda t\u00fcten o duman her daim t\u00fctmeye, al bayra\u011f\u0131m\u0131z her daim dalgalanmaya devam edecektir.&#8221; diye konu\u015ftu.<br \/>\nAK Parti Milletvekili Y\u0131lmaz, Mersin&#8217;in 101&#8217;inci kurtulu\u015f y\u0131l\u0131n\u0131 kutlarken, Mersinliler olarak ecdada yara\u015f\u0131r \u015fekilde birlik, beraberlik ve karde\u015flik i\u00e7inde ya\u015famaya devam edeceklerini kaydetti. Y\u0131lmaz, mesaj\u0131nda \u015fu ifadelere yer verdi:<br \/>\n&#8220;T\u00fcrkiye Y\u00fczy\u0131l\u0131&#8217;na girdi\u011fimiz bu d\u00f6n\u00fcmde Mersin&#8217;imizi ve \u00fclkemizi daha geli\u015ftirmek ve milletimizi muas\u0131r medeniyet seviyesinin \u00fczerine ta\u015f\u0131mak i\u00e7in var g\u00fcc\u00fcm\u00fczle \u00e7al\u0131\u015fmaya devam edece\u011fiz. Bu vesileyle; Milli M\u00fccadelemizin \u00f6nderi Gazi Mustafa Kemal Atat\u00fcrk ve silah arkada\u015flar\u0131 ba\u015fta olmak \u00fczere; vatan\u0131m\u0131z, milletimiz, devletimiz ve mukaddeslerimiz u\u011fruna can\u0131n\u0131 ortaya koyan b\u00fct\u00fcn \u015fehitlerimizi \u015f\u00fckran, minnet ve rahmetle an\u0131yorum. Mersinimizin 101. kurtulu\u015f y\u0131ld\u00f6n\u00fcm\u00fcn\u00fc en i\u00e7ten dileklerimle kutluyor, k\u0131ymetli hem\u015fehrilerime sayg\u0131 ve sevgilerimi sunuyorum.&#8221;<\/p>\n","protected":false},"excerpt":{"rendered":"<p>AK Parti Mersin Milletvekili ve TBMM Anayasa Komisyonu Katip \u00dcyesi Av. Zeynep G\u00fcl Y\u0131lmaz, Mersin&#8217;in d\u00fc\u015fman i\u015fgalinden kurtulu\u015funun 101&#8217;inci y\u0131ld\u00f6n\u00fcm\u00fc dolay\u0131s\u0131yla bir mesaj yay\u0131mlad\u0131. Milletvekili Zeynep G\u00fcl Y\u0131lmaz, T\u00fcrk milletinin &hellip; <a href=\"https:\/\/akdenizolaygazetesi.com\/?p=23277\" class=\"more-link\">Devam\u0131n\u0131 Oku&#8230;<\/a><\/p>\n","protected":false},"author":2,"featured_media":23278,"comment_status":"open","ping_status":"open","sticky":false,"template":"","format":"standard","meta":[],"categories":[2,3],"tags":[],"_links":{"self":[{"href":"https:\/\/akdenizolaygazetesi.com\/index.php?rest_route=\/wp\/v2\/posts\/23277"}],"collection":[{"href":"https:\/\/akdenizolaygazetesi.com\/index.php?rest_route=\/wp\/v2\/posts"}],"about":[{"href":"https:\/\/akdenizolaygazetesi.com\/index.php?rest_route=\/wp\/v2\/types\/post"}],"author":[{"embeddable":true,"href":"https:\/\/akdenizolaygazetesi.com\/index.php?rest_route=\/wp\/v2\/users\/2"}],"replies":[{"embeddable":true,"href":"https:\/\/akdenizolaygazetesi.com\/index.php?rest_route=%2Fwp%2Fv2%2Fcomments&post=23277"}],"version-history":[{"count":1,"href":"https:\/\/akdenizolaygazetesi.com\/index.php?rest_route=\/wp\/v2\/posts\/23277\/revisions"}],"predecessor-version":[{"id":23279,"href":"https:\/\/akdenizolaygazetesi.com\/index.php?rest_route=\/wp\/v2\/posts\/23277\/revisions\/23279"}],"wp:featuredmedia":[{"embeddable":true,"href":"https:\/\/akdenizolaygazetesi.com\/index.php?rest_route=\/wp\/v2\/media\/23278"}],"wp:attachment":[{"href":"https:\/\/akdenizolaygazetesi.com\/index.php?rest_route=%2Fwp%2Fv2%2Fmedia&parent=23277"}],"wp:term":[{"taxonomy":"category","embeddable":true,"href":"https:\/\/akdenizolaygazetesi.com\/index.php?rest_route=%2Fwp%2Fv2%2Fcategories&post=23277"},{"taxonomy":"post_tag","embeddable":true,"href":"https:\/\/akdenizolaygazetesi.com\/index.php?rest_route=%2Fwp%2Fv2%2Ftags&post=23277"}],"curies":[{"name":"wp","href":"https:\/\/api.w.org\/{rel}","templated":true}]}}