{"id":23280,"date":"2023-01-02T13:44:00","date_gmt":"2023-01-02T10:44:00","guid":{"rendered":"http:\/\/akdenizolaygazetesi.com\/?p=23280"},"modified":"2023-01-02T13:44:00","modified_gmt":"2023-01-02T10:44:00","slug":"chpli-ali-mahir-basarir-3-ocak-ruhunu-ilelebet-tasiyacagimizdan-kimsenin-suphesi-olmasin","status":"publish","type":"post","link":"https:\/\/akdenizolaygazetesi.com\/?p=23280","title":{"rendered":"CHP\u2019L\u0130 AL\u0130 MAH\u0130R BA\u015eARIR: \u201c3 OCAK RUHUNU \u0130LELEBET TA\u015eIYACA\u011eIMIZDAN K\u0130MSEN\u0130N \u015e\u00dcPHES\u0130 OLMASIN\u201d"},"content":{"rendered":"<p>CHP Mersin Milletvekili ve Anayasa Komisyonu \u00dcyesi Ali Mahir Ba\u015far\u0131r, 3 Ocak Mersin\u2019in D\u00fc\u015fman \u0130\u015fgalinden Kurutulu\u015funun 101. Y\u0131l\u0131 nedeniyle bir mesaj yay\u0131nlad\u0131.<\/p>\n<p>CHP\u2019li Ba\u015far\u0131r mesaj\u0131nda: \u201c3 Ocak; Mersin\u2019in, Mersinlinin ba\u011f\u0131ms\u0131zl\u0131k ve \u00f6zg\u00fcrl\u00fck ruhunu ortaya koydu\u011fu bir g\u00fcnd\u00fcr. Bundan 101 y\u0131l \u00f6nce, \u00fclkemizi i\u015fgal eden emperyalist g\u00fc\u00e7lere kar\u015f\u0131 canla ba\u015fla, vatan sevgisi bilinciyle kar\u015f\u0131 konulmu\u015f ve g\u00fczel Mersinimiz i\u015fgalden kurtularak ba\u011f\u0131ms\u0131zl\u0131\u011f\u0131na kavu\u015fmu\u015ftur. Mersinliler, Ulu \u00d6nder Mustafa Kemal Atat\u00fcrk\u2019\u00fcn \u201cMersinliler Mersin\u2019e sahip \u00e7\u0131k\u0131n\u0131z\u201d s\u00f6z\u00fcn\u00fc kendilerine g\u00f6rev edinerek Mersin\u2019i d\u00fc\u015fman i\u015fgalinden kurtarm\u0131\u015flard\u0131r.<\/p>\n<p>3 Ocak ruhunu ilelebet ta\u015f\u0131yaca\u011f\u0131m\u0131zdan kimsenin \u015f\u00fcphesi olmas\u0131n. Cumhuriyet ve kazan\u0131mlar\u0131n\u0131 sonsuza dek ya\u015fataca\u011f\u0131m\u0131zdan kimsenin \u015f\u00fcphesi olmas\u0131n. Ya\u015fl\u0131s\u0131yla, genciyle, kad\u0131n\u0131yla, erke\u011fiyle Cumhuriyetimizi tehdit edenlere kar\u015f\u0131 dimdik ayakta duraca\u011f\u0131m\u0131zdan kimsenin \u015f\u00fcphesi olmas\u0131n.<\/p>\n<p>Bu duygu ve d\u00fc\u015f\u00fcncelerle ba\u015fta Gazi Mustafa Kemal Atat\u00fcrk olmak \u00fczere, Mersin\u2019in ve yurdumuzun kurtulu\u015funda m\u00fccadele veren t\u00fcm \u015fehitlerimizi rahmetle, sayg\u0131yla, \u00f6zlemle ve minnetle an\u0131yorum.<\/p>\n<p>Mersinimizin kurtulu\u015funun 101. y\u0131l\u0131nda t\u00fcm hem\u015ferilerime selam ve sayg\u0131lar\u0131m\u0131 sunuyorum.\u201d s\u00f6zlerini ifade etti.<\/p>\n","protected":false},"excerpt":{"rendered":"<p>CHP Mersin Milletvekili ve Anayasa Komisyonu \u00dcyesi Ali Mahir Ba\u015far\u0131r, 3 Ocak Mersin\u2019in D\u00fc\u015fman \u0130\u015fgalinden Kurutulu\u015funun 101. Y\u0131l\u0131 nedeniyle bir mesaj yay\u0131nlad\u0131. CHP\u2019li Ba\u015far\u0131r mesaj\u0131nda: \u201c3 Ocak; Mersin\u2019in, Mersinlinin ba\u011f\u0131ms\u0131zl\u0131k &hellip; <a href=\"https:\/\/akdenizolaygazetesi.com\/?p=23280\" class=\"more-link\">Devam\u0131n\u0131 Oku&#8230;<\/a><\/p>\n","protected":false},"author":2,"featured_media":23281,"comment_status":"open","ping_status":"open","sticky":false,"template":"","format":"standard","meta":[],"categories":[3],"tags":[],"_links":{"self":[{"href":"https:\/\/akdenizolaygazetesi.com\/index.php?rest_route=\/wp\/v2\/posts\/23280"}],"collection":[{"href":"https:\/\/akdenizolaygazetesi.com\/index.php?rest_route=\/wp\/v2\/posts"}],"about":[{"href":"https:\/\/akdenizolaygazetesi.com\/index.php?rest_route=\/wp\/v2\/types\/post"}],"author":[{"embeddable":true,"href":"https:\/\/akdenizolaygazetesi.com\/index.php?rest_route=\/wp\/v2\/users\/2"}],"replies":[{"embeddable":true,"href":"https:\/\/akdenizolaygazetesi.com\/index.php?rest_route=%2Fwp%2Fv2%2Fcomments&post=23280"}],"version-history":[{"count":1,"href":"https:\/\/akdenizolaygazetesi.com\/index.php?rest_route=\/wp\/v2\/posts\/23280\/revisions"}],"predecessor-version":[{"id":23282,"href":"https:\/\/akdenizolaygazetesi.com\/index.php?rest_route=\/wp\/v2\/posts\/23280\/revisions\/23282"}],"wp:featuredmedia":[{"embeddable":true,"href":"https:\/\/akdenizolaygazetesi.com\/index.php?rest_route=\/wp\/v2\/media\/23281"}],"wp:attachment":[{"href":"https:\/\/akdenizolaygazetesi.com\/index.php?rest_route=%2Fwp%2Fv2%2Fmedia&parent=23280"}],"wp:term":[{"taxonomy":"category","embeddable":true,"href":"https:\/\/akdenizolaygazetesi.com\/index.php?rest_route=%2Fwp%2Fv2%2Fcategories&post=23280"},{"taxonomy":"post_tag","embeddable":true,"href":"https:\/\/akdenizolaygazetesi.com\/index.php?rest_route=%2Fwp%2Fv2%2Ftags&post=23280"}],"curies":[{"name":"wp","href":"https:\/\/api.w.org\/{rel}","templated":true}]}}