{"id":23286,"date":"2023-01-02T13:46:59","date_gmt":"2023-01-02T10:46:59","guid":{"rendered":"http:\/\/akdenizolaygazetesi.com\/?p=23286"},"modified":"2023-01-02T13:46:59","modified_gmt":"2023-01-02T10:46:59","slug":"3-ocak-zafer-yuruyusunde-bulusalim","status":"publish","type":"post","link":"https:\/\/akdenizolaygazetesi.com\/?p=23286","title":{"rendered":"3 OCAK ZAFER Y\u00dcR\u00dcY\u00dc\u015e\u00dc&#8217;NDE BULU\u015eALIM!"},"content":{"rendered":"<p>Toroslar Belediye Ba\u015fkan\u0131 Ats\u0131z Af\u015f\u0131n Y\u0131lmaz, 3 Ocak Mersin&#8217;in D\u00fc\u015fman \u0130\u015fgalinden Kurtulu\u015fu&#8217;nun 101.&#8217;inci y\u0131l d\u00f6n\u00fcm\u00fcnde d\u00fczenleyecekleri Zafer Y\u00fcr\u00fcy\u00fc\u015f\u00fc&#8217;ne t\u00fcm Mersin halk\u0131n\u0131 davet etti.<\/p>\n<p>Ba\u015fkan Y\u0131lmaz; &#8220;T\u00fcm T\u00fcrkiye&#8217;ye birlik ve beraberli\u011fimizin en g\u00fczel mesaj\u0131n\u0131 verdi\u011fimiz o muhte\u015fem y\u00fcr\u00fcy\u00fc\u015f karesinde, 7&#8217;den 70&#8217;e herkesin olmas\u0131n\u0131 istiyoruz&#8221; dedi.<\/p>\n<p>&#8220;Y\u00fcr\u00fcy\u00fc\u015f, Saat 08.00&#8217;da Toroslar Kuvayi Milliye An\u0131t\u0131 \u00d6n\u00fcnden Ba\u015flayacak&#8221;<\/p>\n<p>Toroslar Belediyesinin; bu y\u0131l Mersin Valili\u011fi ile birlikte d\u00fczenleyece\u011fi 3 Ocak Zafer Y\u00fcr\u00fcy\u00fc\u015f\u00fc, 3 Ocak Sal\u0131 g\u00fcn\u00fc (Yar\u0131n) saat 08.00&#8217;da Toroslar Kuvayi Milliye An\u0131t\u0131 \u00f6n\u00fcnden ba\u015flayacak.<\/p>\n<p>Kuvayi Milliye Caddesi, Eski Devlet Hastanesi Kav\u015fa\u011f\u0131, Metropol Kav\u015fa\u011f\u0131, Fasih Kayabal\u0131 Caddesi, \u00c7akmak Caddesi, Tren Gar\u0131, Kurtulu\u015f Kav\u015fa\u011f\u0131 ve Sahil Yolu g\u00fczerg\u00e2h\u0131ndan Cumhuriyet Meydan\u0131&#8217;na kadar s\u00fcrecek olan geleneksel y\u00fcr\u00fcy\u00fc\u015fte, binlerce Mersinli kalpaklar\u0131yla, bayraklar\u0131yla omuz omuza y\u00fcr\u00fcyerek atalar\u0131n\u0131n miras\u0131na sahip \u00e7\u0131kacak.<\/p>\n<p>\u00dcNL\u00dc TAR\u0130H\u00c7\u0130 \u0130LBER ORTAYLI, 3 OCAK&#8217;TA TOROSLAR&#8217;DA<\/p>\n<p>Toroslar Belediyesi, 3 Ocak kutlamalar\u0131 \u00e7er\u00e7evesinde \u00fcnl\u00fc tarih\u00e7i, akademisyen ve yazar Prof. Dr. \u0130lber Ortayl\u0131&#8217;y\u0131 Toroslar&#8217;da a\u011f\u0131rlayacak.<\/p>\n<p>\u00dclkemizin tarih atlas\u0131 Prof. Dr. \u0130lber Ortayl\u0131, &#8220;Kurtulu\u015f Sava\u015f\u0131&#8217;nda Toroslar ve \u00c7ukurova&#8217;n\u0131n \u00d6nemi&#8221; konulu s\u00f6yle\u015fiyle Mersinlilerle bulu\u015facak. S\u00f6yle\u015fi, 3 Ocak Zafer Y\u00fcr\u00fcy\u00fc\u015f\u00fc&#8217;n\u00fcn ard\u0131ndan saat 13.00&#8217;da Yunus Emre K\u00fclt\u00fcr Merkezi&#8217;nin Konferans Salonu&#8217;nda d\u00fczenlenecek.<\/p>\n<p>&#8220;ZAFER Y\u00dcR\u00dcY\u00dc\u015e\u00dcM\u00dcZE ve PROF. DR. \u0130LBER ORTAYLI&#8217;NIN KONUK OLACA\u011eI S\u00d6YLE\u015e\u0130YE T\u00dcM HALKIMIZ DAVETL\u0130D\u0130R&#8221;<\/p>\n<p>3 Ocak Zafer Y\u00fcr\u00fcy\u00fc\u015f\u00fc&#8217;n\u00fc bu y\u0131l da b\u00fcy\u00fck bir co\u015fku ve gururla ger\u00e7ekle\u015ftireceklerini belirten Ba\u015fkan Y\u0131lmaz; &#8220;T\u00fcm halk\u0131m\u0131z\u0131, bu de\u011ferli g\u00fcn\u00fcn bir par\u00e7as\u0131 olmak \u00fczere 3 Ocak 2023 Sal\u0131 g\u00fcn\u00fc sabah\u0131 saat 08.00&#8217;da Zafer Y\u00fcr\u00fcy\u00fc\u015f\u00fcm\u00fcze, saat 13.00&#8217;da Prof. Dr. \u0130lber Ortayl\u0131&#8217;y\u0131 konuk edece\u011fimiz s\u00f6yle\u015fiye bekliyoruz&#8221; ifadelerini kulland\u0131.<\/p>\n<p>T\u00fcrkiye Cumhuriyeti tarihinin alt\u0131n sayfalar\u0131na yaz\u0131lan Kurtulu\u015f Sava\u015f\u0131&#8217;nda Mersin m\u00fccadelesinin \u00f6nemli bir yeri oldu\u011funa dikkat \u00e7eken Ba\u015fkan Y\u0131lmaz; &#8220;3 Ocak, destans\u0131 bir m\u00fccadelenin sonucunda elde edilen b\u00fcy\u00fck bir zaferdir. Gazi Mustafa Kemal Atat\u00fcrk&#8217;\u00fcn &#8220;Mersinliler Mersin&#8217;e sahip \u00e7\u0131k\u0131n\u0131z&#8221; s\u00f6z\u00fcnden hareketle kentimizin sembol\u00fc haline gelen Zafer Y\u00fcr\u00fcy\u00fc\u015f\u00fc&#8217;nde herkesi tek y\u00fcrek, tek nefes olmaya davet ediyoruz. Mar\u015flar ve mehteran e\u015fli\u011finde Cumhuriyet Meydan\u0131&#8217;na kadar hep birlikte y\u00fcr\u00fcyece\u011fiz. Zaferimiz, sevincimiz, co\u015fkumuz bir! 101 y\u0131l \u00f6nce canlar\u0131 pahas\u0131na bizlerin gelece\u011fine sahip \u00e7\u0131kan, ba\u015fta Gazi Mustafa Kemal Atat\u00fcrk olmak \u00fczere Mersin&#8217;de T\u00fcrk bayra\u011f\u0131ndan ba\u015fka bir bayrak dalgalanmas\u0131n diye can\u0131n\u0131 siper eden t\u00fcm milli m\u00fccadele kahramanlar\u0131m\u0131z\u0131, \u015fehitlerimizi, gazilerimizi rahmetle, minnetle an\u0131yorum. G\u00fczel Mersinimizin 3 Ocak Zafer G\u00fcn\u00fc kutlu olsun&#8221; \u015feklinde konu\u015ftu.<\/p>\n","protected":false},"excerpt":{"rendered":"<p>Toroslar Belediye Ba\u015fkan\u0131 Ats\u0131z Af\u015f\u0131n Y\u0131lmaz, 3 Ocak Mersin&#8217;in D\u00fc\u015fman \u0130\u015fgalinden Kurtulu\u015fu&#8217;nun 101.&#8217;inci y\u0131l d\u00f6n\u00fcm\u00fcnde d\u00fczenleyecekleri Zafer Y\u00fcr\u00fcy\u00fc\u015f\u00fc&#8217;ne t\u00fcm Mersin halk\u0131n\u0131 davet etti. Ba\u015fkan Y\u0131lmaz; &#8220;T\u00fcm T\u00fcrkiye&#8217;ye birlik ve beraberli\u011fimizin &hellip; <a href=\"https:\/\/akdenizolaygazetesi.com\/?p=23286\" class=\"more-link\">Devam\u0131n\u0131 Oku&#8230;<\/a><\/p>\n","protected":false},"author":2,"featured_media":23287,"comment_status":"open","ping_status":"open","sticky":false,"template":"","format":"standard","meta":[],"categories":[2,3,5],"tags":[],"_links":{"self":[{"href":"https:\/\/akdenizolaygazetesi.com\/index.php?rest_route=\/wp\/v2\/posts\/23286"}],"collection":[{"href":"https:\/\/akdenizolaygazetesi.com\/index.php?rest_route=\/wp\/v2\/posts"}],"about":[{"href":"https:\/\/akdenizolaygazetesi.com\/index.php?rest_route=\/wp\/v2\/types\/post"}],"author":[{"embeddable":true,"href":"https:\/\/akdenizolaygazetesi.com\/index.php?rest_route=\/wp\/v2\/users\/2"}],"replies":[{"embeddable":true,"href":"https:\/\/akdenizolaygazetesi.com\/index.php?rest_route=%2Fwp%2Fv2%2Fcomments&post=23286"}],"version-history":[{"count":1,"href":"https:\/\/akdenizolaygazetesi.com\/index.php?rest_route=\/wp\/v2\/posts\/23286\/revisions"}],"predecessor-version":[{"id":23288,"href":"https:\/\/akdenizolaygazetesi.com\/index.php?rest_route=\/wp\/v2\/posts\/23286\/revisions\/23288"}],"wp:featuredmedia":[{"embeddable":true,"href":"https:\/\/akdenizolaygazetesi.com\/index.php?rest_route=\/wp\/v2\/media\/23287"}],"wp:attachment":[{"href":"https:\/\/akdenizolaygazetesi.com\/index.php?rest_route=%2Fwp%2Fv2%2Fmedia&parent=23286"}],"wp:term":[{"taxonomy":"category","embeddable":true,"href":"https:\/\/akdenizolaygazetesi.com\/index.php?rest_route=%2Fwp%2Fv2%2Fcategories&post=23286"},{"taxonomy":"post_tag","embeddable":true,"href":"https:\/\/akdenizolaygazetesi.com\/index.php?rest_route=%2Fwp%2Fv2%2Ftags&post=23286"}],"curies":[{"name":"wp","href":"https:\/\/api.w.org\/{rel}","templated":true}]}}