{"id":23295,"date":"2023-01-02T16:42:48","date_gmt":"2023-01-02T13:42:48","guid":{"rendered":"http:\/\/akdenizolaygazetesi.com\/?p=23295"},"modified":"2023-01-02T16:42:48","modified_gmt":"2023-01-02T13:42:48","slug":"baskan-secerden-mersinin-kurtulus-yil-donumu-mesaji-2","status":"publish","type":"post","link":"https:\/\/akdenizolaygazetesi.com\/?p=23295","title":{"rendered":"BA\u015eKAN SE\u00c7ER&#8217;DEN MERS\u0130N&#8217;\u0130N KURTULU\u015e YIL D\u00d6N\u00dcM\u00dc MESAJI"},"content":{"rendered":"<p>Mersin B\u00fcy\u00fck\u015fehir Belediye Ba\u015fkan\u0131 Vahap Se\u00e7er, Mersin&#8217;in d\u00fc\u015fman i\u015fgalinden kurtulu\u015funun 101. y\u0131l d\u00f6n\u00fcm\u00fc dolay\u0131s\u0131yla bir mesaj yay\u0131nlad\u0131.<br \/>\nBa\u015fkan Se\u00e7er mesaj\u0131nda \u015fu ifadelere yer verdi:<br \/>\n&#8220;Ba\u011f\u0131ms\u0131zl\u0131\u011fa olan tutkumuz, 3 Ocak 1922&#8217;de kar\u015f\u0131l\u0131k buldu. O g\u00fcn sadece bir \u015fehrin de\u011fil, bir milletin, bir \u00fclkenin kaderi de de\u011fi\u015fti.<br \/>\nKurtulu\u015f m\u00fccadelesinde ba\u011f\u0131ms\u0131zl\u0131k destan\u0131 yazan Mersinliler, milletin azmi ve inanc\u0131 kar\u015f\u0131s\u0131nda hi\u00e7bir g\u00fcc\u00fcn duramayaca\u011f\u0131n\u0131 t\u00fcm d\u00fcnyaya ilan ettiler.<br \/>\nO g\u00fcnden beri 3 Ocak; biz Mersinliler i\u00e7in onur ve gurur g\u00fcn\u00fcd\u00fcr!<br \/>\nCumhuriyetimizin kurucusu Mustafa Kemal Atat\u00fcrk&#8217;\u00fcn &#8220;Mersinliler, Mersin&#8217;e sahip \u00e7\u0131k\u0131n\u0131z&#8221; s\u00f6z\u00fc bizim en temel hedefimizdir.<br \/>\nAtam\u0131z\u0131n bu s\u00f6z\u00fcn\u00fcn bizlere y\u00fckledi\u011fi sorumlulukla; farkl\u0131 renklerin y\u00fczy\u0131llard\u0131r bir arada ya\u015fad\u0131\u011f\u0131 \u015fehrimizin mutlulu\u011fu, refah\u0131 ve huzuru i\u00e7in \u00e7al\u0131\u015fmay\u0131 s\u00fcrd\u00fcrece\u011fiz.<br \/>\nB\u00fcy\u00fck \u00d6nderimiz Gazi Mustafa Kemal Atat\u00fcrk ba\u015fta olmak \u00fczere, kurtulu\u015f m\u00fccadelesinde destan yazan kahramanlar\u0131m\u0131z\u0131 \u015fehitlerimizi ve gazilerimizi sayg\u0131yla, rahmetle ve minnetle an\u0131yor, Mersinli t\u00fcm vatanda\u015flar\u0131m\u0131za sevgi ve sayg\u0131lar\u0131m\u0131 sunuyorum.&#8221;<\/p>\n","protected":false},"excerpt":{"rendered":"<p>Mersin B\u00fcy\u00fck\u015fehir Belediye Ba\u015fkan\u0131 Vahap Se\u00e7er, Mersin&#8217;in d\u00fc\u015fman i\u015fgalinden kurtulu\u015funun 101. y\u0131l d\u00f6n\u00fcm\u00fc dolay\u0131s\u0131yla bir mesaj yay\u0131nlad\u0131. Ba\u015fkan Se\u00e7er mesaj\u0131nda \u015fu ifadelere yer verdi: &#8220;Ba\u011f\u0131ms\u0131zl\u0131\u011fa olan tutkumuz, 3 Ocak 1922&#8217;de &hellip; <a href=\"https:\/\/akdenizolaygazetesi.com\/?p=23295\" class=\"more-link\">Devam\u0131n\u0131 Oku&#8230;<\/a><\/p>\n","protected":false},"author":2,"featured_media":23296,"comment_status":"open","ping_status":"open","sticky":false,"template":"","format":"standard","meta":[],"categories":[3],"tags":[],"_links":{"self":[{"href":"https:\/\/akdenizolaygazetesi.com\/index.php?rest_route=\/wp\/v2\/posts\/23295"}],"collection":[{"href":"https:\/\/akdenizolaygazetesi.com\/index.php?rest_route=\/wp\/v2\/posts"}],"about":[{"href":"https:\/\/akdenizolaygazetesi.com\/index.php?rest_route=\/wp\/v2\/types\/post"}],"author":[{"embeddable":true,"href":"https:\/\/akdenizolaygazetesi.com\/index.php?rest_route=\/wp\/v2\/users\/2"}],"replies":[{"embeddable":true,"href":"https:\/\/akdenizolaygazetesi.com\/index.php?rest_route=%2Fwp%2Fv2%2Fcomments&post=23295"}],"version-history":[{"count":1,"href":"https:\/\/akdenizolaygazetesi.com\/index.php?rest_route=\/wp\/v2\/posts\/23295\/revisions"}],"predecessor-version":[{"id":23297,"href":"https:\/\/akdenizolaygazetesi.com\/index.php?rest_route=\/wp\/v2\/posts\/23295\/revisions\/23297"}],"wp:featuredmedia":[{"embeddable":true,"href":"https:\/\/akdenizolaygazetesi.com\/index.php?rest_route=\/wp\/v2\/media\/23296"}],"wp:attachment":[{"href":"https:\/\/akdenizolaygazetesi.com\/index.php?rest_route=%2Fwp%2Fv2%2Fmedia&parent=23295"}],"wp:term":[{"taxonomy":"category","embeddable":true,"href":"https:\/\/akdenizolaygazetesi.com\/index.php?rest_route=%2Fwp%2Fv2%2Fcategories&post=23295"},{"taxonomy":"post_tag","embeddable":true,"href":"https:\/\/akdenizolaygazetesi.com\/index.php?rest_route=%2Fwp%2Fv2%2Ftags&post=23295"}],"curies":[{"name":"wp","href":"https:\/\/api.w.org\/{rel}","templated":true}]}}