{"id":23301,"date":"2023-01-03T12:35:27","date_gmt":"2023-01-03T09:35:27","guid":{"rendered":"http:\/\/akdenizolaygazetesi.com\/?p=23301"},"modified":"2023-01-03T12:35:27","modified_gmt":"2023-01-03T09:35:27","slug":"meski-personeli-yangin-tatbikati-ve-egitimlerine-katildi","status":"publish","type":"post","link":"https:\/\/akdenizolaygazetesi.com\/?p=23301","title":{"rendered":"MESK\u0130 PERSONEL\u0130, YANGIN TATB\u0130KATI VE E\u011e\u0130T\u0130MLER\u0130NE KATILDI"},"content":{"rendered":"<p>MESK\u0130 Genel M\u00fcd\u00fcrl\u00fc\u011f\u00fc, &#8220;Afet Tatbikat Y\u0131l\u0131&#8221; olarak ilan edilen 2022 y\u0131l\u0131nda 4 ayr\u0131 &#8220;Yang\u0131n ve Yang\u0131ndan Korunma E\u011fitimi ve Tatbikatlar\u0131&#8221; ger\u00e7ekle\u015ftirdi. \u00c7al\u0131\u015fanlara\u037e yang\u0131na ilk m\u00fcdahale, yang\u0131n s\u00f6nd\u00fcr\u00fcc\u00fclerin kullan\u0131m\u0131, hangi cins yang\u0131n s\u00f6nd\u00fcr\u00fcc\u00fcn\u00fcn hangi s\u0131n\u0131f yang\u0131nda kullan\u0131laca\u011f\u0131 konular\u0131nda teorik ve pratik bilgiler uygulamal\u0131 olarak anlat\u0131ld\u0131.<br \/>\nMERS\u0130N\/(FOTO\u011eRAFLI-G\u00d6R\u00dcNT\u00dcL\u00dc)<br \/>\nMersin B\u00fcy\u00fck\u015fehir Belediyesi Mersin Su ve Kanalizasyon \u0130daresi (MESK\u0130) Genel M\u00fcd\u00fcrl\u00fc\u011f\u00fc \u0130\u015f Sa\u011fl\u0131\u011f\u0131 ve G\u00fcvenli\u011fi \u015eube M\u00fcd\u00fcrl\u00fc\u011f\u00fc taraf\u0131ndan &#8220;Afet Tatbikat Y\u0131l\u0131&#8221; olarak ilan edilen 2022 y\u0131l\u0131nda, \u00e7al\u0131\u015fanlara y\u00f6nelik 4 ayr\u0131 yang\u0131ndan korunma e\u011fitimi ve tatbikat\u0131 ger\u00e7ekle\u015ftirildi.<br \/>\nMESK\u0130, sivil savunma konusunda \u00e7al\u0131\u015fanlar\u0131n\u0131 bilin\u00e7lendirmeye devam ediyor<br \/>\nMESK\u0130 \u0130\u015f Sa\u011fl\u0131\u011f\u0131 ve G\u00fcvenli\u011fi \u015eube M\u00fcd\u00fcrl\u00fc\u011f\u00fc Sivil Savunma Amirli\u011fi, &#8220;Sivil Savunma Faaliyetlerinin Etkinli\u011finin Art\u0131r\u0131lmas\u0131&#8221; ile &#8220;Yang\u0131ndan Korunma Ekipmanlar\u0131n\u0131n Kontrollerinin Yap\u0131lmas\u0131&#8221; faaliyeti do\u011frultusunda\u037e sivil savunma konusunda \u00e7al\u0131\u015fanlar\u0131 bilin\u00e7lendirmek amac\u0131yla yap\u0131lan tatbikat say\u0131s\u0131n\u0131 art\u0131r\u0131yor.<br \/>\nMESK\u0130&#8217;nin 4 farkl\u0131 yerle\u015fkede d\u00fczenledi\u011fi &#8220;Yang\u0131n ve Yang\u0131ndan Korunma E\u011fitimi ve Tatbikatlar\u0131&#8221;na toplam 229 personel kat\u0131ld\u0131. Tatbikatlar\u0131n ilki Mezitli \u015eube \u015eefli\u011fi Yerle\u015fkesi&#8217;nde, ikincisi Makine \u0130kmal ve Tesisler Dairesi Ba\u015fkanl\u0131\u011f\u0131 Yeni Yerle\u015fkede (Heliport), \u00fc\u00e7\u00fcnc\u00fcs\u00fc Do\u011fu \u0130\u015fletmeler Dairesi Ba\u015fkanl\u0131\u011f\u0131 Tarsus D1 Depo Yerle\u015fkesi&#8217;nde, d\u00f6rd\u00fcnc\u00fcs\u00fc ise Teknik Hizmet Birimleri Yerle\u015fkesi&#8217;nde ger\u00e7ekle\u015ftirildi.<br \/>\nTatbikatta\u037e yang\u0131na ilk m\u00fcdahalenin yap\u0131lmas\u0131, yang\u0131n s\u00f6nd\u00fcr\u00fcc\u00fclerin kullan\u0131lmas\u0131, yang\u0131n an\u0131nda yap\u0131lmas\u0131 gerekenler, hangi cins yang\u0131n s\u00f6nd\u00fcr\u00fcc\u00fcn\u00fcn hangi s\u0131n\u0131f yang\u0131nda kullan\u0131laca\u011f\u0131 gibi hayati konularda teorik ve pratik bilgiler verildi.<\/p>\n","protected":false},"excerpt":{"rendered":"<p>MESK\u0130 Genel M\u00fcd\u00fcrl\u00fc\u011f\u00fc, &#8220;Afet Tatbikat Y\u0131l\u0131&#8221; olarak ilan edilen 2022 y\u0131l\u0131nda 4 ayr\u0131 &#8220;Yang\u0131n ve Yang\u0131ndan Korunma E\u011fitimi ve Tatbikatlar\u0131&#8221; ger\u00e7ekle\u015ftirdi. \u00c7al\u0131\u015fanlara\u037e yang\u0131na ilk m\u00fcdahale, yang\u0131n s\u00f6nd\u00fcr\u00fcc\u00fclerin kullan\u0131m\u0131, hangi cins &hellip; <a href=\"https:\/\/akdenizolaygazetesi.com\/?p=23301\" class=\"more-link\">Devam\u0131n\u0131 Oku&#8230;<\/a><\/p>\n","protected":false},"author":2,"featured_media":23302,"comment_status":"open","ping_status":"open","sticky":false,"template":"","format":"standard","meta":[],"categories":[2,3],"tags":[],"_links":{"self":[{"href":"https:\/\/akdenizolaygazetesi.com\/index.php?rest_route=\/wp\/v2\/posts\/23301"}],"collection":[{"href":"https:\/\/akdenizolaygazetesi.com\/index.php?rest_route=\/wp\/v2\/posts"}],"about":[{"href":"https:\/\/akdenizolaygazetesi.com\/index.php?rest_route=\/wp\/v2\/types\/post"}],"author":[{"embeddable":true,"href":"https:\/\/akdenizolaygazetesi.com\/index.php?rest_route=\/wp\/v2\/users\/2"}],"replies":[{"embeddable":true,"href":"https:\/\/akdenizolaygazetesi.com\/index.php?rest_route=%2Fwp%2Fv2%2Fcomments&post=23301"}],"version-history":[{"count":1,"href":"https:\/\/akdenizolaygazetesi.com\/index.php?rest_route=\/wp\/v2\/posts\/23301\/revisions"}],"predecessor-version":[{"id":23303,"href":"https:\/\/akdenizolaygazetesi.com\/index.php?rest_route=\/wp\/v2\/posts\/23301\/revisions\/23303"}],"wp:featuredmedia":[{"embeddable":true,"href":"https:\/\/akdenizolaygazetesi.com\/index.php?rest_route=\/wp\/v2\/media\/23302"}],"wp:attachment":[{"href":"https:\/\/akdenizolaygazetesi.com\/index.php?rest_route=%2Fwp%2Fv2%2Fmedia&parent=23301"}],"wp:term":[{"taxonomy":"category","embeddable":true,"href":"https:\/\/akdenizolaygazetesi.com\/index.php?rest_route=%2Fwp%2Fv2%2Fcategories&post=23301"},{"taxonomy":"post_tag","embeddable":true,"href":"https:\/\/akdenizolaygazetesi.com\/index.php?rest_route=%2Fwp%2Fv2%2Ftags&post=23301"}],"curies":[{"name":"wp","href":"https:\/\/api.w.org\/{rel}","templated":true}]}}