{"id":23304,"date":"2023-01-03T12:36:56","date_gmt":"2023-01-03T09:36:56","guid":{"rendered":"http:\/\/akdenizolaygazetesi.com\/?p=23304"},"modified":"2023-01-03T12:36:56","modified_gmt":"2023-01-03T09:36:56","slug":"akdeniz-kaymakami-zeyit-senerden-iade-i-ziyaret","status":"publish","type":"post","link":"https:\/\/akdenizolaygazetesi.com\/?p=23304","title":{"rendered":"Akdeniz Kaymakam\u0131 Zeyit \u015eener\u2019den iade-i ziyaret"},"content":{"rendered":"<p>Akdeniz Kaymakam\u0131 Zeyit \u015eener, Mersin Orman B\u00f6lge M\u00fcd\u00fcr\u00fc Mustafa Yal\u00e7\u0131n\u2019a iade-i ziyarette bulundu.<\/p>\n<p>\u015eener, B\u00f6lge M\u00fcd\u00fcr\u00fc Yal\u00e7\u0131n\u2019a iyi niyet dileklerinde bulunarak \u00e7al\u0131\u015fmalar\u0131nda ba\u015far\u0131lar dilerken, B\u00f6lge M\u00fcd\u00fcr\u00fc Yal\u00e7\u0131n ise ziyaretten duydu\u011fu memnuniyeti belirtti.<br \/>\nMersin Orman B\u00f6lge M\u00fcd\u00fcrl\u00fc\u011f\u00fc olarak nazik ziyaretleri i\u00e7in kendilerine te\u015fekk\u00fcr ederiz.<\/p>\n","protected":false},"excerpt":{"rendered":"<p>Akdeniz Kaymakam\u0131 Zeyit \u015eener, Mersin Orman B\u00f6lge M\u00fcd\u00fcr\u00fc Mustafa Yal\u00e7\u0131n\u2019a iade-i ziyarette bulundu. \u015eener, B\u00f6lge M\u00fcd\u00fcr\u00fc Yal\u00e7\u0131n\u2019a iyi niyet dileklerinde bulunarak \u00e7al\u0131\u015fmalar\u0131nda ba\u015far\u0131lar dilerken, B\u00f6lge M\u00fcd\u00fcr\u00fc Yal\u00e7\u0131n ise ziyaretten duydu\u011fu &hellip; <a href=\"https:\/\/akdenizolaygazetesi.com\/?p=23304\" class=\"more-link\">Devam\u0131n\u0131 Oku&#8230;<\/a><\/p>\n","protected":false},"author":2,"featured_media":23305,"comment_status":"open","ping_status":"open","sticky":false,"template":"","format":"standard","meta":[],"categories":[3],"tags":[],"_links":{"self":[{"href":"https:\/\/akdenizolaygazetesi.com\/index.php?rest_route=\/wp\/v2\/posts\/23304"}],"collection":[{"href":"https:\/\/akdenizolaygazetesi.com\/index.php?rest_route=\/wp\/v2\/posts"}],"about":[{"href":"https:\/\/akdenizolaygazetesi.com\/index.php?rest_route=\/wp\/v2\/types\/post"}],"author":[{"embeddable":true,"href":"https:\/\/akdenizolaygazetesi.com\/index.php?rest_route=\/wp\/v2\/users\/2"}],"replies":[{"embeddable":true,"href":"https:\/\/akdenizolaygazetesi.com\/index.php?rest_route=%2Fwp%2Fv2%2Fcomments&post=23304"}],"version-history":[{"count":1,"href":"https:\/\/akdenizolaygazetesi.com\/index.php?rest_route=\/wp\/v2\/posts\/23304\/revisions"}],"predecessor-version":[{"id":23306,"href":"https:\/\/akdenizolaygazetesi.com\/index.php?rest_route=\/wp\/v2\/posts\/23304\/revisions\/23306"}],"wp:featuredmedia":[{"embeddable":true,"href":"https:\/\/akdenizolaygazetesi.com\/index.php?rest_route=\/wp\/v2\/media\/23305"}],"wp:attachment":[{"href":"https:\/\/akdenizolaygazetesi.com\/index.php?rest_route=%2Fwp%2Fv2%2Fmedia&parent=23304"}],"wp:term":[{"taxonomy":"category","embeddable":true,"href":"https:\/\/akdenizolaygazetesi.com\/index.php?rest_route=%2Fwp%2Fv2%2Fcategories&post=23304"},{"taxonomy":"post_tag","embeddable":true,"href":"https:\/\/akdenizolaygazetesi.com\/index.php?rest_route=%2Fwp%2Fv2%2Ftags&post=23304"}],"curies":[{"name":"wp","href":"https:\/\/api.w.org\/{rel}","templated":true}]}}