{"id":23313,"date":"2023-01-03T12:42:21","date_gmt":"2023-01-03T09:42:21","guid":{"rendered":"http:\/\/akdenizolaygazetesi.com\/?p=23313"},"modified":"2023-01-03T12:42:21","modified_gmt":"2023-01-03T09:42:21","slug":"vali-ali-hamza-pehlivan-3-ocak-mersinin-kurtulusu-vesilesiyle-duzenlenen-futbol-musabakasina-katildi","status":"publish","type":"post","link":"https:\/\/akdenizolaygazetesi.com\/?p=23313","title":{"rendered":"VAL\u0130 AL\u0130 HAMZA PEHL\u0130VAN, 3 OCAK MERS\u0130N\u2019\u0130N KURTULU\u015eU VES\u0130LES\u0130YLE D\u00dcZENLENEN FUTBOL M\u00dcSABAKASI\u2019NA KATILDI"},"content":{"rendered":"<p>Valimiz Ali Hamza Pehlivan, Mersin\u2019in d\u00fc\u015fman i\u015fgalinden kurtulu\u015funun 101\u2019inci y\u0131ld\u00f6n\u00fcm\u00fc etkinlikleri \u00e7er\u00e7evesinde Mersin Gen\u00e7lik ve Spor \u0130l M\u00fcd\u00fcrl\u00fc\u011f\u00fc ile T\u00fcrkiye Futbol Antren\u00f6rleri Derne\u011fi (T\u00dcFAD) Mersin \u015eubesi taraf\u0131ndan Mersin Stadyumu\u2019nda d\u00fczenlenen \u201c3 Ocak Mersin\u2019in Kurtulu\u015fu \u015eehitleri Futbol M\u00fcsabakas\u0131\u201dna kat\u0131ld\u0131.<\/p>\n<p>Sayg\u0131 duru\u015funda bulunulmas\u0131 ve \u0130stiklal Mar\u015f\u0131m\u0131z\u0131n okunmas\u0131yla ba\u015flayan ve 30\u2019ar dakikal\u0131k 2 devreden olu\u015fan M\u00fcsabakan\u0131n 15\u2019inci dakikas\u0131nda hakem taraf\u0131ndan m\u00fccadele durdurularak Valimiz Ali Hamza Pehlivan taraf\u0131ndan bir konu\u015fma ger\u00e7ekle\u015ftirildi.<\/p>\n<p>Vali Pehlivan konu\u015fmas\u0131na Gazi Mustafa Kemal Atat\u00fcrk\u2019\u00fcn T\u00fcrk Milletini birbirine kenetleyen s\u00f6z\u00fc ile ba\u015flad\u0131:  &#8220;Efendiler! gidip Toros Da\u011flar\u0131na bak\u0131n\u0131z. E\u011fer orada bir tek Y\u00f6r\u00fck \u00e7ad\u0131r\u0131 g\u00f6r\u00fcrseniz ve o \u00e7ad\u0131rda bir duman t\u00fct\u00fcyorsa \u015funu \u00e7ok iyi biliniz ki bu d\u00fcnyada hi\u00e7bir g\u00fc\u00e7 ve kuvvet asla T\u00fcrk&#8217;\u00fc yenemez.&#8221;<\/p>\n<p>Vali Pehlivan konu\u015fmas\u0131n\u0131n devam\u0131nda &#8220;Bug\u00fcn burada Mersin \u015eehir Stadyumu&#8217;nda Mersin&#8217;in d\u00fc\u015fman i\u015fgalinden kurtulu\u015funun 101&#8217;inci y\u0131l d\u00f6n\u00fcm\u00fc vesilesiyle bir futbol m\u00fcsabakas\u0131 ger\u00e7ekle\u015ftirdik. M\u00fcsabakay\u0131 \u0130l protokol\u00fc ve ge\u00e7mi\u015fte bu spora g\u00f6n\u00fcl vermi\u015f, yapm\u0131\u015f ve hala oynamaya, spor yapmaya \u00e7al\u0131\u015fan Mersinli hem\u015fehrilerimizle birlikte ger\u00e7ekle\u015ftirdik. Bu vesileyle, kurtulu\u015f m\u00fccadelesini veren 101 y\u0131l \u00f6nce ve \u00f6ncesinde Kuvayi Milliye birlikleri olu\u015fturmak suretiyle yurdumuzun d\u00f6rt bir taraf\u0131nda oldu\u011fu gibi Mersin \u0130limizde de yo\u011fun, me\u015fakkatli, cansiperane bir \u015fekilde m\u00fccadele ederek bu m\u00fccadelesini zaferle ta\u00e7land\u0131ran Aziz ecdad\u0131m\u0131z\u0131; Cumhuriyetimizin kurucusu Gazi Mustafa Kemal Atat\u00fcrk ba\u015fta olmak \u00fczere b\u00fct\u00fcn milli m\u00fccadele kahramanlar\u0131m\u0131z\u0131, Aziz \u015fehitlerimizi, kahraman gazilerimizi sayg\u0131yla, rahmetle, minnetle yad ediyorum. <\/p>\n<p>Cumhuriyetimizin kurulu\u015funun 100&#8217;\u00fcnc\u00fc y\u0131l d\u00f6n\u00fcm\u00fcn\u00fc bar\u0131nd\u0131ran 2023 y\u0131l\u0131na girdik. \u0130n\u015fallah \u00fclkemiz, devletiyle, milletiyle ikinci y\u00fczy\u0131la da emin ad\u0131mlarla daha da g\u00fc\u00e7lenerek yoluna devam edecektir. Bu u\u011furda, Mersin olarak da yurdumuzun her bir ferdi olarak da her alanda \u00e7ok \u00e7al\u0131\u015fmaya in\u015fallah devam edece\u011fiz diyor ve nice y\u00fcz y\u0131llar temenni ediyorum&#8221; ifadelerini kulland\u0131.<\/p>\n<p>Vali Pehlivan&#8217;\u0131n konu\u015fmas\u0131n\u0131n ard\u0131ndan \u0130l protol\u00fc ve eski futbolcular\u0131n oynad\u0131\u011f\u0131 m\u00fcsabaka kald\u0131\u011f\u0131 yerden devam etti.<\/p>\n<p>M\u00fcsabaka sonunda berabere kalan beyaz ve k\u0131rm\u0131z\u0131 tak\u0131ml\u0131lar birbirlerini tebrik etti.<\/p>\n","protected":false},"excerpt":{"rendered":"<p>Valimiz Ali Hamza Pehlivan, Mersin\u2019in d\u00fc\u015fman i\u015fgalinden kurtulu\u015funun 101\u2019inci y\u0131ld\u00f6n\u00fcm\u00fc etkinlikleri \u00e7er\u00e7evesinde Mersin Gen\u00e7lik ve Spor \u0130l M\u00fcd\u00fcrl\u00fc\u011f\u00fc ile T\u00fcrkiye Futbol Antren\u00f6rleri Derne\u011fi (T\u00dcFAD) Mersin \u015eubesi taraf\u0131ndan Mersin Stadyumu\u2019nda d\u00fczenlenen &hellip; <a href=\"https:\/\/akdenizolaygazetesi.com\/?p=23313\" class=\"more-link\">Devam\u0131n\u0131 Oku&#8230;<\/a><\/p>\n","protected":false},"author":2,"featured_media":23314,"comment_status":"open","ping_status":"open","sticky":false,"template":"","format":"standard","meta":[],"categories":[3,10],"tags":[],"_links":{"self":[{"href":"https:\/\/akdenizolaygazetesi.com\/index.php?rest_route=\/wp\/v2\/posts\/23313"}],"collection":[{"href":"https:\/\/akdenizolaygazetesi.com\/index.php?rest_route=\/wp\/v2\/posts"}],"about":[{"href":"https:\/\/akdenizolaygazetesi.com\/index.php?rest_route=\/wp\/v2\/types\/post"}],"author":[{"embeddable":true,"href":"https:\/\/akdenizolaygazetesi.com\/index.php?rest_route=\/wp\/v2\/users\/2"}],"replies":[{"embeddable":true,"href":"https:\/\/akdenizolaygazetesi.com\/index.php?rest_route=%2Fwp%2Fv2%2Fcomments&post=23313"}],"version-history":[{"count":1,"href":"https:\/\/akdenizolaygazetesi.com\/index.php?rest_route=\/wp\/v2\/posts\/23313\/revisions"}],"predecessor-version":[{"id":23315,"href":"https:\/\/akdenizolaygazetesi.com\/index.php?rest_route=\/wp\/v2\/posts\/23313\/revisions\/23315"}],"wp:featuredmedia":[{"embeddable":true,"href":"https:\/\/akdenizolaygazetesi.com\/index.php?rest_route=\/wp\/v2\/media\/23314"}],"wp:attachment":[{"href":"https:\/\/akdenizolaygazetesi.com\/index.php?rest_route=%2Fwp%2Fv2%2Fmedia&parent=23313"}],"wp:term":[{"taxonomy":"category","embeddable":true,"href":"https:\/\/akdenizolaygazetesi.com\/index.php?rest_route=%2Fwp%2Fv2%2Fcategories&post=23313"},{"taxonomy":"post_tag","embeddable":true,"href":"https:\/\/akdenizolaygazetesi.com\/index.php?rest_route=%2Fwp%2Fv2%2Ftags&post=23313"}],"curies":[{"name":"wp","href":"https:\/\/api.w.org\/{rel}","templated":true}]}}