{"id":23316,"date":"2023-01-03T17:17:29","date_gmt":"2023-01-03T14:17:29","guid":{"rendered":"http:\/\/akdenizolaygazetesi.com\/?p=23316"},"modified":"2023-01-03T17:17:29","modified_gmt":"2023-01-03T14:17:29","slug":"baskan-ozyigit-vatandasimizin-hakkini-koruruz-kacak-yapilara-musaade-etmeyiz","status":"publish","type":"post","link":"https:\/\/akdenizolaygazetesi.com\/?p=23316","title":{"rendered":"Ba\u015fkan \u00d6zyi\u011fit \u201cVatanda\u015f\u0131m\u0131z\u0131n hakk\u0131n\u0131 koruruz, ka\u00e7ak yap\u0131lara m\u00fcsaade etmeyiz\u201d"},"content":{"rendered":"<p>Mersin Yeni\u015fehir Belediye Ba\u015fkan\u0131 Abdullah \u00d6zyi\u011fit, baz\u0131 bas\u0131n yay\u0131n organlar\u0131nda \u00e7\u0131kan Akkent Mahallesi\u2019nde in\u015faat\u0131 devam eden Mersin \u0130l M\u00fcft\u00fcl\u00fc\u011f\u00fc yerle\u015fkesinin bir k\u0131sm\u0131n\u0131n ka\u00e7ak oldu\u011fu \u015feklindeki as\u0131ls\u0131z haberlere y\u00f6nelik a\u00e7\u0131klama yapt\u0131. \u0130n\u015faat\u0131n ruhsata uygun oldu\u011funu ve ka\u00e7ak yap\u0131lara m\u00fcsaade etmeyeceklerini vurgulayan Ba\u015fkan \u00d6zyi\u011fit, b\u00f6lgede iki parselin oldu\u011funu,  tart\u0131\u015fmalara konu olan parselde herhangi bir y\u00fckselen in\u015faat faaliyetinin de olmad\u0131\u011f\u0131na dikkat \u00e7ekti.<br \/>\nMersin Yeni\u015fehir Belediye Meclisi Ocak Ay\u0131 1.Birle\u015fimi Yeni\u015fehir Belediye Ba\u015fkan\u0131 Abdullah \u00d6zyi\u011fit ba\u015fkanl\u0131\u011f\u0131nda yap\u0131ld\u0131. Yeni\u015fehir Belediyesi Atat\u00fcrk K\u00fclt\u00fcr Merkezi\u2019nden yap\u0131lan ve canl\u0131 olarak yay\u0131nlanan Meclis toplant\u0131s\u0131nda 14 madde g\u00f6r\u00fc\u015f\u00fclerek karara ba\u011fland\u0131.<br \/>\nMeclis\u2019te konu\u015fan Yeni\u015fehir Belediye Ba\u015fkan\u0131 Abdullah \u00d6zyi\u011fit, Akkent Mahallesi\u2019nde devam eden Mersin \u0130l M\u00fcft\u00fcl\u00fc\u011f\u00fc yerle\u015fkesinin in\u015faat\u0131n\u0131n ka\u00e7ak oldu\u011fu y\u00f6n\u00fcndeki iddialara yan\u0131t verdi.  Ba\u015fkan Abdullah \u00d6zyi\u011fit, Mersin M\u00fcft\u00fcl\u00fc\u011f\u00fcn\u00fcn plan tadilat\u0131 teklifi oldu\u011funu, bu teklifin de in\u015faat\u0131n devam etti\u011fi parselde de\u011fil, M\u00fcft\u00fcl\u00fc\u011fe ait olan ba\u015fka bir parsel ile ilgili oldu\u011funu kaydetti. Ba\u015fkan \u00d6zyi\u011fit, \u201c1.,  2., ve 3. etap imar planlar\u0131 5 Ocak\u2019ta ask\u0131dan inmi\u015f olacak. Dolay\u0131s\u0131yla 15 seneyi bulan Yeni\u015fehir\u2019in imar plan\u0131 meselesinin \u00f6n\u00fc a\u00e7\u0131lm\u0131\u015f olacak.  Bir bilgilendirme yapmak istiyorum,  M\u00fcft\u00fcl\u00fck yerle\u015fkesi konusu var. Bas\u0131nda ka\u00e7ak ve benzeri yaz\u0131lar var. Bunun asl\u0131 astar\u0131 yok. Yani plan tadilatlar\u0131 teklifleri var ama bir kamu birimi ka\u00e7ak ya da dayana\u011f\u0131 olmayan bir konuda harcama yapamaz. Yani bu ki\u015fisel sorumluluk da getirir. Bu konuda biz bir gazetemize tekzip yaz\u0131s\u0131 g\u00f6nderdik. Tekrar tekzip yay\u0131nlamayal\u0131m ama haberi de kald\u0131ral\u0131m dediler.  Tabi insanlar imar konular\u0131n\u0131 teknik olarak bilmedi\u011fi i\u00e7in bu haberler insanlar\u0131n ho\u015funa gidiyor. Ama ben bu haberleri yapacak ve yapan arkada\u015flardan tekrar tekrar rica ediyorum ki bir sorsunlar. Belediyemizin ilgili birimine, bize kolayl\u0131kla ula\u015fabilir ve soru sorabilirler. \u015eimdi iki ayr\u0131 parsel var. \u0130ki ayr\u0131 parselden bir tanesinde m\u00fcft\u00fcl\u00fck yerle\u015fkesi yap\u0131l\u0131yor. 30 numaral\u0131 parselde \u015fu anda yerle\u015fke in\u015faat\u0131 \u2018resmi kurum\u2019 stat\u00fcs\u00fcnde devam ediyor. 31 numaral\u0131 parselde ise bir ibadet alan\u0131 teklifi var. Dolay\u0131s\u0131yla oras\u0131 resmi bir kurum alan\u0131 olmas\u0131 sebebiyle ibadet alan\u0131 resmi kurum alan\u0131nda olam\u0131yor. O d\u00fczenleme yap\u0131ld\u0131, bunlar\u0131n bir a\u015famas\u0131 Meclisimizden de ge\u00e7ti, B\u00fcy\u00fck\u015fehir Belediye Meclisi\u2019nde de g\u00f6r\u00fc\u015f\u00fcld\u00fc. Yeni\u015fehir Belediye Meclisi olarak sosyal ve kamu binalar\u0131n\u0131n d\u00f6rt kata imar verilmesi noktas\u0131nda bir karar\u0131m\u0131z vard\u0131. O B\u00fcy\u00fck\u015fehir Belediye Meclisi\u2019nde 5 kat\u0131 olarak de\u011fi\u015fmi\u015f oldu. O b\u00f6lgenin 1982\u2019den gelen imar\u0131nda 1.5 emsallik bir imar\u0131 var. \u0130n\u015faat\u0131n devam etti\u011fi parsel bu imara uygun olarak ruhsatland\u0131r\u0131ld\u0131 ve in\u015faat\u0131na ba\u015fland\u0131. Daha sonra imar planlar\u0131 yenilendi, o b\u00f6lgede emsal yeni yap\u0131lacak in\u015faatlar i\u00e7in 0.90 olarak revize edildi. O b\u00f6lgede bulunan 31 numaral\u0131 parseldeki ibadet alan\u0131n\u0131n 0.90 emsal olarak \u00e7\u0131km\u0131\u015f olmas\u0131na m\u00fcft\u00fcl\u00fck makam\u0131 itiraz etmi\u015f. \u20181.5 emsal vard\u0131,  burada 1.5 emsal vermelisiniz\u2019 denilmi\u015f.  Dolay\u0131s\u0131yla \u015fu anda Mersin B\u00fcy\u00fck\u015fehir Meclisi\u2019nde 0.90\u2019\u0131n 1.50\u2019ye d\u00f6n\u00fc\u015ft\u00fcr\u00fcl\u00fcp d\u00f6n\u00fc\u015ft\u00fcr\u00fclmeyece\u011fi konusu g\u00f6r\u00fc\u015f\u00fcl\u00fcyor, mesele budur. Ama ka\u00e7ak bir imalat, in\u015faat fazlas\u0131 gibi bir durum s\u00f6z konusu de\u011fildir.\u201d<br \/>\nBa\u015fkan \u00d6zyi\u011fit,  \u201cB\u00f6yle bir \u015fey olsa biz de m\u00fcdahale ederiz, gerekirse dava a\u00e7\u0131l\u0131r, gerekirse m\u00fch\u00fcrlenir\u201d<br \/>\nS\u00f6z konusu in\u015faat\u0131n kontrol\u00f6rl\u00fc\u011f\u00fcn\u00fcn \u00c7evre, \u015eehircilik ve \u0130klim De\u011fi\u015fikli\u011fi Bakanl\u0131\u011f\u0131 taraf\u0131ndan yap\u0131ld\u0131\u011f\u0131n\u0131 da s\u00f6yleyen Ba\u015fkan Abdullah \u00d6zyi\u011fit,  \u201c Resmi kurum in\u015faatlar\u0131nda yap\u0131 denetim \u015firketleri yer almaz. Yani kamunun kaynak israf\u0131n\u0131 \u00f6nlemek i\u00e7in yine kamunun personeli taraf\u0131ndan bu denetimler yapt\u0131r\u0131l\u0131r. Dolay\u0131s\u0131yla denetim g\u00f6revi \u00c7evre, \u015eehircilik ve \u0130klim De\u011fi\u015fikli\u011fi Bakanl\u0131\u011f\u0131 taraf\u0131ndan y\u00fcr\u00fct\u00fclmektedir. Tabi ki biz Belediye olarak kentimizde olan her \u015feyden haberdar olmak, ilgilenmek zorunday\u0131z. B\u00f6yle bir \u015fey olsa biz de m\u00fcdahale ederiz, gerekirse dava a\u00e7\u0131l\u0131r, gerekirse m\u00fch\u00fcrlenir ama hi\u00e7bir bi\u00e7imde kimsenin yasay\u0131 ya da var olan hakk\u0131n \u00fczerinden kullan\u0131lmas\u0131n\u0131 kabul etmemiz m\u00fcmk\u00fcn de\u011fil. Vatanda\u015flar\u0131m\u0131z\u0131n hakk\u0131n\u0131 koruruz, ka\u00e7ak yap\u0131lara m\u00fcsaade etmeyiz.\u201d diye konu\u015ftu.  <\/p>\n","protected":false},"excerpt":{"rendered":"<p>Mersin Yeni\u015fehir Belediye Ba\u015fkan\u0131 Abdullah \u00d6zyi\u011fit, baz\u0131 bas\u0131n yay\u0131n organlar\u0131nda \u00e7\u0131kan Akkent Mahallesi\u2019nde in\u015faat\u0131 devam eden Mersin \u0130l M\u00fcft\u00fcl\u00fc\u011f\u00fc yerle\u015fkesinin bir k\u0131sm\u0131n\u0131n ka\u00e7ak oldu\u011fu \u015feklindeki as\u0131ls\u0131z haberlere y\u00f6nelik a\u00e7\u0131klama yapt\u0131. &hellip; <a href=\"https:\/\/akdenizolaygazetesi.com\/?p=23316\" class=\"more-link\">Devam\u0131n\u0131 Oku&#8230;<\/a><\/p>\n","protected":false},"author":2,"featured_media":23317,"comment_status":"open","ping_status":"open","sticky":false,"template":"","format":"standard","meta":[],"categories":[2,3],"tags":[],"_links":{"self":[{"href":"https:\/\/akdenizolaygazetesi.com\/index.php?rest_route=\/wp\/v2\/posts\/23316"}],"collection":[{"href":"https:\/\/akdenizolaygazetesi.com\/index.php?rest_route=\/wp\/v2\/posts"}],"about":[{"href":"https:\/\/akdenizolaygazetesi.com\/index.php?rest_route=\/wp\/v2\/types\/post"}],"author":[{"embeddable":true,"href":"https:\/\/akdenizolaygazetesi.com\/index.php?rest_route=\/wp\/v2\/users\/2"}],"replies":[{"embeddable":true,"href":"https:\/\/akdenizolaygazetesi.com\/index.php?rest_route=%2Fwp%2Fv2%2Fcomments&post=23316"}],"version-history":[{"count":1,"href":"https:\/\/akdenizolaygazetesi.com\/index.php?rest_route=\/wp\/v2\/posts\/23316\/revisions"}],"predecessor-version":[{"id":23318,"href":"https:\/\/akdenizolaygazetesi.com\/index.php?rest_route=\/wp\/v2\/posts\/23316\/revisions\/23318"}],"wp:featuredmedia":[{"embeddable":true,"href":"https:\/\/akdenizolaygazetesi.com\/index.php?rest_route=\/wp\/v2\/media\/23317"}],"wp:attachment":[{"href":"https:\/\/akdenizolaygazetesi.com\/index.php?rest_route=%2Fwp%2Fv2%2Fmedia&parent=23316"}],"wp:term":[{"taxonomy":"category","embeddable":true,"href":"https:\/\/akdenizolaygazetesi.com\/index.php?rest_route=%2Fwp%2Fv2%2Fcategories&post=23316"},{"taxonomy":"post_tag","embeddable":true,"href":"https:\/\/akdenizolaygazetesi.com\/index.php?rest_route=%2Fwp%2Fv2%2Ftags&post=23316"}],"curies":[{"name":"wp","href":"https:\/\/api.w.org\/{rel}","templated":true}]}}