{"id":23359,"date":"2023-01-05T16:37:17","date_gmt":"2023-01-05T13:37:17","guid":{"rendered":"http:\/\/akdenizolaygazetesi.com\/?p=23359"},"modified":"2023-01-05T16:37:17","modified_gmt":"2023-01-05T13:37:17","slug":"baskan-yilmaz-huzurevi-sakinlerinin-yeni-yilini-kutladi","status":"publish","type":"post","link":"https:\/\/akdenizolaygazetesi.com\/?p=23359","title":{"rendered":"BA\u015eKAN YILMAZ, HUZUREV\u0130 SAK\u0130NLER\u0130N\u0130N YEN\u0130 YILINI KUTLADI"},"content":{"rendered":"<p>Toroslar Belediye Ba\u015fkan\u0131 Ats\u0131z Af\u015f\u0131n Y\u0131lmaz; il\u00e7ede bulunan Yard\u0131m ve \u0130yilik Vakf\u0131 Huzurevi&#8217;ni ziyaret ederek, huzurevi sakinlerinin yeni y\u0131l\u0131n\u0131 kutlad\u0131.<\/p>\n<p>Huzurevi sakinleri taraf\u0131ndan ilgiyle kar\u015f\u0131lanan Ba\u015fkan Y\u0131lmaz, ya\u015f alm\u0131\u015f b\u00fcy\u00fcklerine yeni y\u0131l hediyesi vererek, onlarla sohbet edip taleplerini de dinledi.<\/p>\n<p>Ba\u015fkan Y\u0131lmaz; &#8220;Sizlerin, ya\u015fama sevincini kaybetmeden hayat s\u00fcrmeniz en b\u00fcy\u00fck temennimiz. Ba\u015f\u0131m\u0131z\u0131n \u00fczerinde yeriniz var. Sa\u011fl\u0131kl\u0131, huzurlu ve g\u00fczel bir y\u0131l ge\u00e7irmenizi diliyorum&#8221; dedi.<\/p>\n<p>Huzurevi ziyaretinde Ba\u015fkan Y\u0131lmaz&#8217;a, MHP Toroslar \u0130l\u00e7e Ba\u015fkan\u0131 H\u00fcsn\u00fc Do\u011fan ve AK Parti Toroslar \u0130l\u00e7e Ba\u015fkan\u0131 Bekir Top\u00e7u da e\u015flik etti.<\/p>\n<p>&#8220;HEP\u0130M\u0130Z, 100. YA\u015eINA G\u0130RMEYE HAZIRLANAN T\u00dcRK\u0130YE CUMHUR\u0130YET\u0130&#8217;N\u0130N EVLATLARIYIZ&#8221;<\/p>\n<p>Ya\u015f alm\u0131\u015f b\u00fcy\u00fckleriyle bir araya gelmekten mutluluk duydu\u011funu belirten Toroslar Belediye Ba\u015fkan\u0131 Ats\u0131z Af\u015f\u0131n Y\u0131lmaz; &#8220;Ge\u00e7mi\u015fini bilmeyen toplumlar gelece\u011fini de kuramaz. Milli ve manevi de\u011ferlerimizin ta\u015f\u0131y\u0131c\u0131s\u0131, tecr\u00fcbeleriyle yol g\u00f6sterici b\u00fcy\u00fcklerimizin her zaman yanlar\u0131nda olmaya devam edece\u011fiz. B\u00fcy\u00fcklerimizden \u00f6\u011frenece\u011fimiz \u00e7ok \u015fey var. Bizim i\u00e7in \u00f6nemli olan onlar\u0131n hay\u0131r dualar\u0131n\u0131 almakt\u0131r. Bizler, T\u00fcrk milleti olarak 100&#8217;\u00fcnc\u00fc ya\u015f\u0131na girmeye haz\u0131rlanan T\u00fcrkiye Cumhuriyeti&#8217;nin evlatlar\u0131y\u0131z. B\u00fcy\u00fck ve g\u00fc\u00e7l\u00fc T\u00fcrkiye yolunda var g\u00fcc\u00fcm\u00fczle ilerleyece\u011fiz. Bu duygu ve d\u00fc\u015f\u00fcncelerle bizleri bug\u00fcnlere yeti\u015ftiren ve gelece\u011fe haz\u0131rlayan b\u00fcy\u00fcklerimize sa\u011fl\u0131kl\u0131, huzurlu ve mutlu bir \u00f6m\u00fcr diliyorum&#8221; \u015feklinde konu\u015ftu.<\/p>\n<p>Huzurevi sakinleri ve y\u00f6neticileri de kendilerini hi\u00e7bir zaman unutmayan Ba\u015fkan Y\u0131lmaz&#8217;a ve ekibine te\u015fekk\u00fcr etti.<\/p>\n","protected":false},"excerpt":{"rendered":"<p>Toroslar Belediye Ba\u015fkan\u0131 Ats\u0131z Af\u015f\u0131n Y\u0131lmaz; il\u00e7ede bulunan Yard\u0131m ve \u0130yilik Vakf\u0131 Huzurevi&#8217;ni ziyaret ederek, huzurevi sakinlerinin yeni y\u0131l\u0131n\u0131 kutlad\u0131. Huzurevi sakinleri taraf\u0131ndan ilgiyle kar\u015f\u0131lanan Ba\u015fkan Y\u0131lmaz, ya\u015f alm\u0131\u015f b\u00fcy\u00fcklerine &hellip; <a href=\"https:\/\/akdenizolaygazetesi.com\/?p=23359\" class=\"more-link\">Devam\u0131n\u0131 Oku&#8230;<\/a><\/p>\n","protected":false},"author":2,"featured_media":23360,"comment_status":"open","ping_status":"open","sticky":false,"template":"","format":"standard","meta":[],"categories":[2,3],"tags":[],"_links":{"self":[{"href":"https:\/\/akdenizolaygazetesi.com\/index.php?rest_route=\/wp\/v2\/posts\/23359"}],"collection":[{"href":"https:\/\/akdenizolaygazetesi.com\/index.php?rest_route=\/wp\/v2\/posts"}],"about":[{"href":"https:\/\/akdenizolaygazetesi.com\/index.php?rest_route=\/wp\/v2\/types\/post"}],"author":[{"embeddable":true,"href":"https:\/\/akdenizolaygazetesi.com\/index.php?rest_route=\/wp\/v2\/users\/2"}],"replies":[{"embeddable":true,"href":"https:\/\/akdenizolaygazetesi.com\/index.php?rest_route=%2Fwp%2Fv2%2Fcomments&post=23359"}],"version-history":[{"count":1,"href":"https:\/\/akdenizolaygazetesi.com\/index.php?rest_route=\/wp\/v2\/posts\/23359\/revisions"}],"predecessor-version":[{"id":23361,"href":"https:\/\/akdenizolaygazetesi.com\/index.php?rest_route=\/wp\/v2\/posts\/23359\/revisions\/23361"}],"wp:featuredmedia":[{"embeddable":true,"href":"https:\/\/akdenizolaygazetesi.com\/index.php?rest_route=\/wp\/v2\/media\/23360"}],"wp:attachment":[{"href":"https:\/\/akdenizolaygazetesi.com\/index.php?rest_route=%2Fwp%2Fv2%2Fmedia&parent=23359"}],"wp:term":[{"taxonomy":"category","embeddable":true,"href":"https:\/\/akdenizolaygazetesi.com\/index.php?rest_route=%2Fwp%2Fv2%2Fcategories&post=23359"},{"taxonomy":"post_tag","embeddable":true,"href":"https:\/\/akdenizolaygazetesi.com\/index.php?rest_route=%2Fwp%2Fv2%2Ftags&post=23359"}],"curies":[{"name":"wp","href":"https:\/\/api.w.org\/{rel}","templated":true}]}}