{"id":23368,"date":"2023-01-06T13:13:50","date_gmt":"2023-01-06T10:13:50","guid":{"rendered":"http:\/\/akdenizolaygazetesi.com\/?p=23368"},"modified":"2023-01-06T13:13:50","modified_gmt":"2023-01-06T10:13:50","slug":"vali-ali-hamza-pehlivan-baskanliginda-tarsus-tarimsal-urun-isleme-ihtisas-osb-mutesebbis-heyet-toplantisi-gerceklestirildi","status":"publish","type":"post","link":"https:\/\/akdenizolaygazetesi.com\/?p=23368","title":{"rendered":"VAL\u0130 AL\u0130 HAMZA PEHL\u0130VAN BA\u015eKANLI\u011eINDA TARSUS TARIMSAL \u00dcR\u00dcN \u0130\u015eLEME \u0130HT\u0130SAS OSB M\u00dcTE\u015eEBB\u0130S HEYET TOPLANTISI GER\u00c7EKLE\u015eT\u0130R\u0130LD\u0130"},"content":{"rendered":"<p>Valimiz Ali Hamza Pehlivan ba\u015fkanl\u0131\u011f\u0131nda, Tarsus Tar\u0131msal \u00dcr\u00fcn \u0130\u015fleme \u0130htisas Organize Sanayi B\u00f6lgesi (T\u00dc\u0130OSB) M\u00fcte\u015febbis Heyet toplant\u0131s\u0131 ger\u00e7ekle\u015ftirildi.<\/p>\n<p>T\u00dc\u0130OSB idari binas\u0131nda d\u00fczenlenen toplant\u0131ya, Tarsus Kaymakam\u0131 Kadir Sertel Otcu, Tarsus T\u00dc\u0130OSB Y\u00f6netim Kurulu Ba\u015fkan\u0131 G\u00fcl Aky\u00fcrek Balta ve m\u00fcte\u015febbis heyet \u00fcyeleri kat\u0131ld\u0131.<\/p>\n<p>T\u00dc\u0130OSB Y\u00f6netim Kurulu Ba\u015fkan\u0131 G\u00fcl Aky\u00fcrek Balta\u2019n\u0131n konu\u015fmas\u0131 ve sunumlar\u0131 ile ba\u015flayan toplant\u0131, T\u00dc\u0130OSB\u2019nin geli\u015fim s\u00fcrecinin de\u011ferlendirilmesi ve g\u00fcndem maddelerinin g\u00f6r\u00fc\u015f\u00fclerek karara ba\u011flanmas\u0131n\u0131n ard\u0131ndan sona erdi.<\/p>\n<p>Toplant\u0131n\u0131n ard\u0131ndan m\u00fcte\u015febbis heyeti ile birlikte T\u00dc\u0130OSB \u015fantiye alan\u0131nda incelemelerde bulunan Vali Pehlivan, burada devam eden \u00e7al\u0131\u015fmalar ile ilgili olarak T\u00dc\u0130OSB Y\u00f6netim Kurulu Ba\u015fkan\u0131 G\u00fcl Aky\u00fcrek Balta\u2019dan bilgiler ald\u0131.<\/p>\n<p>Mersin Tarsus Tar\u0131msal \u00dcr\u00fcn \u0130\u015fleme \u0130htisas OSB 2018 y\u0131l\u0131nda 58 hektar alanda kurulmu\u015f olup toplam alan\u0131 118 hektara \u00e7\u0131kar\u0131lm\u0131\u015ft\u0131r. Mersin-Tarsus Tar\u0131msal \u00dcr\u00fcn \u0130\u015fleme \u0130htisas OSB\u2019de arazi kaz\u0131-dolgu ve tesviye i\u015flemleri devam etmekte olup 2023 y\u0131l\u0131 itibariyle arsa tahsislerine ba\u015flanmas\u0131; T\u00dc\u0130OSB temel altyap\u0131 yat\u0131r\u0131mlar\u0131 ile ilgili ihale s\u00fcre\u00e7lerinin 2023 Mart ay\u0131nda yap\u0131lmas\u0131 planlanmaktad\u0131r. OSB\u2019de 5000 ki\u015finin istihdam edilmesi planlanmaktad\u0131r.<\/p>\n","protected":false},"excerpt":{"rendered":"<p>Valimiz Ali Hamza Pehlivan ba\u015fkanl\u0131\u011f\u0131nda, Tarsus Tar\u0131msal \u00dcr\u00fcn \u0130\u015fleme \u0130htisas Organize Sanayi B\u00f6lgesi (T\u00dc\u0130OSB) M\u00fcte\u015febbis Heyet toplant\u0131s\u0131 ger\u00e7ekle\u015ftirildi. T\u00dc\u0130OSB idari binas\u0131nda d\u00fczenlenen toplant\u0131ya, Tarsus Kaymakam\u0131 Kadir Sertel Otcu, Tarsus T\u00dc\u0130OSB &hellip; <a href=\"https:\/\/akdenizolaygazetesi.com\/?p=23368\" class=\"more-link\">Devam\u0131n\u0131 Oku&#8230;<\/a><\/p>\n","protected":false},"author":2,"featured_media":23369,"comment_status":"open","ping_status":"open","sticky":false,"template":"","format":"standard","meta":[],"categories":[8,1,2,3,5],"tags":[],"_links":{"self":[{"href":"https:\/\/akdenizolaygazetesi.com\/index.php?rest_route=\/wp\/v2\/posts\/23368"}],"collection":[{"href":"https:\/\/akdenizolaygazetesi.com\/index.php?rest_route=\/wp\/v2\/posts"}],"about":[{"href":"https:\/\/akdenizolaygazetesi.com\/index.php?rest_route=\/wp\/v2\/types\/post"}],"author":[{"embeddable":true,"href":"https:\/\/akdenizolaygazetesi.com\/index.php?rest_route=\/wp\/v2\/users\/2"}],"replies":[{"embeddable":true,"href":"https:\/\/akdenizolaygazetesi.com\/index.php?rest_route=%2Fwp%2Fv2%2Fcomments&post=23368"}],"version-history":[{"count":1,"href":"https:\/\/akdenizolaygazetesi.com\/index.php?rest_route=\/wp\/v2\/posts\/23368\/revisions"}],"predecessor-version":[{"id":23370,"href":"https:\/\/akdenizolaygazetesi.com\/index.php?rest_route=\/wp\/v2\/posts\/23368\/revisions\/23370"}],"wp:featuredmedia":[{"embeddable":true,"href":"https:\/\/akdenizolaygazetesi.com\/index.php?rest_route=\/wp\/v2\/media\/23369"}],"wp:attachment":[{"href":"https:\/\/akdenizolaygazetesi.com\/index.php?rest_route=%2Fwp%2Fv2%2Fmedia&parent=23368"}],"wp:term":[{"taxonomy":"category","embeddable":true,"href":"https:\/\/akdenizolaygazetesi.com\/index.php?rest_route=%2Fwp%2Fv2%2Fcategories&post=23368"},{"taxonomy":"post_tag","embeddable":true,"href":"https:\/\/akdenizolaygazetesi.com\/index.php?rest_route=%2Fwp%2Fv2%2Ftags&post=23368"}],"curies":[{"name":"wp","href":"https:\/\/api.w.org\/{rel}","templated":true}]}}