{"id":23374,"date":"2023-01-06T13:17:20","date_gmt":"2023-01-06T10:17:20","guid":{"rendered":"http:\/\/akdenizolaygazetesi.com\/?p=23374"},"modified":"2023-01-06T13:17:20","modified_gmt":"2023-01-06T10:17:20","slug":"yenisehir-belediyesi-ikinci-betemin-temelini-atti","status":"publish","type":"post","link":"https:\/\/akdenizolaygazetesi.com\/?p=23374","title":{"rendered":"Yeni\u015fehir Belediyesi ikinci BETEM\u2019in temelini att\u0131"},"content":{"rendered":"<p>Mersin Yeni\u015fehir Belediyesi hayata ge\u00e7irdi\u011fi Erken \u00c7ocukluk Geli\u015fimi Projesi; Yeni\u015fehir Modeli kapsam\u0131nda ikincisini yapaca\u011f\u0131 Beceri Temelli E\u011fitim Merkezi(BETEM)\u2019nin temelini att\u0131. Yeni\u015fehir Belediyesi 2021 y\u0131l\u0131nda Fuat Morel Mahallesi\u2019nde hizmete a\u00e7t\u0131\u011f\u0131 \u00d6mer Faruk \u0130lbilgen Beceri Temelli E\u011fitim Merkezinden sonra Mente\u015f Mahallesi\u2019de de Mehmet Sad\u0131k G\u00fcrsoy Beceri Temelli E\u011fitim Merkezi ile 3-6 ya\u015f aras\u0131ndaki \u00e7ocuklar\u0131n geli\u015fimine destek verecek.<br \/>\nYeni\u015fehir Belediyesi, Erken \u00c7ocukluk Geli\u015fimi Projesi; Yeni\u015fehir Modeli\u2019nin bile\u015fenlerinden biri olan BETEM ile 3-6 ya\u015f aras\u0131ndaki \u00e7ocuklar\u0131n okul \u00f6ncesi e\u011fitimine y\u00f6nelik \u00e7al\u0131\u015fmalar\u0131na devam ediyor. Bir g\u00fcnd\u00fcz bak\u0131mevinden \u00f6te her \u00e7ocu\u011fun potansiyelini ortaya \u00e7\u0131karan ve onu en iyi \u015fekilde gelece\u011fe haz\u0131rlayan bir e\u011fitim kurumu olarak nitelendirilen BETEM\u2019de \u201cHer \u00e7ocuk farkl\u0131d\u0131r, her \u00e7ocuk ba\u015farabilir, her \u00e7ocuk fark yaratabilir\u201d slogan\u0131yla \u00e7ocuklara bireysel e\u011fitim programlar\u0131 haz\u0131rlanarak e\u011fitim veriliyor. Marmara \u00dcniversitesi Okul \u00d6ncesi B\u00f6l\u00fcm\u00fc dan\u0131\u015fmanl\u0131\u011f\u0131nda e\u011fitim veren BETEM\u2019de kurulan fen ve do\u011fa bilim, hayal ve tasar\u0131m, oyun ve hareket, algoritmik d\u00fc\u015f\u00fcnme ve kodlama, matematik, sanat ve estetik, orff ritim ve m\u00fczik, felsefe, yarat\u0131c\u0131 drama, yabanc\u0131 dil ve bilgi okuryazarl\u0131\u011f\u0131 at\u00f6lyeleriyle \u00e7ocuklara destek veriliyor.<br \/>\nYeni\u015fehir Belediyesi ve G\u00fcrsoy Grup i\u015f birli\u011fiyle Mente\u015f Mahallesi\u2019nde yap\u0131lacak ikinci BETEM\u2019in temeli at\u0131ld\u0131. Temel atma t\u00f6renine Yeni\u015fehir Belediye Ba\u015fkan\u0131 Abdullah \u00d6zyi\u011fit ve BETEM\u2019in in\u015faat\u0131n\u0131 \u00fcstlenen G\u00fcrsoy Grup Y\u00f6netim Kurulu Ba\u015fkan\u0131 Alper G\u00fcrsoy\u2019un yan\u0131 s\u0131ra CHP Yeni\u015fehir \u0130l\u00e7e Ba\u015fkan\u0131 Tayar Tahiro\u011flu, Mersin Baro Ba\u015fkan\u0131 Gazi \u00d6zdemir, Yeni\u015fehir Belediye Meclis \u00dcyeleri, sivil toplum kurulu\u015flar\u0131n\u0131n ba\u015fkan ve y\u00f6neticileri, muhtarlar ve \u00e7ok say\u0131da davetli kat\u0131ld\u0131.<br \/>\nBa\u015fkan \u00d6zyi\u011fit, \u201cHedefimiz y\u00fcz\u00fcnc\u00fc y\u0131lda y\u00fcz akademi\u201d<br \/>\nT\u00f6rende konu\u015fan Yeni\u015fehir Belediye Ba\u015fkan\u0131 Abdullah \u00d6zyi\u011fit, Yeni\u015fehir Belediyesi olarak erken \u00e7ocukluk e\u011fitiminde T\u00fcrkiye\u2019de model olduklar\u0131n\u0131 ifade ederek \u015funlar\u0131 s\u00f6yledi: \u201c\u00c7ocuklar\u0131m\u0131z\u0131 6 ya da 7 ya\u015f\u0131nda de\u011fil 1-2 ya\u015f\u0131nda ele almam\u0131z gerekiyor. Onlar\u0131n do\u011fru yeti\u015fmesi laz\u0131m, \u00e7a\u011fa uygun yeti\u015fmesini sa\u011flamak ad\u0131na onlar\u0131 \u00e7ok erken ele almam\u0131z gerekiyor. Bu anlay\u0131\u015fla Yeni\u015fehir Belediyesi olarak yola \u00e7\u0131kt\u0131k. Biz daha g\u00f6reve gelmeden \u00f6nce bu s\u00f6z\u00fc verdik, dedik ki; \u2018erken \u00e7ocukluk e\u011fitiminde T\u00fcrkiye, D\u00fcnya\u2019da sonuncu s\u0131rada ve biz g\u00f6reve gelirsek erken \u00e7ocukluk e\u011fitimine y\u00f6nelik \u00e7al\u0131\u015faca\u011f\u0131z. Bu merkezleri olu\u015fturaca\u011f\u0131z.\u2019 Bug\u00fcn T\u00fcrkiye\u2019de art\u0131k erken \u00e7ocukluk e\u011fitiminde \u2018Yeni\u015fehir Modeli\u2019 olgusu var. E\u011fitimde g\u00f6n\u00fcll\u00fcl\u00fck \u015fart. Bu g\u00f6n\u00fcll\u00fc\u011f\u00fc kaybetti\u011fimizi g\u00f6r\u00fcyoruz. O g\u00f6n\u00fcll\u00fcl\u00fc\u011f\u00fc yakalamak ve ba\u015farma arzusunu yakalayan insanlar\u0131 bulmak m\u00fcmk\u00fcn. Onun i\u00e7in bug\u00fcn art\u0131k T\u00fcrkiye ger\u00e7e\u011finde erken \u00e7ocukluk e\u011fitiminde \u2018Yeni\u015fehir Modeli\u2019 var. Ve biz bu modeli 177 belediyenin mensubu oldu\u011fu Marmara Belediyeler Birli\u011fine ve uluslararas\u0131 erken \u00e7ocukluk e\u011fitimi kongrelerinde anlatt\u0131k, anlatmaya devam ediyoruz. Marmara Belediyeler Birli\u011fi bizi davet ederken,\u2018Nerede erken \u00e7ocukluk e\u011fitimi diye bir ba\u015fl\u0131k arasak kar\u015f\u0131m\u0131za Yeni\u015fehir Belediyesi \u00e7\u0131kt\u0131. Bize bunu anlat\u0131r m\u0131s\u0131n\u0131z?\u2019 dediler.  Biz de tabi ki gururla anlatt\u0131k. Bir\u00e7ok belediye ile i\u015fbirli\u011fi yap\u0131p bunu kendilerinin uygulamas\u0131 noktas\u0131nda yine tan\u0131t\u0131m\u0131n\u0131 ger\u00e7ekle\u015ftiriyoruz. Ve bunun i\u00e7in de bulundu\u011fumuz yeni y\u0131lda Cumhuriyetimizin ikinci y\u00fczy\u0131l\u0131 yolunda yeni bir model olarak ya\u015fam\u0131m\u0131z\u0131n her alan\u0131na yerle\u015ftirece\u011fiz. Hedefimiz y\u00fcz\u00fcnc\u00fc y\u0131lda y\u00fcz akademi \u015feklinde Yeni\u015fehir Belediyesi Akademi gibi en az y\u00fcz belediyeye akademi kazand\u0131rmak olacak. Bunun i\u00e7in bir \u00e7aba i\u00e7erisindeyiz.\u201d<\/p>\n<p>Erken \u00c7ocukluk Geli\u015fimi Projesi; Yeni\u015fehir Modeli\u2019nin bir\u00e7ok bile\u015feni oldu\u011funu s\u00f6yleyen Ba\u015fkan \u00d6zyi\u011fit, \u201cBETEM bu s\u00fcrecin 3-6 ya\u015f halkas\u0131. Erken \u00c7ocukluk Geli\u015fimi Projesi; Yeni\u015fehir Modeli, anne-baba e\u011fitimlerinden geli\u015fimsel de\u011ferlendirme uygulamalar\u0131na, bebek k\u00fct\u00fcphanesinden STEM e\u011fitimlerine kadar geni\u015f bir s\u00fcreci kaps\u0131yor. Bug\u00fcn burada 3-6 ya\u015f i\u00e7in yapt\u0131\u011f\u0131m\u0131z BETEM 108 kapasiteli olacak. Fuat Morel Mahallemizde a\u00e7t\u0131\u011f\u0131m\u0131z \u00d6mer Faruk \u0130lbilgen Beceri Temelli E\u011fitim Merkezimiz de 108 \u00e7ocuk kapasiteli ama kapasitemiz yetmiyor. Kapasite yetmeyince sitemlerle kar\u015f\u0131la\u015f\u0131yoruz. \u015eunu bilmenizi isterim ki BETEM\u2019e al\u0131nan \u00f6\u011fretmenler ve \u00e7ocuklarda hi\u00e7bir bi\u00e7imde referans kullan\u0131lm\u0131yor. Tabiki \u00f6zel m\u00fcte\u015febbislere de BETEM\u2019in felsefesini ve e\u011fitim i\u00e7eri\u011fini aktarmam\u0131z gerekiyor. \u015eimdi Yeni\u015fehir Belediyesi \u00d6zel Mehmet Sad\u0131k G\u00fcrsoy Beceri Temelli E\u011fitim Merkezinin temelini at\u0131yoruz. Vefal\u0131 bir evlat olan ve toplumdan kazand\u0131\u011f\u0131n\u0131 toplumla payla\u015fma noktas\u0131nda en iyi yollardan birini se\u00e7en sevgili G\u00fcrsoy Grup Y\u00f6netim Kurulu Ba\u015fkan\u0131 Alper G\u00fcrsoy\u2019a te\u015fekk\u00fcr ederim.\u201d diye konu\u015ftu.<br \/>\n\u201cTeknolojiyi bilin\u00e7li olarak kullanan, yeni bilgiyi \u00fcreten ve y\u00f6neten bireyler\u2026\u201d<br \/>\nBETEM ile hedeflediklerini a\u00e7\u0131klayan Ba\u015fkan Abdullah \u00d6zyi\u011fit, \u201cBu \u00e7ok k\u0131ymetli bir i\u015f. \u00c7\u00fcnk\u00fc insan yeti\u015ftirece\u011fiz. Nitelikli insan yeti\u015ftirece\u011fiz. BETEM\u2019de \u00e7ocuklar\u0131m\u0131za ne kazand\u0131r\u0131yoruz bu \u00f6nemli. Velilerimize s\u0131k s\u0131k sorar\u0131m \u2018memnun musunuz?\u2019 diye. \u2018Biz buradan sonra \u00e7ocu\u011fumuzu kuraca\u011f\u0131n\u0131z bir ilkokula vermek istiyoruz.\u2019 diyorlar.  \u00c7ocuklar\u0131m\u0131za verilen e\u011fitim hizmetinin kalitesi noktas\u0131nda hi\u00e7bir s\u0131k\u0131nt\u0131 yok. Burada hedefimiz teknolojiyi bilin\u00e7li olarak kullanan, yeni bilgiyi \u00fcreten ve y\u00f6neten, bir yabanc\u0131 dili etkili kullanabilen, do\u011fa dostu, becerikli, \u00fcretebilen, kendisi olabilen, d\u00fc\u015f\u00fcnebilen, yarat\u0131c\u0131, problem \u00e7\u00f6zme becerisine sahip bireyler yeti\u015ftirmektir. \u00c7a\u011f\u0131m\u0131z bize bunu emrediyor. Yeni \u00fcretim modelleri yeni bir e\u011fitim anlay\u0131\u015f\u0131n\u0131 gerektirir. Yani biz insanlara belki bundan 30-50 sene sonra bu mesleklerin \u00e7o\u011fu ortadan kalkacak. Bu noktada sizin yeni bir e\u011fitim modeli ile \u00e7ocuklar\u0131 yeti\u015ftirmeniz gerekiyor. BETEM\u2019de yine ayr\u0131ca burada hem\u015fire ve psikolog da tam zamanl\u0131 olarak g\u00f6rev yapacak. \u0130yi ve kaliteli bir e\u011fitim s\u00fcreci \u00e7ocuklar\u0131m\u0131z i\u00e7in \u00e7ok \u00f6nemli. Onlar\u0131n ya\u015fam\u0131n\u0131 \u015fekillendirecek, geleceklerine y\u00f6n verecek olan \u015fey iyi ve nitelikli bir e\u011fitim sistemidir.\u201d ifadelerini kulland\u0131.<br \/>\n\u201cSiyasi g\u00f6r\u00fc\u015f\u00fc, hayata bak\u0131\u015f a\u00e7\u0131s\u0131 ne olursa olsun \u00e7al\u0131\u015fmalar\u0131m\u0131za destek veren, bizimle i\u015f birli\u011fi yapan insanlar var.\u201d<br \/>\nYeni\u015fehir Belediye Ba\u015fkan\u0131 Abdullah \u00d6zyi\u011fit, g\u00f6reve geldikten sonra Yeni\u015fehir Belediyesine ba\u011f\u0131\u015fta bulunan isimlere tek tek te\u015fekk\u00fcr etti. Ba\u015fkan \u00d6zyi\u011fit, Siyasi g\u00f6r\u00fc\u015f\u00fc, hayata bak\u0131\u015f a\u00e7\u0131s\u0131 ne olursa olsun \u00e7al\u0131\u015fmalar\u0131m\u0131za destek veren, bizimle i\u015f birli\u011fi yapan insanlar var. Bize duyduklar\u0131 g\u00fcveni \u00e7ok k\u0131ymetli buluyoruz. \u00d6zellikle baz\u0131 isimlere huzurunuzda te\u015fekk\u00fcr etmek istiyorum; Belediyemize ambulans ba\u011f\u0131\u015flayan Ya\u015far Ar\u0131kan\u2019a, Erkek \u00d6\u011frenci Yurdumuzun tefri\u015fat\u0131 i\u00e7in ba\u011f\u0131\u015fta bulunan Mustafa Baysan\u2019a, K\u00fclt\u00fcr Kompleksimizin in\u015faat\u0131n\u0131 \u00fcstlenen Y\u0131lmaz \u00d6zdemir\u2019e, \u0130lk BETEM binam\u0131z i\u00e7in ba\u011f\u0131\u015fta bulunan \u00d6mer Faruk \u0130lbilgen, \u00d6zkan Alt\u0131n ve Erkan Kan\u2019a, K\u00fct\u00fcphanelerimiz i\u00e7in \u00dclk\u00fc Ongun ve Osman \u015eahin\u2019e, Rehabilitasyon Merkezimizin yap\u0131m\u0131 i\u00e7in ba\u011f\u0131\u015fta bulunacak olan Murat ve \u0130sa \u00c7ani\u2019ye, k\u00fct\u00fcphane ve taziye evinden olu\u015facak merkezimize ba\u011f\u0131\u015fta bulunacak olan Mardin Giri\u015fimci \u0130\u015f \u0130nsanlar\u0131 Derne\u011fine, yine k\u00fct\u00fcphane ve taziye evi i\u00e7in Zeynel Aydemir\u2019e, Bisiklet E\u011fitim Park\u0131m\u0131zdaki b\u00fcfe ve hizmet binas\u0131 yap\u0131m\u0131 i\u00e7in ba\u011f\u0131\u015fta bulunacak olan Vahap Ery\u0131lmaz\u2019a ve di\u011fer t\u00fcm arkada\u015flar\u0131m\u0131za \u015fahs\u0131m ve t\u00fcm hem\u015fehrilerim ad\u0131na y\u00fcrekten te\u015fekk\u00fcr ediyorum. \u0130yi ki yan\u0131m\u0131zdalar, dayan\u0131\u015fmayla \u00e7ok daha g\u00fc\u00e7l\u00fcy\u00fcz.   Ve bug\u00fcn temelini ataca\u011f\u0131m\u0131z BETEM\u2019in in\u015faat\u0131n\u0131 \u00fcstlenerek, e\u011fitim anlay\u0131\u015f\u0131m\u0131za omuz veren, g\u00fcvenen ve \u00e7ocuklar\u0131m\u0131z\u0131n gelece\u011fi i\u00e7in elini ta\u015f\u0131n alt\u0131na koyan G\u00fcrsoy Grup Y\u00f6netim Kurulu Ba\u015fkan\u0131 Alper G\u00fcrsoy\u2019a \u00e7ok te\u015fekk\u00fcr ediyorum.\u201d dedi.<br \/>\nG\u00fcrsoy, \u201cUmar\u0131m burada yeti\u015fen gen\u00e7ler \u00fclkeye faydal\u0131 olur.\u201d<br \/>\nBETEM binas\u0131n\u0131n yap\u0131m\u0131n\u0131 \u00fcstlenen G\u00fcrsoy Grup Y\u00f6netim Kurulu Ba\u015fkan\u0131 Alper G\u00fcrsoy ise konu\u015fmas\u0131nda \u015fu ifadeleri kulland\u0131: \u201c\u00d6ncelikle bu imkan\u0131 veren say\u0131n Ba\u015fkan\u0131ma ve ekibine \u00e7ok te\u015fekk\u00fcr ediyorum. \u015eu anda da ismini koymak istedi\u011fimiz rahmetli babam Mehmet Sad\u0131k G\u00fcrsoy askerli\u011fini k\u00f6yde \u00f6\u011fretmen olarak yapm\u0131\u015f. Ve orada yeti\u015ftirdi\u011fi, uzun zaman irtibatta oldu\u011fu hatta \u00e7ok yak\u0131n bir zamanda bir \u00f6\u011frencisi \u00e7ok uzak bir diyardan beni arad\u0131, \u2018Ben \u015fu anda bir belediyede itfaiye m\u00fcd\u00fcr\u00fcy\u00fcm, burada e\u011fer bu g\u00f6revdeysem baban\u0131z sayesinde\u2019 dedi. Bu beni \u00e7ok gururland\u0131rm\u0131\u015ft\u0131. O y\u00fczden BETEM\u2019in yap\u0131m\u0131n\u0131 \u00e7ok arzu ettik, Ba\u015fkan\u0131ma da bize bu imkan\u0131 verdi\u011fi i\u00e7in \u00e7ok te\u015fekk\u00fcr ederim. Babam\u0131n bir laf\u0131 vard\u0131 derdi ki \u2018O\u011flum ne yaparsan yap en iyisini yap. Ayakkab\u0131 boyac\u0131s\u0131 bile olsan ayakkab\u0131 kutun herkesten farkl\u0131 olsun.\u2019 Bug\u00fcnk\u00fc merkezde zannediyorum ki \u00e7ok farkl\u0131 ve \u00f6zel bir merkez olacak \u00e7ocuklar\u0131m\u0131z i\u00e7in. 3-6 ya\u015f e\u011fitimi olan BETEM\u2019in yap\u0131m\u0131n\u0131 \u00fcstlenmekten \u00e7ok b\u00fcy\u00fck mutluluk duyuyorum. Tabi benim o\u011flumun ad\u0131 da Mehmet Sad\u0131k G\u00fcrsoy. Hem babam\u0131n hem o\u011flumun ad\u0131. Bug\u00fcn temel atman\u0131n bir t\u0131k \u00f6n\u00fcndeyiz. Ge\u00e7en ay normalde yapacakt\u0131k, benim ricam\u0131 k\u0131rmad\u0131n\u0131z. Bir se\u00e7im vard\u0131 o y\u00fczden beklediniz, size tekrar te\u015fekk\u00fcr ediyorum. Ayr\u0131ca bug\u00fcn do\u011fum g\u00fcn\u00fcn\u00fcz do\u011fum g\u00fcn\u00fcn\u00fcz kutlu olsun. Umar\u0131m burada yeti\u015fen gen\u00e7ler \u00fclkeye faydal\u0131 olur.\u201d <\/p>\n","protected":false},"excerpt":{"rendered":"<p>Mersin Yeni\u015fehir Belediyesi hayata ge\u00e7irdi\u011fi Erken \u00c7ocukluk Geli\u015fimi Projesi; Yeni\u015fehir Modeli kapsam\u0131nda ikincisini yapaca\u011f\u0131 Beceri Temelli E\u011fitim Merkezi(BETEM)\u2019nin temelini att\u0131. Yeni\u015fehir Belediyesi 2021 y\u0131l\u0131nda Fuat Morel Mahallesi\u2019nde hizmete a\u00e7t\u0131\u011f\u0131 \u00d6mer &hellip; <a href=\"https:\/\/akdenizolaygazetesi.com\/?p=23374\" class=\"more-link\">Devam\u0131n\u0131 Oku&#8230;<\/a><\/p>\n","protected":false},"author":2,"featured_media":23375,"comment_status":"open","ping_status":"open","sticky":false,"template":"","format":"standard","meta":[],"categories":[8,2,3,5],"tags":[],"_links":{"self":[{"href":"https:\/\/akdenizolaygazetesi.com\/index.php?rest_route=\/wp\/v2\/posts\/23374"}],"collection":[{"href":"https:\/\/akdenizolaygazetesi.com\/index.php?rest_route=\/wp\/v2\/posts"}],"about":[{"href":"https:\/\/akdenizolaygazetesi.com\/index.php?rest_route=\/wp\/v2\/types\/post"}],"author":[{"embeddable":true,"href":"https:\/\/akdenizolaygazetesi.com\/index.php?rest_route=\/wp\/v2\/users\/2"}],"replies":[{"embeddable":true,"href":"https:\/\/akdenizolaygazetesi.com\/index.php?rest_route=%2Fwp%2Fv2%2Fcomments&post=23374"}],"version-history":[{"count":1,"href":"https:\/\/akdenizolaygazetesi.com\/index.php?rest_route=\/wp\/v2\/posts\/23374\/revisions"}],"predecessor-version":[{"id":23376,"href":"https:\/\/akdenizolaygazetesi.com\/index.php?rest_route=\/wp\/v2\/posts\/23374\/revisions\/23376"}],"wp:featuredmedia":[{"embeddable":true,"href":"https:\/\/akdenizolaygazetesi.com\/index.php?rest_route=\/wp\/v2\/media\/23375"}],"wp:attachment":[{"href":"https:\/\/akdenizolaygazetesi.com\/index.php?rest_route=%2Fwp%2Fv2%2Fmedia&parent=23374"}],"wp:term":[{"taxonomy":"category","embeddable":true,"href":"https:\/\/akdenizolaygazetesi.com\/index.php?rest_route=%2Fwp%2Fv2%2Fcategories&post=23374"},{"taxonomy":"post_tag","embeddable":true,"href":"https:\/\/akdenizolaygazetesi.com\/index.php?rest_route=%2Fwp%2Fv2%2Ftags&post=23374"}],"curies":[{"name":"wp","href":"https:\/\/api.w.org\/{rel}","templated":true}]}}