{"id":23377,"date":"2023-01-06T13:18:51","date_gmt":"2023-01-06T10:18:51","guid":{"rendered":"http:\/\/akdenizolaygazetesi.com\/?p=23377"},"modified":"2023-01-06T13:18:51","modified_gmt":"2023-01-06T10:18:51","slug":"chpli-levent-gok-roboski-uluderenin-gozyaslari-kitabini-mersinliler-icin-imzalayacak","status":"publish","type":"post","link":"https:\/\/akdenizolaygazetesi.com\/?p=23377","title":{"rendered":"CHP\u2019li Levent G\u00f6k, \u201cRoboski: Uludere\u2019nin G\u00f6zya\u015flar\u0131\u201d kitab\u0131n\u0131 Mersinliler i\u00e7in imzalayacak"},"content":{"rendered":"<p>Cumhuriyet Halk Partisi(CHP) Ankara Milletvekili Levent G\u00f6k, \u201cRoboski: Uludere\u2019nin G\u00f6zya\u015flar\u0131\u201d kitab\u0131n\u0131 8 Ocak Pazar g\u00fcn\u00fc saat 14.00\u2019te Yeni\u015fehir Belediyesi Atat\u00fcrk K\u00fclt\u00fcr Merkezi\u2019nde Mersinliler i\u00e7in imzalayacak.Roboski olay\u0131n\u0131 yarg\u0131 s\u00fcrecinden ailelerinin ya\u015fad\u0131klar\u0131na kadar bir\u00e7ok boyutuyla okurlara sunan Levent G\u00f6k, kitaptan elde edilen geliri de ya\u015fam\u0131n\u0131 yitiren yurtta\u015flar\u0131n ailelerine ba\u011f\u0131\u015flayacak.<br \/>\nCHP Ankara Milletvekili Levent G\u00f6k, okurlar\u0131yla bulu\u015fmak i\u00e7in Mersin\u2019e geliyor. CHP Genel Ba\u015fkan\u0131 Kemal K\u0131l\u0131\u00e7daro\u011flu\u2019nun \u00f6ns\u00fcz\u00fcn\u00fc yazd\u0131\u011f\u0131 \u201cRoboski: Uludere\u2019nin G\u00f6zya\u015flar\u0131\u201d kitab\u0131n\u0131 okurlar\u0131 i\u00e7in imzalayacak olan Levent G\u00f6k, s\u00f6yle\u015fi program\u0131yla da Mersinlilerle bir araya gelecek. Mersin Yeni\u015fehir Belediye Ba\u015fkan\u0131 Abdullah \u00d6zyi\u011fit de d\u00fczenlenecek s\u00f6yle\u015fi ve imza g\u00fcn\u00fcne t\u00fcm kitapseverleri davet etti.<br \/>\nCHP Genel Ba\u015fkan\u0131 Kemal K\u0131l\u0131\u00e7daro\u011flu, kaleme ald\u0131\u011f\u0131 \u00f6ns\u00f6zde \u015fu de\u011ferlendirmeleri yapt\u0131: \u201cHukukun \u00fcst\u00fcnl\u00fc\u011f\u00fcne inan\u0131yoruz, adalet kavram\u0131n\u0131n ne kadar \u00f6nemli oldu\u011funu biliyoruz. Ankara Milletvekilimiz Levent G\u00f6k, bu olay\u0131 bir uzman gibi, i\u011fneyle kuyu kazar gibi ara\u015ft\u0131rd\u0131, b\u00fct\u00fcn ayr\u0131nt\u0131lar\u0131yla de\u011ferlendirdi. Olay kapat\u0131lmak isteniyor ama bu arkada\u015f\u0131m\u0131z \u2018Hay\u0131r, bu olay\u0131 kapatamazs\u0131n\u0131z, burada insanl\u0131k dram\u0131 var.\u2019 diyor. Haf\u0131zam\u0131z\u0131 tazeleyen, tarihe not d\u00fc\u015fen, b\u00fcy\u00fck bir ac\u0131y\u0131 unutturmayan bu kitab\u0131ndan dolay\u0131 Levent G\u00f6k\u2019\u00fc kutlar\u0131m.\u201d<br \/>\nLevent G\u00f6k\u2019\u00fc Mersin Yeni\u015fehir\u2019de a\u011f\u0131rlamaktan mutluluk duyduklar\u0131n\u0131 kaydeden Yeni\u015fehir Belediye Ba\u015fkan\u0131 Abdullah \u00d6zyi\u011fit, \u201cCHP Ankara Milletvekilimiz Levent G\u00f6k, hepimizin y\u00fcre\u011fini yaralayan Roboski facias\u0131n\u0131n yans\u0131malar\u0131n\u0131 ustaca kaleme alm\u0131\u015f ve unutulmamas\u0131 ad\u0131na tarihe \u00e7ok \u00f6nemli notlar d\u00fc\u015fm\u00fc\u015f.Mersin Yeni\u015fehir\u2019de okurlar\u0131yla bulu\u015facak olmas\u0131 \u00e7ok k\u0131ymetli. T\u00fcm hem\u015fehrilerimizi imza g\u00fcn\u00fc ve s\u00f6yle\u015fi program\u0131na bekliyoruz\u201d dedi.<\/p>\n","protected":false},"excerpt":{"rendered":"<p>Cumhuriyet Halk Partisi(CHP) Ankara Milletvekili Levent G\u00f6k, \u201cRoboski: Uludere\u2019nin G\u00f6zya\u015flar\u0131\u201d kitab\u0131n\u0131 8 Ocak Pazar g\u00fcn\u00fc saat 14.00\u2019te Yeni\u015fehir Belediyesi Atat\u00fcrk K\u00fclt\u00fcr Merkezi\u2019nde Mersinliler i\u00e7in imzalayacak.Roboski olay\u0131n\u0131 yarg\u0131 s\u00fcrecinden ailelerinin ya\u015fad\u0131klar\u0131na &hellip; <a href=\"https:\/\/akdenizolaygazetesi.com\/?p=23377\" class=\"more-link\">Devam\u0131n\u0131 Oku&#8230;<\/a><\/p>\n","protected":false},"author":2,"featured_media":23378,"comment_status":"open","ping_status":"open","sticky":false,"template":"","format":"standard","meta":[],"categories":[3,5],"tags":[],"_links":{"self":[{"href":"https:\/\/akdenizolaygazetesi.com\/index.php?rest_route=\/wp\/v2\/posts\/23377"}],"collection":[{"href":"https:\/\/akdenizolaygazetesi.com\/index.php?rest_route=\/wp\/v2\/posts"}],"about":[{"href":"https:\/\/akdenizolaygazetesi.com\/index.php?rest_route=\/wp\/v2\/types\/post"}],"author":[{"embeddable":true,"href":"https:\/\/akdenizolaygazetesi.com\/index.php?rest_route=\/wp\/v2\/users\/2"}],"replies":[{"embeddable":true,"href":"https:\/\/akdenizolaygazetesi.com\/index.php?rest_route=%2Fwp%2Fv2%2Fcomments&post=23377"}],"version-history":[{"count":1,"href":"https:\/\/akdenizolaygazetesi.com\/index.php?rest_route=\/wp\/v2\/posts\/23377\/revisions"}],"predecessor-version":[{"id":23379,"href":"https:\/\/akdenizolaygazetesi.com\/index.php?rest_route=\/wp\/v2\/posts\/23377\/revisions\/23379"}],"wp:featuredmedia":[{"embeddable":true,"href":"https:\/\/akdenizolaygazetesi.com\/index.php?rest_route=\/wp\/v2\/media\/23378"}],"wp:attachment":[{"href":"https:\/\/akdenizolaygazetesi.com\/index.php?rest_route=%2Fwp%2Fv2%2Fmedia&parent=23377"}],"wp:term":[{"taxonomy":"category","embeddable":true,"href":"https:\/\/akdenizolaygazetesi.com\/index.php?rest_route=%2Fwp%2Fv2%2Fcategories&post=23377"},{"taxonomy":"post_tag","embeddable":true,"href":"https:\/\/akdenizolaygazetesi.com\/index.php?rest_route=%2Fwp%2Fv2%2Ftags&post=23377"}],"curies":[{"name":"wp","href":"https:\/\/api.w.org\/{rel}","templated":true}]}}