{"id":23380,"date":"2023-01-06T13:20:12","date_gmt":"2023-01-06T10:20:12","guid":{"rendered":"http:\/\/akdenizolaygazetesi.com\/?p=23380"},"modified":"2023-01-06T13:20:12","modified_gmt":"2023-01-06T10:20:12","slug":"koy-yasam-merkezlerimizle-her-yerde-egitim","status":"publish","type":"post","link":"https:\/\/akdenizolaygazetesi.com\/?p=23380","title":{"rendered":"K\u00d6Y YA\u015eAM MERKEZLER\u0130M\u0130ZLE HER YERDE E\u011e\u0130T\u0130M"},"content":{"rendered":"<p>Milli E\u011fitim Bakanl\u0131\u011f\u0131m\u0131z taraf\u0131ndan \u00fclkemizin be\u015feri sermayesini art\u0131rmak hedefiyle y\u00fcr\u00fct\u00fclen kapsaml\u0131 \u00e7al\u0131\u015fmalar \u00e7er\u00e7evesinde, okul ve okulla\u015fma oranlar\u0131n\u0131 art\u0131rmak i\u00e7in aktif olarak kullan\u0131lmayan k\u00f6y ilkokullar\u0131n\u0131n yeniden a\u00e7\u0131larak k\u00f6y ya\u015fam merkezlerine d\u00f6n\u00fc\u015ft\u00fcr\u00fclmesi projesi ba\u015flat\u0131lm\u0131\u015ft\u0131r.<\/p>\n<p>\u0130l Milli E\u011fitim M\u00fcd\u00fcr\u00fcm\u00fcz Say\u0131n Adem KOCA, &#8220;Bakanl\u0131\u011f\u0131m\u0131z\u0131n ba\u015flatt\u0131\u011f\u0131 proje kapsam\u0131nda ilimiz genelinde gerekli \u00e7al\u0131\u015fmalar ivedilikle y\u00fcr\u00fct\u00fclm\u00fc\u015f ve 48 k\u00f6y okulumuz, k\u00f6y ya\u015fam merkezine d\u00f6n\u00fc\u015ft\u00fcr\u00fclerek vatanda\u015flar\u0131m\u0131z\u0131n hizmetine sunulmu\u015ftur. \u0130limiz genelinde at\u0131l durumdaki okullar\u0131m\u0131z\u0131n k\u00f6y ya\u015fam merkezine d\u00f6n\u00fc\u015ft\u00fcrme \u00e7al\u0131\u015fmalar\u0131 devam etmektedir. K\u00f6y ya\u015fam merkezleri sayesinde; k\u00f6ylerde ikamet eden \u00e7ocuklar\u0131m\u0131z\u0131n okul \u00f6ncesi\/ilkokul e\u011fitimine kolayl\u0131kla eri\u015fmesine ve yeti\u015fkin vatanda\u015flar\u0131m\u0131z\u0131n halk e\u011fitimi merkezleri marifetiyle a\u00e7\u0131lan kurslara kat\u0131lmalar\u0131na olanak sa\u011flanm\u0131\u015ft\u0131r. Vatanda\u015flar\u0131m\u0131z k\u00f6y ya\u015fam merkezlerinden okul, k\u00fct\u00fcphane, kurs gibi ihtiya\u00e7 duyduklar\u0131 farkl\u0131 alanlara g\u00f6re istifade edebilmektedirler. K\u00f6y ya\u015fam merkezlerimiz, adeta k\u00f6ylerimizin kalbi olmu\u015f, bir k\u00fclt\u00fcr merkezi haline gelmi\u015ftir. \u0130limizdeki k\u00f6y ya\u015fam merkezlerimizin tamam\u0131nda hayat boyu \u00f6\u011frenme kurslar\u0131m\u0131z mevcuttur. Vatanda\u015flar\u0131m\u0131z bu kurslardan yararlanabilir, ihtiya\u00e7lar\u0131na g\u00f6re yeni kurslar talep edebilirler. Vatanda\u015f\u0131m\u0131z\u0131n isteyip de bizim a\u00e7amayaca\u011f\u0131m\u0131z kursun olmad\u0131\u011f\u0131n\u0131 \u00f6zellikle vurgulamak isterim. Projede eme\u011fi ge\u00e7en t\u00fcm meslekta\u015flar\u0131ma ve bizlere katk\u0131 sunan t\u00fcm hay\u0131rseverlere en kalbi duygular\u0131mla te\u015fekk\u00fcr ediyor, t\u00fcm vatanda\u015flar\u0131m\u0131z\u0131 k\u00f6y ya\u015fam merkezlerimize davet ediyorum.&#8221; dedi. <\/p>\n","protected":false},"excerpt":{"rendered":"<p>Milli E\u011fitim Bakanl\u0131\u011f\u0131m\u0131z taraf\u0131ndan \u00fclkemizin be\u015feri sermayesini art\u0131rmak hedefiyle y\u00fcr\u00fct\u00fclen kapsaml\u0131 \u00e7al\u0131\u015fmalar \u00e7er\u00e7evesinde, okul ve okulla\u015fma oranlar\u0131n\u0131 art\u0131rmak i\u00e7in aktif olarak kullan\u0131lmayan k\u00f6y ilkokullar\u0131n\u0131n yeniden a\u00e7\u0131larak k\u00f6y ya\u015fam merkezlerine d\u00f6n\u00fc\u015ft\u00fcr\u00fclmesi &hellip; <a href=\"https:\/\/akdenizolaygazetesi.com\/?p=23380\" class=\"more-link\">Devam\u0131n\u0131 Oku&#8230;<\/a><\/p>\n","protected":false},"author":2,"featured_media":23381,"comment_status":"open","ping_status":"open","sticky":false,"template":"","format":"standard","meta":[],"categories":[34,2,3],"tags":[],"_links":{"self":[{"href":"https:\/\/akdenizolaygazetesi.com\/index.php?rest_route=\/wp\/v2\/posts\/23380"}],"collection":[{"href":"https:\/\/akdenizolaygazetesi.com\/index.php?rest_route=\/wp\/v2\/posts"}],"about":[{"href":"https:\/\/akdenizolaygazetesi.com\/index.php?rest_route=\/wp\/v2\/types\/post"}],"author":[{"embeddable":true,"href":"https:\/\/akdenizolaygazetesi.com\/index.php?rest_route=\/wp\/v2\/users\/2"}],"replies":[{"embeddable":true,"href":"https:\/\/akdenizolaygazetesi.com\/index.php?rest_route=%2Fwp%2Fv2%2Fcomments&post=23380"}],"version-history":[{"count":1,"href":"https:\/\/akdenizolaygazetesi.com\/index.php?rest_route=\/wp\/v2\/posts\/23380\/revisions"}],"predecessor-version":[{"id":23382,"href":"https:\/\/akdenizolaygazetesi.com\/index.php?rest_route=\/wp\/v2\/posts\/23380\/revisions\/23382"}],"wp:featuredmedia":[{"embeddable":true,"href":"https:\/\/akdenizolaygazetesi.com\/index.php?rest_route=\/wp\/v2\/media\/23381"}],"wp:attachment":[{"href":"https:\/\/akdenizolaygazetesi.com\/index.php?rest_route=%2Fwp%2Fv2%2Fmedia&parent=23380"}],"wp:term":[{"taxonomy":"category","embeddable":true,"href":"https:\/\/akdenizolaygazetesi.com\/index.php?rest_route=%2Fwp%2Fv2%2Fcategories&post=23380"},{"taxonomy":"post_tag","embeddable":true,"href":"https:\/\/akdenizolaygazetesi.com\/index.php?rest_route=%2Fwp%2Fv2%2Ftags&post=23380"}],"curies":[{"name":"wp","href":"https:\/\/api.w.org\/{rel}","templated":true}]}}