{"id":23386,"date":"2023-01-07T20:18:28","date_gmt":"2023-01-07T17:18:28","guid":{"rendered":"http:\/\/akdenizolaygazetesi.com\/?p=23386"},"modified":"2023-01-07T20:18:28","modified_gmt":"2023-01-07T17:18:28","slug":"mersin-milletvekili-haci-ozkandan-nezaket-ziyareti","status":"publish","type":"post","link":"https:\/\/akdenizolaygazetesi.com\/?p=23386","title":{"rendered":"Mersin Milletvekili Hac\u0131 \u00d6zkan\u2019dan nezaket ziyareti"},"content":{"rendered":"<p>Mersin Ak Parti Milletvekili Hac\u0131 \u00d6zkan, Mersin Orman B\u00f6lge M\u00fcd\u00fcr\u00fc Mustafa Yal\u00e7\u0131n\u2019\u0131 makam\u0131nda ziyaret etti.<\/p>\n<p>\u00d6zkan, B\u00f6lge M\u00fcd\u00fcr\u00fc Yal\u00e7\u0131n\u2019a iyi niyet dileklerinde bulunarak \u00e7al\u0131\u015fmalar\u0131nda ba\u015far\u0131lar dilerken, B\u00f6lge M\u00fcd\u00fcr\u00fc Yal\u00e7\u0131n ise ziyaretten duydu\u011fu memnuniyeti belirtti.<br \/>\nMersin Orman B\u00f6lge M\u00fcd\u00fcrl\u00fc\u011f\u00fc olarak nazik ziyaretleri i\u00e7in kendilerine te\u015fekk\u00fcr ederiz.<\/p>\n","protected":false},"excerpt":{"rendered":"<p>Mersin Ak Parti Milletvekili Hac\u0131 \u00d6zkan, Mersin Orman B\u00f6lge M\u00fcd\u00fcr\u00fc Mustafa Yal\u00e7\u0131n\u2019\u0131 makam\u0131nda ziyaret etti. \u00d6zkan, B\u00f6lge M\u00fcd\u00fcr\u00fc Yal\u00e7\u0131n\u2019a iyi niyet dileklerinde bulunarak \u00e7al\u0131\u015fmalar\u0131nda ba\u015far\u0131lar dilerken, B\u00f6lge M\u00fcd\u00fcr\u00fc Yal\u00e7\u0131n ise &hellip; <a href=\"https:\/\/akdenizolaygazetesi.com\/?p=23386\" class=\"more-link\">Devam\u0131n\u0131 Oku&#8230;<\/a><\/p>\n","protected":false},"author":2,"featured_media":23387,"comment_status":"open","ping_status":"open","sticky":false,"template":"","format":"standard","meta":[],"categories":[1,2,3],"tags":[],"_links":{"self":[{"href":"https:\/\/akdenizolaygazetesi.com\/index.php?rest_route=\/wp\/v2\/posts\/23386"}],"collection":[{"href":"https:\/\/akdenizolaygazetesi.com\/index.php?rest_route=\/wp\/v2\/posts"}],"about":[{"href":"https:\/\/akdenizolaygazetesi.com\/index.php?rest_route=\/wp\/v2\/types\/post"}],"author":[{"embeddable":true,"href":"https:\/\/akdenizolaygazetesi.com\/index.php?rest_route=\/wp\/v2\/users\/2"}],"replies":[{"embeddable":true,"href":"https:\/\/akdenizolaygazetesi.com\/index.php?rest_route=%2Fwp%2Fv2%2Fcomments&post=23386"}],"version-history":[{"count":1,"href":"https:\/\/akdenizolaygazetesi.com\/index.php?rest_route=\/wp\/v2\/posts\/23386\/revisions"}],"predecessor-version":[{"id":23388,"href":"https:\/\/akdenizolaygazetesi.com\/index.php?rest_route=\/wp\/v2\/posts\/23386\/revisions\/23388"}],"wp:featuredmedia":[{"embeddable":true,"href":"https:\/\/akdenizolaygazetesi.com\/index.php?rest_route=\/wp\/v2\/media\/23387"}],"wp:attachment":[{"href":"https:\/\/akdenizolaygazetesi.com\/index.php?rest_route=%2Fwp%2Fv2%2Fmedia&parent=23386"}],"wp:term":[{"taxonomy":"category","embeddable":true,"href":"https:\/\/akdenizolaygazetesi.com\/index.php?rest_route=%2Fwp%2Fv2%2Fcategories&post=23386"},{"taxonomy":"post_tag","embeddable":true,"href":"https:\/\/akdenizolaygazetesi.com\/index.php?rest_route=%2Fwp%2Fv2%2Ftags&post=23386"}],"curies":[{"name":"wp","href":"https:\/\/api.w.org\/{rel}","templated":true}]}}