{"id":23389,"date":"2023-01-07T20:20:01","date_gmt":"2023-01-07T17:20:01","guid":{"rendered":"http:\/\/akdenizolaygazetesi.com\/?p=23389"},"modified":"2023-01-07T20:20:01","modified_gmt":"2023-01-07T17:20:01","slug":"yetenek-donusum-projesi-2023de-devam-edecek","status":"publish","type":"post","link":"https:\/\/akdenizolaygazetesi.com\/?p=23389","title":{"rendered":"YETENEK D\u00d6N\u00dc\u015e\u00dcM PROJES\u0130 2023&#8217;DE DEVAM EDECEK"},"content":{"rendered":"<p>Mersin B\u00fcy\u00fck\u015fehir Belediyesi Kariyer Merkezi, 2022 d\u00f6neminde hayata ge\u00e7irdi\u011fi &#8216;Yetenek D\u00f6n\u00fc\u015f\u00fcm Projesi&#8217; ile fark yarat\u0131yor.<\/p>\n<p>Yetenek D\u00f6n\u00fc\u015f\u00fcm Projesi ile i\u015fg\u00fcc\u00fc piyasas\u0131n\u0131n ihtiya\u00e7 duydu\u011fu mesleklerde mesleki e\u011fitim programlar\u0131 a\u00e7\u0131l\u0131yor. Projeye kat\u0131lan gen\u00e7ler bir taraftan mesleki nitelik kazan\u0131rken, di\u011fer taraftan istihdam edilebilirliklerine katk\u0131 sa\u011flayacak i\u015f arama dan\u0131\u015fmanl\u0131\u011f\u0131 hizmetinden faydalan\u0131yorlar.<\/p>\n<p>\u0130l Mili E\u011fitim M\u00fcd\u00fcrl\u00fc\u011f\u00fc, Halk E\u011fitim Merkezleri, \u00fcniversiteler, odalar, sivil toplum kurulu\u015flar\u0131 gibi bir\u00e7ok kurum ve kurulu\u015fla projede i\u015f birli\u011fi sa\u011flan\u0131rken, gen\u00e7lere &#8216;\u0130\u015f arama becerileri e\u011fitimleri, deneyim payla\u015f\u0131m\u0131, \u00f6zge\u00e7mi\u015f olu\u015fturma, m\u00fclakatta ba\u015far\u0131&#8217; gibi konularda da destek sa\u011flan\u0131yor.<\/p>\n<p>Kursiyerler gelecekten umutlu<\/p>\n<p>Mersin Ticaret ve Sanayi Odas\u0131 i\u015fbirli\u011fi ile a\u00e7\u0131lan &#8220;Halkla \u0130li\u015fkiler ve Organizasyon&#8221; ile Toros \u00dcniversitesi i\u015fbirli\u011fi ile a\u00e7\u0131lan &#8220;Lojistik G\u00f6revlisi&#8221; kurslar\u0131n\u0131n son g\u00fcnleri olmas\u0131 dolay\u0131s\u0131yla kapan\u0131\u015f toplant\u0131s\u0131 ger\u00e7ekle\u015ftirildi. Kapan\u0131\u015f toplant\u0131s\u0131na Mersin Ticaret ve Sanayi Odas\u0131 Ba\u015fkan\u0131 Ayhan K\u0131z\u0131ltan, E\u011fitim ve Kalk\u0131nma Vakf\u0131 Ba\u015fkan\u0131 \u00c7a\u011fatay G\u00fcne\u015f, Mersin Perakendeci \u0130\u015f \u0130nsanlar\u0131 Derne\u011fi Ba\u015fkan\u0131 \u00d6zcan Demir ve bir\u00e7ok i\u015f insan\u0131 kat\u0131l\u0131m sa\u011flad\u0131.<\/p>\n<p>Ger\u00e7ekle\u015ftirilen programda i\u015f insanlar\u0131, kursiyerlerle i\u015f hayat\u0131nda ba\u015far\u0131l\u0131 olma konusunda deneyimlerini payla\u015ft\u0131.<\/p>\n<p>\u0130\u015f d\u00fcnyas\u0131n\u0131n, nitelikli personel ihtiyac\u0131n\u0131 kar\u015f\u0131lamaya y\u00f6nelik bir proje<\/p>\n<p>MTSO Y\u00f6netim Kurulu Ba\u015fkan\u0131 Ayhan K\u0131z\u0131ltan, proje kapsam\u0131nda a\u00e7\u0131lan mesleki e\u011fitim programlar\u0131n\u0131n \u00f6nemine dikkat \u00e7ekti. \u00c7a\u011fa ayak uyduran, ilerici, d\u00fc\u015f\u00fcnen, sorgulayan nesiller yeti\u015fmesi gerekti\u011fini vurgulayan K\u0131z\u0131ltan, e\u011fitim i\u00e7inde de mesleki e\u011fitimin ayr\u0131 bir \u00f6nemi oldu\u011funa de\u011findi. 2023 d\u00f6neminde de &#8216;Yetenek D\u00f6n\u00fc\u015f\u00fcm Projesi&#8217; kapsam\u0131nda Mersin B\u00fcy\u00fck\u015fehir Belediyesi ve Kariyer Merkezi ile i\u015fbirli\u011fi yapmaya devam edeceklerini belirten K\u0131z\u0131ltan, projede eme\u011fi ge\u00e7enlere te\u015fekk\u00fcr etti.<\/p>\n<p>Mersin B\u00fcy\u00fck\u015fehir Belediyesi Kariyer Merkezi M\u00fcd\u00fcr\u00fc Serkan \u00d6zada, 2022 d\u00f6neminde &#8216;Finans Muhasebe, Y\u00f6netim Organizasyon, D\u0131\u015f Ticaret Lojistik ve Turizm&#8217; sekt\u00f6r\u00fcn\u00fcn ihtiya\u00e7lar\u0131na y\u00f6nelik 17 kurs program\u0131 a\u00e7\u0131ld\u0131\u011f\u0131n\u0131 belirtti. A\u00e7\u0131lan 17 Kurs program\u0131na 315 kontenjan ayr\u0131l\u0131rken, yakla\u015f\u0131k 240 kursiyerin Milli E\u011fitim&#8217;den onayl\u0131 sertifikaya hak kazand\u0131\u011f\u0131n\u0131 s\u00f6yleyen \u00d6zada, mesleki e\u011fitim program\u0131n\u0131 ba\u015far\u0131yla tamamlayan kursiyerlerden 46 ki\u015finin ise istihdama kat\u0131ld\u0131\u011f\u0131n\u0131n alt\u0131n\u0131 \u00e7izdi.<\/p>\n<p>&#8216;Yetenek D\u00f6n\u00fc\u015f\u00fcm Projesi&#8217;nin, i\u015f d\u00fcnyas\u0131n\u0131n nitelikli personel ihtiyac\u0131n\u0131 kar\u015f\u0131lamaya y\u00f6nelik \u00f6nemli bir proje oldu\u011funu dile getiren \u00d6zada, projeyle mesleki e\u011fitimin yan\u0131 s\u0131ra kariyer rehberli\u011fi ve i\u015f arama dan\u0131\u015fmanl\u0131\u011f\u0131 hizmeti sunuldu\u011funu da vurgulad\u0131. \u00d6zada, 2023 d\u00f6neminde hem e\u011fitim ba\u015fl\u0131klar\u0131nda, hem de i\u015f birli\u011fi yap\u0131lan kurulu\u015flar a\u00e7\u0131s\u0131ndan projeyi daha da geni\u015fletmek istediklerini s\u00f6zlerine ekledi.<\/p>\n","protected":false},"excerpt":{"rendered":"<p>Mersin B\u00fcy\u00fck\u015fehir Belediyesi Kariyer Merkezi, 2022 d\u00f6neminde hayata ge\u00e7irdi\u011fi &#8216;Yetenek D\u00f6n\u00fc\u015f\u00fcm Projesi&#8217; ile fark yarat\u0131yor. Yetenek D\u00f6n\u00fc\u015f\u00fcm Projesi ile i\u015fg\u00fcc\u00fc piyasas\u0131n\u0131n ihtiya\u00e7 duydu\u011fu mesleklerde mesleki e\u011fitim programlar\u0131 a\u00e7\u0131l\u0131yor. Projeye kat\u0131lan &hellip; <a href=\"https:\/\/akdenizolaygazetesi.com\/?p=23389\" class=\"more-link\">Devam\u0131n\u0131 Oku&#8230;<\/a><\/p>\n","protected":false},"author":2,"featured_media":23390,"comment_status":"open","ping_status":"open","sticky":false,"template":"","format":"standard","meta":[],"categories":[34,2,3,5],"tags":[],"_links":{"self":[{"href":"https:\/\/akdenizolaygazetesi.com\/index.php?rest_route=\/wp\/v2\/posts\/23389"}],"collection":[{"href":"https:\/\/akdenizolaygazetesi.com\/index.php?rest_route=\/wp\/v2\/posts"}],"about":[{"href":"https:\/\/akdenizolaygazetesi.com\/index.php?rest_route=\/wp\/v2\/types\/post"}],"author":[{"embeddable":true,"href":"https:\/\/akdenizolaygazetesi.com\/index.php?rest_route=\/wp\/v2\/users\/2"}],"replies":[{"embeddable":true,"href":"https:\/\/akdenizolaygazetesi.com\/index.php?rest_route=%2Fwp%2Fv2%2Fcomments&post=23389"}],"version-history":[{"count":1,"href":"https:\/\/akdenizolaygazetesi.com\/index.php?rest_route=\/wp\/v2\/posts\/23389\/revisions"}],"predecessor-version":[{"id":23391,"href":"https:\/\/akdenizolaygazetesi.com\/index.php?rest_route=\/wp\/v2\/posts\/23389\/revisions\/23391"}],"wp:featuredmedia":[{"embeddable":true,"href":"https:\/\/akdenizolaygazetesi.com\/index.php?rest_route=\/wp\/v2\/media\/23390"}],"wp:attachment":[{"href":"https:\/\/akdenizolaygazetesi.com\/index.php?rest_route=%2Fwp%2Fv2%2Fmedia&parent=23389"}],"wp:term":[{"taxonomy":"category","embeddable":true,"href":"https:\/\/akdenizolaygazetesi.com\/index.php?rest_route=%2Fwp%2Fv2%2Fcategories&post=23389"},{"taxonomy":"post_tag","embeddable":true,"href":"https:\/\/akdenizolaygazetesi.com\/index.php?rest_route=%2Fwp%2Fv2%2Ftags&post=23389"}],"curies":[{"name":"wp","href":"https:\/\/api.w.org\/{rel}","templated":true}]}}