{"id":23392,"date":"2023-01-07T20:21:26","date_gmt":"2023-01-07T17:21:26","guid":{"rendered":"http:\/\/akdenizolaygazetesi.com\/?p=23392"},"modified":"2023-01-07T20:21:26","modified_gmt":"2023-01-07T17:21:26","slug":"emekli-evinde-sanat-dolu-bir-gun","status":"publish","type":"post","link":"https:\/\/akdenizolaygazetesi.com\/?p=23392","title":{"rendered":"EMEKL\u0130 EV\u0130&#8217;NDE SANAT DOLU B\u0130R G\u00dcN"},"content":{"rendered":"<p>Mersin B\u00fcy\u00fck\u015fehir Belediyesi Sosyal Hizmetler Dairesi Ba\u015fkanl\u0131\u011f\u0131 taraf\u0131ndan, Toroslar Halkkent Sosyal Ya\u015fam Merkezi i\u00e7inde yer alan Emekli Evi \u00fcyelerine y\u00f6nelik \u015fiir dinletisi d\u00fczenlendi. \u015eair Sonay Ar\u0131d\u0131c\u0131, \u015eair ve Yazar Yahya Vurucu, Dilek Y\u00f6r\u00fck ve \u0130brahim Can birbirinden g\u00fczel \u015fiirleri seslendirerek, ya\u015f alm\u0131\u015flara unutulmaz bir g\u00fcn ya\u015fatt\u0131. Zaman zaman duygulu anlar da ya\u015fayan ya\u015f alm\u0131\u015f vatanda\u015flar, \u015fark\u0131 ve \u015fiirlere e\u015flik ederek keyifli bir zaman ge\u00e7irdi.<\/p>\n<p>Yeter: &#8220;Emekli Evi \u00fcyelerini \u015fiir ve m\u00fczikle bulu\u015fturduk&#8221;<\/p>\n<p>Halkkent Sosyal Ya\u015fam Merkezi Emekli Evi Sorumlusu \u00c7a\u011fda\u015f Yeter, &#8220;So\u011fuk k\u0131\u015f g\u00fcnlerini, duygular\u0131n s\u00f6ze inmesiyle anlamland\u0131rmaya \u00e7al\u0131\u015ft\u0131k. S\u00f6z\u00fcn bitti\u011fi yerde, \u015fiir ve m\u00fczik sanatla b\u00fct\u00fcnlenmi\u015f bir anlat\u0131md\u0131r. Toroslar Emekli Evi \u00fcyelerini \u015fiir ve m\u00fczikle bulu\u015fturduk&#8221; dedi. Emeklilerin kendileri i\u00e7in \u00e7ok k\u0131ymetli oldu\u011funu belirten Yeter, &#8220;Onlara dokunmaya devam edece\u011fiz. Bug\u00fcnk\u00fc dinletimizde T\u00fcrk halk m\u00fczi\u011fi ve \u015fiir sunumu oldu, \u00e7ok keyifli bir zaman ge\u00e7irdik. Emeklilerimiz memnun kald\u0131&#8221; diyerek, bu t\u00fcr etkinliklere devam edeceklerini vurgulad\u0131.<\/p>\n<p>&#8220;B\u00f6yle moral verici \u015feylere ihtiyac\u0131m\u0131z oluyor&#8221;<\/p>\n<p>Emekli Evi \u00fcyelerinden Bayram Bulut, Emekli Evi&#8217;nde bir\u00e7ok etkinlik ger\u00e7ekle\u015ftirildi\u011fini ve bu t\u00fcr etkinliklerin kendilerini \u00e7ok memnun etti\u011fini s\u00f6yleyerek, &#8220;\u00d6ncelikle bize bu imk\u00e2n\u0131 tan\u0131yanlara \u00e7ok te\u015fekk\u00fcr ederim. \u00c7ok g\u00fczel bir ortam. Geliyoruz, \u00e7ay\u0131m\u0131z\u0131, kahvemizi i\u00e7iyoruz. Gazeteler, kitaplar okuyoruz&#8221; dedi. \u015eiir dinletisini de \u00e7ok severek dinlediklerini dile getiren Bulut, &#8220;Ger\u00e7ekten biz emekliler i\u00e7in g\u00fczel bir \u015fey. Tabi ki b\u00f6yle moral verici \u015feylere ihtiyac\u0131m\u0131z oluyor. Gelip burada dinliyoruz, e\u011fleniyoruz&#8221; diye konu\u015ftu.<\/p>\n<p>Ya\u015f alm\u0131\u015f vatanda\u015flardan \u015eahg\u00fcl G\u00fcler de, \u015fiir dinletisinden \u00e7ok memnun kald\u0131\u011f\u0131n\u0131 belirtti. G\u00fcler, &#8220;Bu t\u00fcr etkinlikler bizim i\u00e7in \u00e7ok g\u00fczel oluyor,  \u00e7ok seviniyorum. S\u0131k s\u0131k bu tarz etkinlikler oluyor, biz de faydalanmak istiyoruz. Bizimki ikinci bahar, o y\u00fczden \u00e7ok g\u00fczel oluyor. Daha da fazla olmas\u0131n\u0131 istiyoruz. Ger\u00e7ekten \u00e7ok mutlu oldum ve \u00e7ok memnun kald\u0131m&#8221; dedi.<\/p>\n","protected":false},"excerpt":{"rendered":"<p>Mersin B\u00fcy\u00fck\u015fehir Belediyesi Sosyal Hizmetler Dairesi Ba\u015fkanl\u0131\u011f\u0131 taraf\u0131ndan, Toroslar Halkkent Sosyal Ya\u015fam Merkezi i\u00e7inde yer alan Emekli Evi \u00fcyelerine y\u00f6nelik \u015fiir dinletisi d\u00fczenlendi. \u015eair Sonay Ar\u0131d\u0131c\u0131, \u015eair ve Yazar Yahya &hellip; <a href=\"https:\/\/akdenizolaygazetesi.com\/?p=23392\" class=\"more-link\">Devam\u0131n\u0131 Oku&#8230;<\/a><\/p>\n","protected":false},"author":2,"featured_media":23393,"comment_status":"open","ping_status":"open","sticky":false,"template":"","format":"standard","meta":[],"categories":[2,3,5],"tags":[],"_links":{"self":[{"href":"https:\/\/akdenizolaygazetesi.com\/index.php?rest_route=\/wp\/v2\/posts\/23392"}],"collection":[{"href":"https:\/\/akdenizolaygazetesi.com\/index.php?rest_route=\/wp\/v2\/posts"}],"about":[{"href":"https:\/\/akdenizolaygazetesi.com\/index.php?rest_route=\/wp\/v2\/types\/post"}],"author":[{"embeddable":true,"href":"https:\/\/akdenizolaygazetesi.com\/index.php?rest_route=\/wp\/v2\/users\/2"}],"replies":[{"embeddable":true,"href":"https:\/\/akdenizolaygazetesi.com\/index.php?rest_route=%2Fwp%2Fv2%2Fcomments&post=23392"}],"version-history":[{"count":1,"href":"https:\/\/akdenizolaygazetesi.com\/index.php?rest_route=\/wp\/v2\/posts\/23392\/revisions"}],"predecessor-version":[{"id":23394,"href":"https:\/\/akdenizolaygazetesi.com\/index.php?rest_route=\/wp\/v2\/posts\/23392\/revisions\/23394"}],"wp:featuredmedia":[{"embeddable":true,"href":"https:\/\/akdenizolaygazetesi.com\/index.php?rest_route=\/wp\/v2\/media\/23393"}],"wp:attachment":[{"href":"https:\/\/akdenizolaygazetesi.com\/index.php?rest_route=%2Fwp%2Fv2%2Fmedia&parent=23392"}],"wp:term":[{"taxonomy":"category","embeddable":true,"href":"https:\/\/akdenizolaygazetesi.com\/index.php?rest_route=%2Fwp%2Fv2%2Fcategories&post=23392"},{"taxonomy":"post_tag","embeddable":true,"href":"https:\/\/akdenizolaygazetesi.com\/index.php?rest_route=%2Fwp%2Fv2%2Ftags&post=23392"}],"curies":[{"name":"wp","href":"https:\/\/api.w.org\/{rel}","templated":true}]}}