{"id":23398,"date":"2023-01-07T20:26:06","date_gmt":"2023-01-07T17:26:06","guid":{"rendered":"http:\/\/akdenizolaygazetesi.com\/?p=23398"},"modified":"2023-01-07T20:26:06","modified_gmt":"2023-01-07T17:26:06","slug":"tesekkurler-mersin-2","status":"publish","type":"post","link":"https:\/\/akdenizolaygazetesi.com\/?p=23398","title":{"rendered":"&#8220;TE\u015eEKK\u00dcRLER MERS\u0130N&#8221;"},"content":{"rendered":"<p>Toroslar Belediyesi, 2023 y\u0131l\u0131n\u0131n ilk meclis toplant\u0131s\u0131n\u0131 ger\u00e7ekle\u015ftirdi. Belediye Ba\u015fkan\u0131 Ats\u0131z Af\u015f\u0131n Y\u0131lmaz ba\u015fkanl\u0131\u011f\u0131nda, sayg\u0131 duru\u015fu ve \u0130stiklal Mar\u015f\u0131&#8217;n\u0131n okunmas\u0131yla ba\u015flayan toplant\u0131da g\u00fcndem maddeleri g\u00f6r\u00fc\u015f\u00fclerek karara ba\u011fland\u0131.<\/p>\n<p>Toplant\u0131da birlik ve beraberli\u011fe vurgu yapan Ba\u015fkan Y\u0131lmaz, 3 Ocak Mersin&#8217;in D\u00fc\u015fman \u0130\u015fgali&#8217;nden Kurtulu\u015funun 101. y\u0131l d\u00f6n\u00fcm\u00fc \u00e7er\u00e7evesinde d\u00fczenledikleri &#8220;Zafer Y\u00fcr\u00fcy\u00fc\u015f\u00fc&#8217;n\u00fc&#8221; bu y\u0131l, Mersin Valili\u011fi&#8217;nin himayesinde t\u00fcm protokol, kurumlar\u0131n ve vatanda\u015flar\u0131n kat\u0131l\u0131m\u0131yla tek g\u00fczergahtan, devlet, millet el ele co\u015fkulu bir kalabal\u0131kla ger\u00e7ekle\u015ftirdiklerini s\u00f6yledi.<\/p>\n<p>&#8220;DEVLET, M\u0130LLET EL ELE OLDU\u011eUMUZ 3 OCAK CO\u015eKUSU, MERS\u0130N&#8217;E YAKI\u015eTI&#8221;<\/p>\n<p>Zafer Y\u00fcr\u00fcy\u00fc\u015f\u00fc&#8217;ne ve \u00fcnl\u00fc tarih\u00e7i Prof. Dr. \u0130lber Ortayl\u0131&#8217;n\u0131n &#8220;Kurtulu\u015f Sava\u015f\u0131&#8217;nda Toroslar ve \u00c7ukurova&#8217;n\u0131n \u00d6nemi&#8221; konulu s\u00f6yle\u015fisine yo\u011fun kat\u0131l\u0131m g\u00f6steren t\u00fcm hem\u015fehrilerine te\u015fekk\u00fcr eden Ba\u015fkan Y\u0131lmaz; &#8220;Devlet, millet el ele bir y\u00fcr\u00fcy\u00fc\u015f ger\u00e7ekle\u015ftirdik. Y\u00fcr\u00fcy\u00fc\u015f\u00fcn b\u00fct\u00fcn\u00fcne bakt\u0131\u011f\u0131m\u0131zda Mersin&#8217;de bulunan b\u00fct\u00fcn gruplar y\u00fcr\u00fcy\u00fc\u015fte yerini ald\u0131. Herkesin ayn\u0131 noktaya bakmas\u0131, ayn\u0131 duyguyu hissetmesi kitle psikolojisi a\u00e7\u0131s\u0131ndan \u00e7ok \u00f6nemlidir. Katk\u0131da bulanan ba\u015fta Mersin Valimizi Say\u0131n Ali Hamza Pehlivan olmak \u00fczere y\u00fcr\u00fcy\u00fc\u015fe kat\u0131lan ve destek veren herkese te\u015fekk\u00fcr ediyorum. Bu co\u015fku Mersin&#8217;e yak\u0131\u015ft\u0131&#8221; dedi.<\/p>\n<p>DENET\u0130M KOM\u0130SYONU \u00dcYELER\u0130 BEL\u0130RLEND\u0130<\/p>\n<p>Yeni y\u0131l\u0131n ilk meclis toplant\u0131s\u0131nda Denetim Komisyonu \u00fcyeli\u011fi se\u00e7imi yap\u0131ld\u0131. Yap\u0131lan oylamada Belediye Meclis \u00dcyeleri Mehmet \u00c7ivi, Kaz\u0131m \u015eeng\u00fcl, Hasan \u00d6zalp \u00d6nal, Eren T\u00fcrker ve Ferhat Salt Denetim Komisyonu \u00fcyesi se\u00e7ildi<\/p>\n<p>Belediye meclisinin, 2023 y\u0131l\u0131 i\u00e7in ayl\u0131k tatili, oy birli\u011fiyle A\u011fustos ay\u0131 olarak belirlenirken, 5393 say\u0131l\u0131 Belediye Kanununun 9. maddesi h\u00fck\u00fcmlerine g\u00f6re, Toroslar Belediyesi s\u0131n\u0131rlar\u0131 i\u00e7erisindeki toplam 67 mahalle muhtarl\u0131\u011f\u0131na ayni yard\u0131m yap\u0131lmas\u0131na ili\u015fkin teklif g\u00f6r\u00fc\u015f\u00fclerek, Plan ve B\u00fct\u00e7e Komisyonu&#8217;na havalesi oy birli\u011fiyle kabul edildi.<\/p>\n<p>Daha sonra komisyonlardan gelen ortak raporlar g\u00f6r\u00fc\u015f\u00fclerek karara ba\u011fland\u0131. Toroslar Belediyesi s\u0131n\u0131rlar\u0131 i\u00e7erisinde faaliyet g\u00f6sterecek olan at\u0131k toplay\u0131c\u0131lar\u0131n\u0131n \u00e7al\u0131\u015fma usul ve esaslar\u0131n\u0131n belirlenece\u011fi &#8220;Toroslar Belediyesi Ba\u011f\u0131ms\u0131z S\u0131f\u0131r At\u0131k Toplay\u0131c\u0131lar\u0131 Y\u00f6netmeli\u011fi&#8217;ne&#8221; ait Plan ve B\u00fct\u00e7e Komisyonu ile \u00c7evre ve Sa\u011fl\u0131k Komisyonunun ortak raporu da g\u00f6r\u00fc\u015f\u00fclerek kabul edildi.<\/p>\n<p>Toroslar Belediye Meclisi&#8217;nin \u015eubat Ay\u0131 Meclis Toplant\u0131s\u0131 ise 2 \u015eubat 2023 Per\u015fembe g\u00fcn\u00fc saat 14.00&#8217;da Yunus Emre K\u00fclt\u00fcr Merkezi&#8217;nde yap\u0131lacak.<\/p>\n<p>&#8220;KUVAY\u0130 M\u0130LL\u0130YE B\u0130Z\u0130M DE\u011eER\u0130M\u0130ZD\u0130R&#8221;<\/p>\n<p>Toplant\u0131n\u0131n dilek ve temenniler b\u00f6l\u00fcm\u00fcnde 3 Ocak kutlamalar\u0131 ile ilgili bir de\u011ferlendirmede bulunan Toroslar Belediye Ba\u015fkan\u0131 Ats\u0131z Af\u015f\u0131n Y\u0131lmaz; &#8220;3 Ocak Mersin&#8217;in D\u00fc\u015fman \u0130\u015fgali&#8217;nden Kurtulu\u015funun 101. y\u0131l\u0131n\u0131 idrak ettik. B\u00fcy\u00fcklerimizi, \u015fehitlerimizi, gazilerimizi and\u0131k, kuvayi milliye heyecan\u0131 ya\u015fad\u0131k. Kuvayi Milliye, t\u00fcm farkl\u0131l\u0131klar\u0131n, farkl\u0131 gruplar\u0131n, farkl\u0131 me\u015frep ve farkl\u0131 memleketlerin \u00fcst\u00fcnde vatan savunmas\u0131 i\u00e7in bir araya gelmi\u015f insanlar\u0131n ortaya koydu\u011fu bir de\u011fer ve m\u00fccadeledir. \u0130ngilizler, Aral\u0131k 1918&#8217;da Mersin&#8217;i i\u015fgal etmeden bir bu\u00e7uk ay \u00f6nce 5 Kas\u0131m&#8217;da Gazi Mustafa Kemal Atat\u00fcrk Mersin&#8217;de bulunmu\u015ftur. Buradaki yerel kuvvetlerin g\u00fc\u00e7lendirilmesi konusunda \u00e7al\u0131\u015fmalar yapm\u0131\u015ft\u0131r. \u00c7ok defa Mersin&#8217;e gelip gitmi\u015ftir. Ba\u015fta Gazi Mustafa Kemal Atat\u00fcrk olmak \u00fczere kuvayi milliye m\u00fccadelesinde can veren, kan veren, al\u0131n teri ak\u0131tan, her \u015feyiyle, duas\u0131yla bu m\u00fccadelenin i\u00e7inde olan t\u00fcm b\u00fcy\u00fcklerimizi rahmetle, minnetle an\u0131yorum. Kuvayi Milliye bizim de\u011ferimizdir&#8221; ifadelerini kulland\u0131.<\/p>\n<p>&#8220;3 OCAK, HEP\u0130M\u0130Z\u0130N BAYRAMIDIR&#8221;<\/p>\n<p>&#8220;Kuvayi Milliye ve 3 Ocak, Mersin&#8217;de ya\u015fayan herkesin bayram\u0131d\u0131r&#8221; diyen Ba\u015fkan Y\u0131lmaz, \u015funlar\u0131 kaydetti;  Kuvayi Milliye ve 3 Ocak, sadece dedesi o d\u00f6nemde Mersin&#8217;de ya\u015fayanlar\u0131n de\u011feri de\u011fildir. Anadolu&#8217;nun her yerinde kuvayi milliye m\u00fccadelesi yap\u0131lm\u0131\u015ft\u0131r. Ayn\u0131 ruhla, heyecanla ger\u00e7ekle\u015fmi\u015ftir. B\u00f6lgesel m\u00fccadele,  Gazi Mustafa Kemal Atat\u00fcrk \u00f6nderli\u011finde m\u00fcdafaa-i hukuk cemiyetlerinin birle\u015fmesiyle milli m\u00fccadeleye d\u00f6n\u00fc\u015fm\u00fc\u015f ve b\u00fct\u00fcnl\u00fck kazanm\u0131\u015ft\u0131r. Anadolu&#8217;nun de\u011fi\u015fik yerlerinden, farkl\u0131 zamanlarda g\u00f6\u00e7 eden hem\u015fehrilerimiz var.  Onlar da Mersinlidir ve karde\u015fimizdir. Birlikte ayn\u0131 havay\u0131 teneff\u00fcs ediyor ve kader birli\u011fi yap\u0131yoruz. 3 Ocak, Mersin&#8217;de ya\u015fayan, do\u011fan, doyan herkesin bayram\u0131d\u0131r. Asl\u0131nda milli m\u00fccadele bayram\u0131d\u0131r. Bu bak\u0131\u015fla ve anlay\u0131\u015fla Kuvayi Milliye Karragam\u0131zda ayr\u0131 bir k\u00f6\u015fe ay\u0131rd\u0131k. Anadolu Kuvayi Milliye hareketleri diye. Anadolu&#8217;nun de\u011fi\u015fik yerlerinde \u00f6ne \u00e7\u0131kan kahramanlar\u0131m\u0131z\u0131 i\u015fledik. \u00c7ocuklar\u0131m\u0131z, gen\u00e7lerimiz, misafirlerimiz, dedelerini \u00f6\u011frensinler istedik.&#8221;<\/p>\n<p>&#8220;ORTAK DE\u011eERLERDE B\u0130RLE\u015e\u0130RSEK, HUZUR VE BA\u015eARI OLUR&#8221;<\/p>\n<p>Ortak de\u011ferlerde birle\u015fince birlikte,  huzur ve ba\u015far\u0131 olaca\u011f\u0131na dikkat \u00e7eken Ba\u015fkan Y\u0131lmaz; &#8220;Birlikte hareket etmenin, birbirimizi sevmenin, sayman\u0131n yolunu bulmam\u0131z gerekiyor. En y\u00fcksek de\u011ferimiz bayra\u011f\u0131m\u0131z, devletimiz, milletimiz ve Kuvayi Milliye&#8217;dir. Bu y\u0131l da 3 Ocak Zafer Y\u00fcr\u00fcy\u00fc\u015f\u00fcm\u00fcz yo\u011fun kat\u0131l\u0131mla oldu. Y\u0131llard\u0131r y\u00fcr\u00fcy\u00fc\u015f g\u00fczergah\u0131, 2 ayr\u0131 noktadan yap\u0131l\u0131yordu. Toroslar&#8217;dan \u00e7\u0131k\u0131yorduk, 101 y\u0131ld\u0131r atalar\u0131m\u0131z\u0131n, kuvayi milliyecilerin \u00e7\u0131kt\u0131\u011f\u0131 gibi. \u0130stasyonda da ba\u015fka bir grup \u00e7\u0131k\u0131yordu. Say\u0131n Valimizin \u00f6nderli\u011finde, Cumhuriyet Meydan\u0131m\u0131zda bulu\u015fuyorduk. Bunun birlikte yap\u0131lmas\u0131, Say\u0131n Valimizle, komutanlar\u0131m\u0131zla, askerimizle ve polisimizle ve t\u00fcm insanlar\u0131m\u0131zla birlikte yap\u0131lmas\u0131 bir birlik ve beraberliktir. Burada bir \u00e7eli\u015fki vard\u0131. Birlik ve beraberlik vurgusunda olan kuvayi milliye bayram\u0131nda, milli m\u00fccadele bayram\u0131nda ayr\u0131l\u0131k olmaz. Bunun \u00e7\u00f6z\u00fclmesinde eme\u011fi ge\u00e7en ba\u015fta Say\u0131n Valimiz Ali Hamza Pehlivan olmak \u00fczere y\u00fcr\u00fcy\u00fc\u015fe kat\u0131lan, destek veren herkese te\u015fekk\u00fcr ediyorum. Valimiz, k\u0131sa bir s\u00fcre i\u00e7erisinde milletimizle, Mersinimizin yerel de\u011ferleriyle ve dinamikleriyle bir araya geldi. Devlet, millet el ele bir y\u00fcr\u00fcy\u00fc\u015f ger\u00e7ekle\u015ftirdik&#8221; \u015feklinde konu\u015ftu.<\/p>\n<p>Ba\u015fkan Y\u0131lmaz, 3 Ocak kutlamalar\u0131 kapsam\u0131nda \u00fcnl\u00fc tarih\u00e7i Prof. Dr. \u0130lber Ortayl\u0131&#8217;y\u0131 da a\u011f\u0131rlad\u0131klar\u0131n\u0131 kaydederek; &#8220;T\u00fcm T\u00fcrkiye&#8217;nin, 7&#8217;den 70&#8217;e herkesin sevdi\u011fi bir hocam\u0131z. Mersin, \u00c7ukurova, milli m\u00fccadele, Gazi Mustafa Kemal Atat\u00fcrk, ge\u00e7mi\u015fimiz ve gelece\u011fimiz ile ilgili \u00e7ok g\u00fczel bilgiler verdi. Kentimizin her yerinden yo\u011fun kat\u0131l\u0131m oldu. \u0130lber Hocam\u0131za ve bu organizasyonu ba\u015far\u0131yla ger\u00e7ekle\u015ftiren \u00e7al\u0131\u015fma arkada\u015flar\u0131ma te\u015fekk\u00fcr ediyorum. Birlikte bir \u015fey yapman\u0131n g\u00fcc\u00fcn\u00fc, mutlulu\u011funu vatanda\u015f\u0131m\u0131za hissettirdik&#8221; dedi.<\/p>\n<p>&#8220;2023, DEVLET\u0130M\u0130Z VE M\u0130LLET\u0130M\u0130Z \u0130\u00c7\u0130N \u00d6NEML\u0130&#8221;<\/p>\n<p>T\u00fcm meclis \u00fcyelerinin ve hem\u015fehrilerinin yeni y\u0131l\u0131n\u0131 da kutlayan Ba\u015fkan Y\u0131lmaz; &#8220;2023 y\u0131l\u0131n\u0131n hepimize sa\u011fl\u0131k, mutluluk, ba\u015far\u0131, huzur, g\u00fc\u00e7, kuvvet, birlik ve beraberlik getirmesini diliyorum. \u00dcnl\u00fc Sanat\u00e7\u0131 Bar\u0131\u015f Man\u00e7o&#8217;nun 1973&#8217;de yazd\u0131\u011f\u0131 2023 \u015fark\u0131s\u0131 var. 50 y\u0131l \u00f6nce yaz\u0131lm\u0131\u015f. 2023, devletimiz ve milletimiz i\u00e7in \u00f6nemli. Siyaset \u00fcst\u00fc bir kavram. Devletimiz ve milletimiz bu \u00f6nemli m\u00fccadelede kararl\u0131l\u0131kla ve emin ad\u0131mlarla ba\u015far\u0131ya ula\u015facakt\u0131r in\u015fallah&#8221; diye konu\u015ftu.<\/p>\n","protected":false},"excerpt":{"rendered":"<p>Toroslar Belediyesi, 2023 y\u0131l\u0131n\u0131n ilk meclis toplant\u0131s\u0131n\u0131 ger\u00e7ekle\u015ftirdi. Belediye Ba\u015fkan\u0131 Ats\u0131z Af\u015f\u0131n Y\u0131lmaz ba\u015fkanl\u0131\u011f\u0131nda, sayg\u0131 duru\u015fu ve \u0130stiklal Mar\u015f\u0131&#8217;n\u0131n okunmas\u0131yla ba\u015flayan toplant\u0131da g\u00fcndem maddeleri g\u00f6r\u00fc\u015f\u00fclerek karara ba\u011fland\u0131. Toplant\u0131da birlik ve &hellip; <a href=\"https:\/\/akdenizolaygazetesi.com\/?p=23398\" class=\"more-link\">Devam\u0131n\u0131 Oku&#8230;<\/a><\/p>\n","protected":false},"author":2,"featured_media":23399,"comment_status":"open","ping_status":"open","sticky":false,"template":"","format":"standard","meta":[],"categories":[8,2,3,6],"tags":[],"_links":{"self":[{"href":"https:\/\/akdenizolaygazetesi.com\/index.php?rest_route=\/wp\/v2\/posts\/23398"}],"collection":[{"href":"https:\/\/akdenizolaygazetesi.com\/index.php?rest_route=\/wp\/v2\/posts"}],"about":[{"href":"https:\/\/akdenizolaygazetesi.com\/index.php?rest_route=\/wp\/v2\/types\/post"}],"author":[{"embeddable":true,"href":"https:\/\/akdenizolaygazetesi.com\/index.php?rest_route=\/wp\/v2\/users\/2"}],"replies":[{"embeddable":true,"href":"https:\/\/akdenizolaygazetesi.com\/index.php?rest_route=%2Fwp%2Fv2%2Fcomments&post=23398"}],"version-history":[{"count":1,"href":"https:\/\/akdenizolaygazetesi.com\/index.php?rest_route=\/wp\/v2\/posts\/23398\/revisions"}],"predecessor-version":[{"id":23400,"href":"https:\/\/akdenizolaygazetesi.com\/index.php?rest_route=\/wp\/v2\/posts\/23398\/revisions\/23400"}],"wp:featuredmedia":[{"embeddable":true,"href":"https:\/\/akdenizolaygazetesi.com\/index.php?rest_route=\/wp\/v2\/media\/23399"}],"wp:attachment":[{"href":"https:\/\/akdenizolaygazetesi.com\/index.php?rest_route=%2Fwp%2Fv2%2Fmedia&parent=23398"}],"wp:term":[{"taxonomy":"category","embeddable":true,"href":"https:\/\/akdenizolaygazetesi.com\/index.php?rest_route=%2Fwp%2Fv2%2Fcategories&post=23398"},{"taxonomy":"post_tag","embeddable":true,"href":"https:\/\/akdenizolaygazetesi.com\/index.php?rest_route=%2Fwp%2Fv2%2Ftags&post=23398"}],"curies":[{"name":"wp","href":"https:\/\/api.w.org\/{rel}","templated":true}]}}