{"id":23404,"date":"2023-01-08T16:29:14","date_gmt":"2023-01-08T13:29:14","guid":{"rendered":"http:\/\/akdenizolaygazetesi.com\/?p=23404"},"modified":"2023-01-08T16:29:14","modified_gmt":"2023-01-08T13:29:14","slug":"baskan-yilmaz-3-ocak-siir-yarismasinin-odul-toreninde-kazak-sair-magcan-cumabayin-siirini-okudu","status":"publish","type":"post","link":"https:\/\/akdenizolaygazetesi.com\/?p=23404","title":{"rendered":"BA\u015eKAN YILMAZ, 3 OCAK \u015e\u0130\u0130R YARI\u015eMASININ \u00d6D\u00dcL T\u00d6REN\u0130NDE KAZAK \u015eA\u0130R MA\u011eCAN CUMABAY&#8217;IN \u015e\u0130\u0130R\u0130N\u0130 OKUDU"},"content":{"rendered":"<p>Toroslar Belediye Ba\u015fkan\u0131 Ats\u0131z Af\u015f\u0131n Y\u0131lmaz, &#8220;3 Ocak Mersin&#8217;in Kurtulu\u015fu&#8221; konulu \u015fiir yar\u0131\u015fmas\u0131n\u0131n \u00f6d\u00fcl t\u00f6reninde; Kazak halk\u0131n\u0131n ba\u011f\u0131ms\u0131zl\u0131\u011f\u0131 i\u00e7in sava\u015fm\u0131\u015f ve \u015fiirleriyle T\u00fcrk d\u00fcnyas\u0131na derman olmu\u015f b\u00fcy\u00fck \u015fair, fikir ve dava adam\u0131 Ma\u011fcan Cumabay&#8217;\u0131n yazd\u0131\u011f\u0131 &#8220;Uzaktaki Karde\u015fime&#8221; adl\u0131 \u015fiirini okudu.<\/p>\n<p>Sovyet i\u015fgalindeki T\u00fcrkistan&#8217;\u0131n ba\u011f\u0131ms\u0131zl\u0131\u011f\u0131 i\u00e7in m\u00fccadele eden ve Turanc\u0131 oldu\u011fu i\u00e7in 45 ya\u015f\u0131nda kur\u015funa dizilerek \u015fehit edilen Kazakistanl\u0131 \u015fair Ma\u011fcan Cumabay, Toroslar&#8217;da an\u0131ld\u0131.<\/p>\n<p>&#8220;T\u00fcrkiye&#8217;de, milli m\u00fccadeleyi simgeleyen Kuvayi Milliye neyse, T\u00fcrkistan&#8217;da da Ala\u015f Orda devletidir. Ala\u015f Orda&#8217;n\u0131n kahraman\u0131 da Ma\u011fcan Cumabay&#8217;d\u0131r&#8221; diyen Ba\u015fkan Y\u0131lmaz; &#8220;T\u00fcrkistan&#8217;\u0131 kucaklayan Ma\u011fcan Cumabay&#8217;\u0131n kaleme ald\u0131\u011f\u0131 &#8220;Uzaktaki karde\u015fime&#8221; \u015fiiri var. Bu \u015fiiri bizlere, T\u00fcrk Milletine yazm\u0131\u015f. Ruhu \u015fad, mekan\u0131 cennet olsun. Kendisi bir fani hayat ya\u015fad\u0131 ve geldi ge\u00e7ti. Ama fikirleri, eserleri kald\u0131. Bak\u0131n\u0131z y\u00fcz y\u0131l sonra bu salonda hep beraber kendisini an\u0131yoruz&#8221; dedi.<\/p>\n<p>&#8220;\u015e\u0130\u0130R YARI\u015eMASINDA DERECEYE G\u0130RENLERE \u00d6D\u00dcLLER\u0130 VER\u0130LD\u0130&#8221;<\/p>\n<p>Toroslar Belediyesinin, Mersin Yazarlar Derne\u011fi (MEYAD) ile birlikte geleneksel olarak d\u00fczenledi\u011fi &#8220;3 Ocak Mersin&#8217;in Kurtulu\u015fu&#8221; konulu \u015fiir yar\u0131\u015fmas\u0131nda dereceye girenlere \u00f6d\u00fclleri d\u00fczenlenen t\u00f6renle takdim edildi.<\/p>\n<p>Toroslar Belediye Ba\u015fkan\u0131 Ats\u0131z Af\u015f\u0131n Y\u0131lmaz&#8217;\u0131n, Mersin&#8217;in D\u00fc\u015fman \u0130\u015fgali&#8217;nden Kurtulu\u015fu&#8217;nun y\u0131l d\u00f6n\u00fcm\u00fc \u00e7er\u00e7evesinde, kuvayi milliye ruhunun ya\u015fat\u0131lmas\u0131 ve yeni nesle aktar\u0131lmas\u0131 amac\u0131yla \u00f6nem verdi\u011fi etkinliklerden biri olan \u015fiir yar\u0131\u015fmas\u0131na bu y\u0131l T\u00fcrkiye&#8217;nin d\u00f6rt bir yan\u0131ndan 65 eser kat\u0131ld\u0131.<\/p>\n<p>J\u00fcri \u00fcyelerinin yapt\u0131\u011f\u0131 de\u011ferlendirme sonucunda; &#8220;Atat\u00fcrk Y\u00fcrekliler&#8221; adl\u0131 \u015fiiri ile Mersin&#8217;in Tarsus \u0130l\u00e7esinden Fatma \u00d6zger Bilgi\u00e7 birinci, &#8220;\u015e\u00f6leni Var Mersin&#8217;in&#8221; adl\u0131 \u015fiiri ile Mersin&#8217;in Mut \u0130l\u00e7esinden Osman G\u00fcndo\u011fdu ikinci, &#8220;Mersin \u0130stiklali&#8221; adl\u0131 \u015fiiri ile Mersin&#8217;in Bozyaz\u0131 \u0130l\u00e7esinden Furkan Poyraz \u00fc\u00e7\u00fcnc\u00fc oldu.<\/p>\n<p>Yunus Emre K\u00fclt\u00fcr Merkezi&#8217;nde d\u00fczenlenen \u00f6d\u00fcl t\u00f6renine; MHP Toroslar \u0130l\u00e7e Ba\u015fkan\u0131 H\u00fcsn\u00fc Do\u011fan, Toroslar \u00dclk\u00fc Ocaklar\u0131 Ba\u015fkan\u0131 Yunus Emre Tugay, AK Parti Toroslar Gen\u00e7lik Kollar\u0131 Ba\u015fkan\u0131 Necdet Yeni, Horasan Erenleri Dernekler Federasyonu Genel Ba\u015fkan\u0131 Mehmet \u015eahin, Mersin Yazarlar Derne\u011fi Ba\u015fkan\u0131 R\u00fc\u015ft\u00fc Ayd\u0131n ve Y\u00f6netim Kurulu \u00dcyeleri, belediye meclis \u00fcyeleri, \u015fairler, yazarlar ve vatanda\u015flar kat\u0131ld\u0131.<\/p>\n<p>Ba\u015fkan Y\u0131lmaz, \u015fiir yar\u0131\u015fmas\u0131na desteklerinden dolay\u0131 MEYAD Ba\u015fkan\u0131 R\u00fc\u015ft\u00fc Ayd\u0131n&#8217;a te\u015fekk\u00fcr plaketi verdi. Birinciye tam alt\u0131n, ikinciye yar\u0131m alt\u0131n ve \u00fc\u00e7\u00fcnc\u00fcye \u00e7eyrek alt\u0131n\u0131n verildi\u011fi \u015fiir yar\u0131\u015fmas\u0131n\u0131n \u00f6d\u00fcl t\u00f6reninde t\u00fcm kat\u0131l\u0131mc\u0131lara da kat\u0131l\u0131m belgesi takdim edildi.<\/p>\n<p>Mersin&#8217;in kurtulu\u015f m\u00fccadelesini en g\u00fczel ifadelerle m\u0131sralara d\u00f6ken ve j\u00fcri \u00fcyelerinin yapt\u0131\u011f\u0131 de\u011ferlendirme sonucu dereceye giren yar\u0131\u015fmac\u0131lar\u0131n eserleri ise kat\u0131l\u0131mc\u0131lardan tam not ald\u0131.<\/p>\n<p>&#8220;3 OCAK \u015e\u0130\u0130R YARI\u015eMASIYLA, TAR\u0130H \u015eUURUNU YEN\u0130 NESLE AKTARMAYI AMA\u00c7LIYORUZ&#8221;<\/p>\n<p>Konu\u015fmas\u0131na, 3 Ocak \u015eiir Yar\u0131\u015fmas\u0131&#8217;na sunduklar\u0131 katk\u0131lardan dolay\u0131 Mersin Yazarlar Derne\u011fi Ba\u015fkan\u0131 R\u00fc\u015ft\u00fc Ayd\u0131n ve Y\u00f6netim Kurulu \u00dcyelerine te\u015fekk\u00fcr ederek ba\u015flayan Ba\u015fkan Y\u0131lmaz, 3 Ocak&#8217;\u0131n Mersin i\u00e7in \u00f6nemine dikkat \u00e7ekti. Ba\u015fkan Y\u0131lmaz; &#8220;Aral\u0131k 1918&#8217;da \u0130ngilizler, Ocak 1919&#8217;da Frans\u0131zlar iskeleye yana\u015farak Mersin&#8217;i i\u015fgal ettiler. Ermeni \u00e7etelerle birle\u015ferek b\u00f6lge halk\u0131na i\u015fkence yapt\u0131lar. Kayrakke\u015fli&#8217;den a\u015fa\u011f\u0131 do\u011fru maa\u015f \u00e7ekmeye gelen Halime ninemizi e\u015finin \u00f6n\u00fcnde i\u015fkence yap\u0131p \u015fehit ettiler. Dedelerimiz, b\u00fcy\u00fcklerimiz bir araya geldiler, kuvayi milliyeleri kurdular. Atland\u0131lar, silahland\u0131lar. Yakla\u015f\u0131k 3 y\u0131l Mersin i\u015fgal alt\u0131nda kald\u0131 ve neticesinde de 3 Ocak&#8217;ta Mersinimizi d\u00fc\u015fmandan kurtarm\u0131\u015f olduk. Ba\u015fta Gazi Mustafa Kemal Atat\u00fcrk olmak \u00fczere can veren, kan veren, al\u0131n teri ak\u0131tan t\u00fcm b\u00fcy\u00fcklerimizi rahmetle, minnetle an\u0131yorum. Ruhlar\u0131 \u015fad olsun&#8221; diye konu\u015ftu.<\/p>\n<p>&#8220;UZAKTAK\u0130 KARDE\u015e\u0130ME&#8221; \u015e\u0130\u0130R\u0130N\u0130 OKUYAN BA\u015eKAN YILMAZ, KATILIMCILARI DUYGULANDIRDI<\/p>\n<p>Ba\u015fkan Y\u0131lmaz, Kazakistanl\u0131 \u015fair Ma\u011fcan Cumabay&#8217;\u0131n hayat\u0131n\u0131 ve Ala\u015f Orda devletinin kurulma a\u015famas\u0131n\u0131 sinevizyon e\u015fli\u011finde kat\u0131l\u0131mc\u0131lara anlatarak; &#8220;Ala\u015f Orda, 1917&#8217;deki devrimden sonra T\u00fcrkistan&#8217;da kurulan devletin bayra\u011f\u0131. Ay y\u0131ld\u0131z, k\u0131rm\u0131z\u0131 \u00fczerine i\u015flenmi\u015f beyaz de\u011fil sar\u0131. Ala\u015f Orda devleti. Ala\u015f, millet demek, Orda, devlet demek. \u0130smini Ala\u015fhan&#8217;dan al\u0131yor&#8221; dedi.<\/p>\n<p>&#8220;Uzakta a\u011f\u0131r azap \u00e7eken karde\u015fim! Solmu\u015f l\u00e2leler gibi kuruyan karde\u015fim, Etraf\u0131n\u0131 sarm\u0131\u015f d\u00fc\u015fman ortas\u0131nda, G\u00f6l gibi g\u00f6zya\u015f\u0131 d\u00f6ken karde\u015fim&#8221; diyerek Ma\u011fcan Cumabay&#8217;\u0131 kaleme ald\u0131\u011f\u0131 &#8220;Uzaktaki Karde\u015fime&#8221; adl\u0131 \u015fiiriyle hat\u0131rlatmak istedi\u011fini belirten Ba\u015fkan Y\u0131lmaz; &#8220;Kazakistan, uzak ve ayr\u0131 bir yermi\u015f de bizler oray\u0131 \u015fimdi ke\u015ffe gidiyormu\u015f gibi g\u00f6r\u00fcn\u00fcyoruz. H\u00e2lbuki biz hep beraberdik ve beraber daha g\u00fc\u00e7l\u00fcyd\u00fck. 21. y\u00fczy\u0131l\u0131n ba\u015f\u0131nda, hatta son 200 y\u0131l i\u00e7inde ba\u015f\u0131m\u0131za gelen seri olaylar neticesinde aram\u0131za duvar, demir perde \u00f6r\u00fcld\u00fc. Ala\u015f Orda&#8217;n\u0131n kahraman\u0131 Ma\u011fcan Cumabay&#8217;d\u0131r. Ala\u015f Orda nedir? T\u00fcrkiye&#8217;de kuvayi Milliye neyse, T\u00fcrkistan&#8217;da da Ala\u015f Orda odur. Onlar da Rus&#8217;a kar\u015f\u0131 vatan savunmas\u0131 yapt\u0131lar, hatta 1917&#8217;da Ala\u015f Orda devletini kurdular. Ancak Rus, buna m\u00fcsaade etmedi.  Biz burada kuvayi milliye hareketinde ba\u015far\u0131l\u0131 olduk. Onlar bizi izlediler. Ma\u011fcan Cumabay&#8217;\u0131n &#8220;Uzaktaki karde\u015fime&#8221; diye bir \u015fiiri var. Bu \u015fiiri bize yazm\u0131\u015f. Bu \u015fiiri neden bug\u00fcn okudum? Burada kuvayi milliye var. Orada Ala\u015f Orda var. Mersin&#8217;in kurtulu\u015f g\u00fcn\u00fcn\u00fc kutluyoruz. Biz kurtulduk \u00e7ok \u015f\u00fck\u00fcr, d\u00fc\u015fman\u0131 yendik. D\u00fc\u015fman\u0131 g\u00f6nderdik bir de d\u00fc\u015fman\u0131 yenemeyen ve halen g\u00f6nderemeyen var. \u0130\u015fte oradaki karde\u015flerimiz.1932&#8217;ye kadar Gazi Mustafa Kemal Atat\u00fcrk&#8217;\u00fcn fikriyle, giri\u015fimiyle, m\u00fccadelesiyle T\u00fcrk Dil Kurumu, T\u00fcrk Tarih Kurumu kuruldu. 1932&#8217;ye kadar T\u00fcrk tarihi, okullarda t\u00fcm T\u00fcrk d\u00fcnyas\u0131na hatta t\u00fcm Asya ile birlikte anlat\u0131ld\u0131. Anadolu&#8217;nun g\u00f6z\u00fcyle de\u011fil, T\u00fcrkistan g\u00f6z\u00fcyle, b\u00fct\u00fcn T\u00fcrklerin g\u00f6z\u00fcyle anlat\u0131ld\u0131&#8221; diye konu\u015ftu.<\/p>\n<p>&#8220;T\u00dcRK\u0130YE Y\u00dcZYILI V\u0130ZYONUNDA, DAHA DA G\u00dc\u00c7L\u00dc OLACA\u011eIZ&#8221;<\/p>\n<p>\u015eiirin; &#8220;Uzakta a\u011f\u0131r azap \u00e7eken karde\u015fim! Solmu\u015f l\u00e2leler gibi kuruyan karde\u015fim, Etraf\u0131n\u0131 sarm\u0131\u015f d\u00fc\u015fman ortas\u0131nda, G\u00f6l gibi g\u00f6zya\u015f\u0131 d\u00f6ken karde\u015fim! Ben kald\u0131m yavru balaban, kanat a\u00e7amam, U\u00e7sam diye davransam bir t\u00fcrl\u00fc u\u00e7amam, Y\u00f6n bulduran, yol g\u00f6steren can kalmad\u0131;Yavuz d\u00fc\u015fman koyar m\u0131 \u015fimdi beni vurmadan?&#8221; s\u00f6zlerine at\u0131fta bulunan Ba\u015fkan Y\u0131lmaz; &#8220;Bak\u0131n\u0131z \u015fiirde ne diyor? Y\u00f6n bulduran, y\u00f6n g\u00f6steren can kalmad\u0131 diyor. Sen gittin oraya aram\u0131za duvar girdi ve ben ne yapaca\u011f\u0131m \u015fimdi diyor. 2023 y\u0131l\u0131na girdik. 2023&#8217;de Yeni T\u00fcrkiye Y\u00fczy\u0131l\u0131 ba\u015flad\u0131. G\u00fc\u00e7l\u00fc T\u00fcrkiye, T\u00fcrk Devletleri Te\u015fkilat\u0131 ile. Peki, bunu nas\u0131l sa\u011flayaca\u011f\u0131z? B\u00fcy\u00fcklerimiz, gerekeni yap\u0131yorlar. Bizler ne yapaca\u011f\u0131z? \u0130\u015fte biz de y\u00fcz y\u0131ld\u0131r Anadolu odakl\u0131 bakmay\u0131 ve sadece bat\u0131ya bakmay\u0131 telkin eden sistem yerine Liderimiz Say\u0131n Dr. Devlet Bah\u00e7eli&#8217;nin s\u00f6yledi\u011fi gibi &#8220;Sel\u00e7uklu Kartal\u0131 gibi hem do\u011fu hem bat\u0131&#8221; diyece\u011fiz ve daha da g\u00fc\u00e7l\u00fc olaca\u011f\u0131z in\u015fallah. Bunun i\u00e7in Ala\u015f Orda&#8217;n\u0131n bayra\u011f\u0131n\u0131 \u00f6zellikle g\u00f6rmenizi istedim. Bu insanlar, bizim karde\u015fimiz. Bayra\u011f\u0131m\u0131z, dinimiz ayn\u0131. Hedeflerimizi de birle\u015ftirirsek, bir araya gelirsek ancak ba\u015far\u0131ya ula\u015f\u0131r\u0131z&#8221; \u015feklinde konu\u015ftu.<\/p>\n<p>Ba\u015fkan Y\u0131lmaz, T\u00fcrk D\u00fcnyas\u0131 Ara\u015ft\u0131rmalar\u0131 Vakf\u0131 kurucusu, \u00f6mr\u00fcn\u00fc T\u00fcrk D\u00fcnyas\u0131n\u0131n &#8220;Dilde, Fikirde, \u0130\u015fte, Birli\u011fine&#8221; adayan merhum Prof. Dr. Turan Yazgan&#8217;\u0131n 2005&#8217;de yapt\u0131\u011f\u0131 bir konu\u015fmas\u0131n\u0131 da hat\u0131rlatarak; &#8220;Rahmetli Turan Yazgan Hocam\u0131z, konu\u015fmas\u0131nda; &#8220;T\u00fcrk D\u00fcnyas\u0131nda bize kap\u0131lar a\u00e7\u0131ld\u0131, ancak 15 y\u0131ll\u0131k s\u00fcreyi iyi de\u011ferlendiremedik, romantik, duygusal davrand\u0131k. Sadece biz kendi d\u00fcnyam\u0131za g\u00f6re onlardan beklentiye girdik, onlar da kendi d\u00fcnyalar\u0131na g\u00f6re beklentiye girdiler. H\u00e2lbuki ba\u015far\u0131ya ula\u015fmak ve bir araya gelmek istiyorsan \u00f6nce onlar\u0131 anlamam\u0131z gerekir. Onlar\u0131 anlamak i\u00e7in de onlar\u0131n ge\u00e7mi\u015fini, k\u00fclt\u00fcr\u00fcn\u00fc ve onlar\u0131n bize nas\u0131l bakt\u0131\u011f\u0131n\u0131 anlamam\u0131z gerekir&#8221; ifadelerine yer veriyor&#8221; dedi.<\/p>\n<p>Ba\u015fkan Y\u0131lmaz, kat\u0131l\u0131mc\u0131lardan b\u00fcy\u00fck alk\u0131\u015f al\u0131rken, konu\u015fmalar\u0131n ard\u0131ndan dereceye giren yar\u0131\u015fmac\u0131lara \u00f6d\u00fclleri verildi. Program, toplu foto\u011fraf \u00e7ekimiyle sona erdi.<\/p>\n","protected":false},"excerpt":{"rendered":"<p>Toroslar Belediye Ba\u015fkan\u0131 Ats\u0131z Af\u015f\u0131n Y\u0131lmaz, &#8220;3 Ocak Mersin&#8217;in Kurtulu\u015fu&#8221; konulu \u015fiir yar\u0131\u015fmas\u0131n\u0131n \u00f6d\u00fcl t\u00f6reninde; Kazak halk\u0131n\u0131n ba\u011f\u0131ms\u0131zl\u0131\u011f\u0131 i\u00e7in sava\u015fm\u0131\u015f ve \u015fiirleriyle T\u00fcrk d\u00fcnyas\u0131na derman olmu\u015f b\u00fcy\u00fck \u015fair, fikir ve &hellip; <a href=\"https:\/\/akdenizolaygazetesi.com\/?p=23404\" class=\"more-link\">Devam\u0131n\u0131 Oku&#8230;<\/a><\/p>\n","protected":false},"author":2,"featured_media":23405,"comment_status":"open","ping_status":"open","sticky":false,"template":"","format":"standard","meta":[],"categories":[2,3,5],"tags":[],"_links":{"self":[{"href":"https:\/\/akdenizolaygazetesi.com\/index.php?rest_route=\/wp\/v2\/posts\/23404"}],"collection":[{"href":"https:\/\/akdenizolaygazetesi.com\/index.php?rest_route=\/wp\/v2\/posts"}],"about":[{"href":"https:\/\/akdenizolaygazetesi.com\/index.php?rest_route=\/wp\/v2\/types\/post"}],"author":[{"embeddable":true,"href":"https:\/\/akdenizolaygazetesi.com\/index.php?rest_route=\/wp\/v2\/users\/2"}],"replies":[{"embeddable":true,"href":"https:\/\/akdenizolaygazetesi.com\/index.php?rest_route=%2Fwp%2Fv2%2Fcomments&post=23404"}],"version-history":[{"count":1,"href":"https:\/\/akdenizolaygazetesi.com\/index.php?rest_route=\/wp\/v2\/posts\/23404\/revisions"}],"predecessor-version":[{"id":23406,"href":"https:\/\/akdenizolaygazetesi.com\/index.php?rest_route=\/wp\/v2\/posts\/23404\/revisions\/23406"}],"wp:featuredmedia":[{"embeddable":true,"href":"https:\/\/akdenizolaygazetesi.com\/index.php?rest_route=\/wp\/v2\/media\/23405"}],"wp:attachment":[{"href":"https:\/\/akdenizolaygazetesi.com\/index.php?rest_route=%2Fwp%2Fv2%2Fmedia&parent=23404"}],"wp:term":[{"taxonomy":"category","embeddable":true,"href":"https:\/\/akdenizolaygazetesi.com\/index.php?rest_route=%2Fwp%2Fv2%2Fcategories&post=23404"},{"taxonomy":"post_tag","embeddable":true,"href":"https:\/\/akdenizolaygazetesi.com\/index.php?rest_route=%2Fwp%2Fv2%2Ftags&post=23404"}],"curies":[{"name":"wp","href":"https:\/\/api.w.org\/{rel}","templated":true}]}}