{"id":23415,"date":"2023-01-09T12:55:36","date_gmt":"2023-01-09T09:55:36","guid":{"rendered":"http:\/\/akdenizolaygazetesi.com\/?p=23415"},"modified":"2023-01-09T12:55:36","modified_gmt":"2023-01-09T09:55:36","slug":"uretici-kadin-stantlari-yogurt-pazarinda-kuruldu","status":"publish","type":"post","link":"https:\/\/akdenizolaygazetesi.com\/?p=23415","title":{"rendered":"&#8216;\u00dcRET\u0130C\u0130 KADIN STANTLARI&#8217; YO\u011eURT PAZARI&#8217;NDA KURULDU"},"content":{"rendered":"<p>Mersin B\u00fcy\u00fck\u015fehir Belediyesi Kad\u0131n ve Aile Hizmetleri Dairesi Ba\u015fkanl\u0131\u011f\u0131 taraf\u0131ndan hayata ge\u00e7irilen &#8216;\u00dcretici Kad\u0131n Stantlar\u0131&#8217;, kad\u0131nlara gelir kap\u0131s\u0131 olmaya devam ediyor. Her ay farkl\u0131 lokasyonlarda kurulan \u00fcretici kad\u0131n stantlar\u0131n\u0131n son adresi, Akdeniz il\u00e7esinde yer alan Yo\u011furt Pazar\u0131 oldu. Pazar alan\u0131nda kurulan stantlar\u0131n ba\u015f\u0131na ge\u00e7en \u00fcretici kad\u0131nlar, birbirinden de\u011ferli el eme\u011fi ve do\u011fal \u00fcr\u00fcnleri sat\u0131\u015fa sundu. Mersinlilerin de yo\u011fun ilgisine sahne olan pazarda bal, kuru meyveler, eri\u015fteler, ev yemekleri, organik sebzeler gibi bir\u00e7ok \u00fcr\u00fcn sat\u0131\u015fa sunuldu. Kurulan pazarda vatanda\u015flar do\u011fal \u00fcr\u00fcnlerin, kad\u0131nlar ise kazan\u00e7 elde etmenin tad\u0131n\u0131 \u00e7\u0131kard\u0131.<br \/>\n&#8220;Buradaki di\u011fer kad\u0131nlarla fikir al\u0131\u015f veri\u015fi yap\u0131yoruz&#8221;<br \/>\nPazarda stant a\u00e7an \u00fcretici kad\u0131nlardan Selma Y\u0131lmaz, yakla\u015f\u0131k 2 y\u0131ld\u0131r \u00fcretici kad\u0131n stantlar\u0131nda ye ald\u0131\u011f\u0131n\u0131 ve \u00e7ok memnun oldu\u011funu s\u00f6yledi. B\u00fcy\u00fck\u015fehir&#8217;in, ula\u015f\u0131m\u0131na da yard\u0131mc\u0131 oldu\u011funu belirten Y\u0131lmaz, &#8220;Toroslar&#8217;a ba\u011fl\u0131 \u00c7aml\u0131dere K\u00f6y\u00fc&#8217;nden geliyorum. B\u00fcy\u00fck\u015fehir&#8217;in g\u00f6revlileri sabahtan geldiler, beni evimden al\u0131p buraya getirdiler, pazar bitince de geri g\u00f6t\u00fcrecekler. O kadar mutluyum ki bunun i\u00e7in. B\u00f6yle g\u00fczel etkinlikler i\u00e7in B\u00fcy\u00fck\u015fehir&#8217;e \u00e7ok te\u015fekk\u00fcr ediyorum&#8221; dedi.<br \/>\nStanttan elde etti\u011fi gelirle \u00e7ocuklar\u0131n\u0131 okuttu\u011funu ifade eden Y\u0131lmaz, &#8220;Hem kendi param\u0131z\u0131 kazan\u0131yoruz, hem de sosyalle\u015ferek yeni arkada\u015flar ediniyoruz. \u0130ki \u00e7ocuk okutuyorum. Elde etti\u011fim gelir onlara fayda sa\u011fl\u0131yor, har\u00e7l\u0131k verebiliyoruz, e\u015fimizden para istemiyoruz. \u00c7ok g\u00fczel bir \u015fey. Ayn\u0131 zamanda sosyalle\u015fiyoruz, ba\u015fka insanlar\u0131 g\u00f6rd\u00fck\u00e7e insan\u0131n fikirleri de geni\u015fliyor. Fikir al\u0131\u015fveri\u015fi yap\u0131yoruz. \u00c7ok memnunuz&#8221; diye konu\u015ftu.<br \/>\n&#8220;\u0130nsanlara sa\u011fl\u0131kl\u0131 \u00fcr\u00fcnler sunuyoruz&#8221;<br \/>\nPazarda stant a\u00e7an \u00fcretici kad\u0131nlardan Emine Erik ise, hem insanlar\u0131 sa\u011fl\u0131kl\u0131 \u00fcr\u00fcnlerle bulu\u015fturmak, hem de kazan\u00e7 elde etmek istedi\u011fini s\u00f6yledi. Erik, &#8220;Art\u0131k organik fazla bir \u015fey kalmad\u0131, millet arasa da bulam\u0131yor. Elimizden geldi\u011fince, insanlara sa\u011fl\u0131kl\u0131 \u00fcr\u00fcnler \u00fcretmeye \u00e7al\u0131\u015f\u0131yor ve ayn\u0131 zamanda evimize katk\u0131da bulunuyoruz. \u00dcrettikleri \u00fcr\u00fcnleri tan\u0131tmak ve evine katk\u0131da bulunmak isteyen \u00e7ok kad\u0131n var. Eline f\u0131rsat ge\u00e7se, o kadar becerikli kad\u0131nlar\u0131m\u0131z var ki. Ayr\u0131ca de\u011fi\u015fik insanlar tan\u0131yoruz, ben \u00e7ok memnunum ger\u00e7ekten&#8221; ifadelerini kulland\u0131.<br \/>\n&#8220;Evimizin b\u00fct\u00e7esine de katk\u0131 oluyor&#8221;<br \/>\nSelma Y\u0131ld\u0131z Arca da, B\u00fcy\u00fck\u015fehir&#8217;in kad\u0131nlar\u0131 desteklemesinin \u00e7ok \u00f6nemli oldu\u011funa de\u011finerek, &#8220;Nar ek\u015fisi, kendi yap\u0131m\u0131m \u00e7\u00f6rek otu ya\u011f\u0131 ve pekmezlerim var. Ayr\u0131ca ev yemekleri \u00fcretiyorum. Daha \u00f6nce Narenciye Festivali&#8217;ne de kat\u0131lm\u0131\u015ft\u0131m, bu ikinci kat\u0131l\u0131\u015f\u0131m. \u00c7ok g\u00fczel, \u00e7ok be\u011fendim. B\u00fcy\u00fck\u015fehir&#8217;in bize bu imk\u00e2n\u0131 sa\u011flamas\u0131 \u00e7ok g\u00fczel bir \u015fey. \u00c7ocuk okutuyoruz ve evimize de maddi olarak katk\u0131da bulunuyoruz&#8221; dedi.<\/p>\n","protected":false},"excerpt":{"rendered":"<p>Mersin B\u00fcy\u00fck\u015fehir Belediyesi Kad\u0131n ve Aile Hizmetleri Dairesi Ba\u015fkanl\u0131\u011f\u0131 taraf\u0131ndan hayata ge\u00e7irilen &#8216;\u00dcretici Kad\u0131n Stantlar\u0131&#8217;, kad\u0131nlara gelir kap\u0131s\u0131 olmaya devam ediyor. Her ay farkl\u0131 lokasyonlarda kurulan \u00fcretici kad\u0131n stantlar\u0131n\u0131n son &hellip; <a href=\"https:\/\/akdenizolaygazetesi.com\/?p=23415\" class=\"more-link\">Devam\u0131n\u0131 Oku&#8230;<\/a><\/p>\n","protected":false},"author":2,"featured_media":23416,"comment_status":"open","ping_status":"open","sticky":false,"template":"","format":"standard","meta":[],"categories":[8,1,2,3],"tags":[],"_links":{"self":[{"href":"https:\/\/akdenizolaygazetesi.com\/index.php?rest_route=\/wp\/v2\/posts\/23415"}],"collection":[{"href":"https:\/\/akdenizolaygazetesi.com\/index.php?rest_route=\/wp\/v2\/posts"}],"about":[{"href":"https:\/\/akdenizolaygazetesi.com\/index.php?rest_route=\/wp\/v2\/types\/post"}],"author":[{"embeddable":true,"href":"https:\/\/akdenizolaygazetesi.com\/index.php?rest_route=\/wp\/v2\/users\/2"}],"replies":[{"embeddable":true,"href":"https:\/\/akdenizolaygazetesi.com\/index.php?rest_route=%2Fwp%2Fv2%2Fcomments&post=23415"}],"version-history":[{"count":1,"href":"https:\/\/akdenizolaygazetesi.com\/index.php?rest_route=\/wp\/v2\/posts\/23415\/revisions"}],"predecessor-version":[{"id":23417,"href":"https:\/\/akdenizolaygazetesi.com\/index.php?rest_route=\/wp\/v2\/posts\/23415\/revisions\/23417"}],"wp:featuredmedia":[{"embeddable":true,"href":"https:\/\/akdenizolaygazetesi.com\/index.php?rest_route=\/wp\/v2\/media\/23416"}],"wp:attachment":[{"href":"https:\/\/akdenizolaygazetesi.com\/index.php?rest_route=%2Fwp%2Fv2%2Fmedia&parent=23415"}],"wp:term":[{"taxonomy":"category","embeddable":true,"href":"https:\/\/akdenizolaygazetesi.com\/index.php?rest_route=%2Fwp%2Fv2%2Fcategories&post=23415"},{"taxonomy":"post_tag","embeddable":true,"href":"https:\/\/akdenizolaygazetesi.com\/index.php?rest_route=%2Fwp%2Fv2%2Ftags&post=23415"}],"curies":[{"name":"wp","href":"https:\/\/api.w.org\/{rel}","templated":true}]}}