{"id":23418,"date":"2023-01-09T12:57:07","date_gmt":"2023-01-09T09:57:07","guid":{"rendered":"http:\/\/akdenizolaygazetesi.com\/?p=23418"},"modified":"2023-01-09T12:57:07","modified_gmt":"2023-01-09T09:57:07","slug":"kentin-sanatcilarini-vatandaslarla-bulusturuyoruz","status":"publish","type":"post","link":"https:\/\/akdenizolaygazetesi.com\/?p=23418","title":{"rendered":"KENT\u0130N SANAT\u00c7ILARINI VATANDA\u015eLARLA BULU\u015eTURUYORUZ"},"content":{"rendered":"<p>B\u00fclent Akba\u015f&#8217;\u0131n 10 y\u0131ll\u0131k \u00e7al\u0131\u015fmalar\u0131n\u0131n \u00fcr\u00fcn\u00fc olan &#8216;Mersin Kelebekleri&#8217; \u00e7al\u0131\u015fmas\u0131, Mersin&#8217;de yer alan endemik kelebek t\u00fcrlerinin yan\u0131 s\u0131ra, g\u00f6\u00e7 rotas\u0131nda Mersin olan kelebeklerin foto\u011fraflar\u0131n\u0131 da kaps\u0131yor. 112 kelebek t\u00fcr\u00fcn\u00fcn foto\u011fraflar\u0131n\u0131n yer ald\u0131\u011f\u0131 sergi, 21 Ocak tarihine kadar \u0130\u00e7el Sanat Kul\u00fcb\u00fc&#8217;nde sanatseverlerle bulu\u015facak.<br \/>\nAkba\u015f: &#8220;\u00dclkemizdeki 410 kelebek t\u00fcr\u00fcnden 198&#8217;si kentimizde ya\u015f\u0131yor&#8221;<br \/>\nSerginin i\u00e7eri\u011fi ve hikayesi hakk\u0131nda bilgi veren B\u00fclent Akba\u015f, &#8220;T\u00fcrkiye&#8217;de 410 t\u00fcr kelebek belirlenmi\u015f. 410 t\u00fcrden 198 t\u00fcr\u00fc Mersin&#8217;de ya\u015f\u0131yor. Mersin, kelebek a\u00e7\u0131s\u0131ndan zengin bir \u015fehrimiz. Ben 9-10 seneden beri Mersin kelebeklerinin foto\u011fraf\u0131n\u0131 \u00e7ekiyorum&#8221; derken, katk\u0131lar\u0131ndan dolay\u0131 Mersin B\u00fcy\u00fck\u015fehir Belediyesi&#8217;ne te\u015fekk\u00fcr ederek, &#8220;B\u00fcy\u00fck\u015fehir Belediyesi&#8217;nin destekleriyle bu eserler meydana \u00e7\u0131kt\u0131&#8221; dedi.<br \/>\nG\u00f6kbel: &#8220;Belediyemizin k\u00fclt\u00fcrel faaliyetleri, kentin her yerine yay\u0131ld\u0131&#8221;<br \/>\nMersin B\u00fcy\u00fck\u015fehir Belediyesi Genel Sekreter Yard\u0131mc\u0131s\u0131 Hasan G\u00f6kbel, \u0130\u00e7el Sanat Kul\u00fcb\u00fc ile ortak etkinliklere imza att\u0131klar\u0131n\u0131 belirterek, &#8220;Burada \u00e7ok g\u00fczel eserler var. B\u00fcy\u00fck\u015fehir Belediyesi olarak, bu sergide katk\u0131m\u0131z olmas\u0131ndan da memnuniyet duyuyorum. K\u00fclt\u00fcr ve Sosyal \u0130\u015fler Dairemiz \u00e7ok ciddi \u00e7al\u0131\u015fmalara girdi. Belediye&#8217;nin sanatla ilgili birimlerinin g\u00fc\u00e7lendirilmesi konusunda, ehil ve i\u015fini bilen sanat\u00e7\u0131lar al\u0131nd\u0131. Bu tiyatroda da oldu, kent orkestras\u0131nda da oldu, halk oyunlar\u0131nda da oldu. Etkinliklerimiz \u00e7ok fazla. Eskiden sadece Kongre Merkezi&#8217;nde yap\u0131lan etkinliklerimiz; art\u0131k Yeni\u015fehir Belediyesi&#8217;nin salonlar\u0131nda, Mezitli Belediyesi&#8217;nin K\u00fclt\u00fcr Merkezi&#8217;nde yap\u0131lmaya ba\u015fland\u0131. Okullara girilmeye ba\u015fland\u0131&#8221; dedi.<br \/>\n\u00d6zd\u00fclger: &#8220;B\u00fcy\u00fck\u015fehir olarak, k\u00fclt\u00fcrel ve sanatsal de\u011ferlerimizin fark\u0131nday\u0131z&#8221;<br \/>\nMersin&#8217;in k\u00fclt\u00fcrel ve sanatsal anlamda zenginlikleriyle me\u015fhur bir \u015fehir oldu\u011funu vurgulayan K\u00fclt\u00fcr ve Sosyal \u0130\u015fler Dairesi Ba\u015fkanl\u0131\u011f\u0131 Koordinat\u00f6r\u00fc ve Opera Sanat\u00e7\u0131s\u0131 Bengi \u0130spir \u00d6zd\u00fclger, &#8220;De\u011ferli foto\u011fraf sanat\u00e7\u0131m\u0131z Say\u0131n B\u00fclent Akba\u015f&#8217;\u0131n sergisini ger\u00e7ekle\u015ftiriyor olman\u0131n ve bu a\u00e7\u0131l\u0131\u015fta kendisiyle bir arada olman\u0131n mutlulu\u011funu ya\u015f\u0131yoruz. Bizim amac\u0131m\u0131z Mersin&#8217;deki foto\u011fraf\u00e7\u0131, edebiyat\u00e7\u0131, yazar, orkestra sanat\u00e7\u0131s\u0131, tiyatro sanat\u00e7\u0131s\u0131, \u00e7izerler gibi b\u00f6ylesine k\u0131ymetli sanat\u00e7\u0131lara verdi\u011fimiz de\u011feri, g\u00f6sterdi\u011fimiz \u00f6zeni, halk\u0131m\u0131zla b\u00fct\u00fcnle\u015ftirmek istiyoruz. B\u00fcy\u00fck\u015fehir Belediyesi olarak k\u00fclt\u00fcrel ve sanatsal de\u011ferlerimizin fark\u0131nday\u0131z&#8221; ifadelerine yer verdi.<br \/>\nBask\u0131n: &#8220;Say\u0131n Vahap Se\u00e7er&#8217;le birlikte, Mersin&#8217;de k\u00fclt\u00fcrel etkinliklerin artt\u0131\u011f\u0131n\u0131 g\u00f6r\u00fcyoruz&#8221;<br \/>\n\u0130\u00e7el Sanat Kul\u00fcb\u00fc Ba\u015fkan\u0131 Mecit Bask\u0131n, kul\u00fcb\u00fcn bir\u00e7ok tan\u0131t\u0131ma, s\u00f6yle\u015fiye ve sergiye ev sahipli\u011fi yapt\u0131\u011f\u0131n\u0131 belirterek, &#8220;Bug\u00fcn de de\u011ferli b\u00fcy\u00fc\u011f\u00fcm\u00fcz, sevgili a\u011fabeyimiz B\u00fclent Akba\u015f&#8217;\u0131n koleksiyonundan kelebekleri birlikte izliyoruz&#8221; dedi. Ba\u015fkan Vahap Se\u00e7er&#8217;le birlikte, Mersin&#8217;de k\u00fclt\u00fcrel etkinliklerin artt\u0131\u011f\u0131na vurgu yapan Bask\u0131n, &#8220;Bu serginin olu\u015fmas\u0131nda B\u00fcy\u00fck\u015fehir Belediye Ba\u015fkan\u0131m\u0131z Say\u0131n Vahap Se\u00e7er&#8217;in ve de\u011ferli kadrosunun emekleri ve iradeleri vard\u0131r. Onlara, bu serginin ger\u00e7ekle\u015fmesine olan destekleri ve \u00e7abalar\u0131 i\u00e7in \u00e7ok te\u015fekk\u00fcr ederim. Mersin B\u00fcy\u00fck\u015fehir Belediyesi, yapt\u0131\u011f\u0131 bu g\u00fczel i\u015flerle, il\u00e7e belediyelerine de \u00f6nc\u00fc ve lokomotif olmu\u015ftur. Dolay\u0131s\u0131yla bu etkinin artarak s\u00fcrd\u00fc\u011f\u00fcn\u00fc g\u00f6zlemliyoruz &#8221; ifadelerine yer verdi.<\/p>\n","protected":false},"excerpt":{"rendered":"<p>B\u00fclent Akba\u015f&#8217;\u0131n 10 y\u0131ll\u0131k \u00e7al\u0131\u015fmalar\u0131n\u0131n \u00fcr\u00fcn\u00fc olan &#8216;Mersin Kelebekleri&#8217; \u00e7al\u0131\u015fmas\u0131, Mersin&#8217;de yer alan endemik kelebek t\u00fcrlerinin yan\u0131 s\u0131ra, g\u00f6\u00e7 rotas\u0131nda Mersin olan kelebeklerin foto\u011fraflar\u0131n\u0131 da kaps\u0131yor. 112 kelebek t\u00fcr\u00fcn\u00fcn foto\u011fraflar\u0131n\u0131n &hellip; <a href=\"https:\/\/akdenizolaygazetesi.com\/?p=23418\" class=\"more-link\">Devam\u0131n\u0131 Oku&#8230;<\/a><\/p>\n","protected":false},"author":2,"featured_media":23419,"comment_status":"open","ping_status":"open","sticky":false,"template":"","format":"standard","meta":[],"categories":[1,2,3],"tags":[],"_links":{"self":[{"href":"https:\/\/akdenizolaygazetesi.com\/index.php?rest_route=\/wp\/v2\/posts\/23418"}],"collection":[{"href":"https:\/\/akdenizolaygazetesi.com\/index.php?rest_route=\/wp\/v2\/posts"}],"about":[{"href":"https:\/\/akdenizolaygazetesi.com\/index.php?rest_route=\/wp\/v2\/types\/post"}],"author":[{"embeddable":true,"href":"https:\/\/akdenizolaygazetesi.com\/index.php?rest_route=\/wp\/v2\/users\/2"}],"replies":[{"embeddable":true,"href":"https:\/\/akdenizolaygazetesi.com\/index.php?rest_route=%2Fwp%2Fv2%2Fcomments&post=23418"}],"version-history":[{"count":1,"href":"https:\/\/akdenizolaygazetesi.com\/index.php?rest_route=\/wp\/v2\/posts\/23418\/revisions"}],"predecessor-version":[{"id":23420,"href":"https:\/\/akdenizolaygazetesi.com\/index.php?rest_route=\/wp\/v2\/posts\/23418\/revisions\/23420"}],"wp:featuredmedia":[{"embeddable":true,"href":"https:\/\/akdenizolaygazetesi.com\/index.php?rest_route=\/wp\/v2\/media\/23419"}],"wp:attachment":[{"href":"https:\/\/akdenizolaygazetesi.com\/index.php?rest_route=%2Fwp%2Fv2%2Fmedia&parent=23418"}],"wp:term":[{"taxonomy":"category","embeddable":true,"href":"https:\/\/akdenizolaygazetesi.com\/index.php?rest_route=%2Fwp%2Fv2%2Fcategories&post=23418"},{"taxonomy":"post_tag","embeddable":true,"href":"https:\/\/akdenizolaygazetesi.com\/index.php?rest_route=%2Fwp%2Fv2%2Ftags&post=23418"}],"curies":[{"name":"wp","href":"https:\/\/api.w.org\/{rel}","templated":true}]}}