{"id":23424,"date":"2023-01-09T13:00:18","date_gmt":"2023-01-09T10:00:18","guid":{"rendered":"http:\/\/akdenizolaygazetesi.com\/?p=23424"},"modified":"2023-01-09T13:00:18","modified_gmt":"2023-01-09T10:00:18","slug":"canakkale-gezici-muzesi-toroslarda","status":"publish","type":"post","link":"https:\/\/akdenizolaygazetesi.com\/?p=23424","title":{"rendered":"\u00c7ANAKKALE GEZ\u0130C\u0130 M\u00dcZES\u0130 TOROSLAR&#8217;DA"},"content":{"rendered":"<p>Toroslar Belediyesinin ev sahipli\u011finde Yunus Emre K\u00fclt\u00fcr Merkezinde ziyarete a\u00e7\u0131lan &#8220;\u00c7anakkale Gezici M\u00fczesi&#8221;, ba\u015fta \u00f6\u011frenciler olmak \u00fczere vatanda\u015flar taraf\u0131ndan yo\u011fun ilgi g\u00f6r\u00fcyor.<\/p>\n<p>\u00c7anakkale Sava\u015flar\u0131 100. Y\u0131l Derne\u011fi&#8217;nin &#8220;Bir G\u00fcn De\u011fil Her G\u00fcn \u00c7anakkale&#8221; slogan\u0131yla T\u00fcrkiye&#8217;yi dola\u015fan gezici m\u00fcze ile \u00c7anakkale Sava\u015f\u0131&#8217;nda verilen destans\u0131 m\u00fccadelenin ve kahramanl\u0131klar\u0131n yeni nesillere aktar\u0131lmas\u0131 ama\u00e7lan\u0131yor.<\/p>\n<p>Toroslar Belediye Ba\u015fkan\u0131 Ats\u0131z Af\u015f\u0131n Y\u0131lmaz da \u00f6\u011frencilerle birlikte m\u00fczeyi gezerek, onlardan bu vatan\u0131n bizlere hangi \u015fartlarda emanet edildi\u011fini unutmamalar\u0131n\u0131 istedi.<\/p>\n<p>\u00c7anakkale sava\u015f\u0131nda askerlerin kulland\u0131klar\u0131 e\u015fyalar ve sava\u015f malzemelerinin sergilendi\u011fi m\u00fczede, \u00c7anakkale Sava\u015flar\u0131 100. Y\u0131l Derne\u011fi temsilcisi Ali Murat Kalegil taraf\u0131ndan sava\u015fta ya\u015fan\u0131lan olaylar\u0131n k\u0131sa hik\u00e2yeleri de kat\u0131l\u0131mc\u0131lara anlat\u0131l\u0131yor.<\/p>\n<p>&#8220;\u00c7anakkale Ruhunu ve Azmini Her Daim Ya\u015fataca\u011f\u0131z&#8221;<\/p>\n<p>M\u00fczeyi, Toroslar&#8217;da a\u011f\u0131rlamaktan gurur duyduklar\u0131n\u0131 belirten Toroslar Belediye Ba\u015fkan\u0131 Ats\u0131z Af\u015f\u0131n Y\u0131lmaz; &#8220;\u00c7anakkale Zaferi, kazan\u0131lm\u0131\u015f bir ba\u015far\u0131dan \u00e7ok daha \u00f6te ecdad\u0131m\u0131z\u0131n yokluk i\u00e7inde var olma m\u00fccadelesiyle tarihe y\u00f6n verdi\u011fi \u015fanl\u0131 bir destand\u0131r&#8221; diyen Ba\u015fkan Y\u0131lmaz; &#8220;Milletimizin, imk\u00e2ns\u0131zl\u0131klar i\u00e7erisinde g\u00f6stermi\u015f oldu\u011fu vatan sevgisi, d\u00fcnyaya &#8220;\u00c7anakkale Ge\u00e7ilmez&#8221; dedirtmi\u015ftir. \u00c7anakkale&#8217;yi ge\u00e7ilmez k\u0131lan, tarih boyunca istiklal ve ba\u011f\u0131ms\u0131zl\u0131\u011f\u0131n\u0131 her \u015feyin \u00fcst\u00fcnde tutan T\u00fcrk Milleti&#8217;nin sars\u0131lmaz birlik ve beraberli\u011fidir. Bug\u00fcn bizlere d\u00fc\u015fen g\u00f6rev; atalar\u0131m\u0131z\u0131n bizlere emanet etti\u011fi T\u00fcrkiye Cumhuriyeti&#8217;ne sahip \u00e7\u0131kmak, birlik ve beraberli\u011fimizi korumak, \u00c7anakkale ruhunu ve azmini her daim ya\u015fatmak ve gelecek nesillere aktarmakt\u0131r. Cumhuriyetimizin kurucusu Gazi Mustafa Kemal Atat\u00fcrk ve silah arkada\u015flar\u0131 ba\u015fta olmak \u00fczere, vatan\u0131 u\u011fruna can\u0131n\u0131 feda eden aziz \u015fehitlerimizi, kahraman gazilerimizi rahmet,  minnet ve \u015f\u00fckranla an\u0131yorum&#8221; \u015feklinde konu\u015ftu.<\/p>\n<p>Yunus Emre K\u00fclt\u00fcr Merkezi&#8217;nde ziyarete a\u00e7\u0131lan m\u00fcze, 13 Ocak Cuma g\u00fcn\u00fcne kadar 09.00-16.00 saatleri aras\u0131nda ziyaret\u00e7ilerini a\u011f\u0131rlayacak.<\/p>\n","protected":false},"excerpt":{"rendered":"<p>Toroslar Belediyesinin ev sahipli\u011finde Yunus Emre K\u00fclt\u00fcr Merkezinde ziyarete a\u00e7\u0131lan &#8220;\u00c7anakkale Gezici M\u00fczesi&#8221;, ba\u015fta \u00f6\u011frenciler olmak \u00fczere vatanda\u015flar taraf\u0131ndan yo\u011fun ilgi g\u00f6r\u00fcyor. \u00c7anakkale Sava\u015flar\u0131 100. Y\u0131l Derne\u011fi&#8217;nin &#8220;Bir G\u00fcn De\u011fil &hellip; <a href=\"https:\/\/akdenizolaygazetesi.com\/?p=23424\" class=\"more-link\">Devam\u0131n\u0131 Oku&#8230;<\/a><\/p>\n","protected":false},"author":2,"featured_media":23425,"comment_status":"open","ping_status":"open","sticky":false,"template":"","format":"standard","meta":[],"categories":[2,3,5],"tags":[],"_links":{"self":[{"href":"https:\/\/akdenizolaygazetesi.com\/index.php?rest_route=\/wp\/v2\/posts\/23424"}],"collection":[{"href":"https:\/\/akdenizolaygazetesi.com\/index.php?rest_route=\/wp\/v2\/posts"}],"about":[{"href":"https:\/\/akdenizolaygazetesi.com\/index.php?rest_route=\/wp\/v2\/types\/post"}],"author":[{"embeddable":true,"href":"https:\/\/akdenizolaygazetesi.com\/index.php?rest_route=\/wp\/v2\/users\/2"}],"replies":[{"embeddable":true,"href":"https:\/\/akdenizolaygazetesi.com\/index.php?rest_route=%2Fwp%2Fv2%2Fcomments&post=23424"}],"version-history":[{"count":1,"href":"https:\/\/akdenizolaygazetesi.com\/index.php?rest_route=\/wp\/v2\/posts\/23424\/revisions"}],"predecessor-version":[{"id":23426,"href":"https:\/\/akdenizolaygazetesi.com\/index.php?rest_route=\/wp\/v2\/posts\/23424\/revisions\/23426"}],"wp:featuredmedia":[{"embeddable":true,"href":"https:\/\/akdenizolaygazetesi.com\/index.php?rest_route=\/wp\/v2\/media\/23425"}],"wp:attachment":[{"href":"https:\/\/akdenizolaygazetesi.com\/index.php?rest_route=%2Fwp%2Fv2%2Fmedia&parent=23424"}],"wp:term":[{"taxonomy":"category","embeddable":true,"href":"https:\/\/akdenizolaygazetesi.com\/index.php?rest_route=%2Fwp%2Fv2%2Fcategories&post=23424"},{"taxonomy":"post_tag","embeddable":true,"href":"https:\/\/akdenizolaygazetesi.com\/index.php?rest_route=%2Fwp%2Fv2%2Ftags&post=23424"}],"curies":[{"name":"wp","href":"https:\/\/api.w.org\/{rel}","templated":true}]}}