{"id":23427,"date":"2023-01-09T13:02:01","date_gmt":"2023-01-09T10:02:01","guid":{"rendered":"http:\/\/akdenizolaygazetesi.com\/?p=23427"},"modified":"2023-01-09T13:02:01","modified_gmt":"2023-01-09T10:02:01","slug":"burhan-turkiyede-medya-dengeye-gelmistir","status":"publish","type":"post","link":"https:\/\/akdenizolaygazetesi.com\/?p=23427","title":{"rendered":"Burhan; \u201cT\u00fcrkiye\u2019de medya \u2018dengeye\u2019 gelmi\u015ftir\u201d"},"content":{"rendered":"<p>Akdeniz Belediyesi ile Anadolu Yay\u0131nc\u0131lar Derne\u011fi i\u015fbirli\u011finde organize edilen; \u201cMedya ve Demokrasi Paneli \/ Mersin 2023\u201d bulu\u015fmas\u0131; T\u00fcrkiye\u2019nin usta kalemlerini Mersinli gazeteciler ve kent dinamikleri ile bir araya getirdi. Panele kat\u0131lan Ba\u015fkan Mustafa G\u00fcltak, bas\u0131na b\u00fcy\u00fck \u00f6nem verdiklerinin alt\u0131n\u0131 \u00e7izdi; Mersinli gazetecilere ilk kez g\u00fczel bir hizmet binas\u0131 kazand\u0131rd\u0131klar\u0131n\u0131 ifade etti.<br \/>\nBir otelin salonunda ger\u00e7ekle\u015fen panele, Ak\u015fam Gazetesi\u2019nden Emin Pazarc\u0131; Millet Haber Ajans\u0131\u2019ndan Sinan Burhan; Kanal 7 Ankara Temsilcisi Mehmet Acet, Kanal D Ankara Temsilcisi Zafer \u015eahin ile T\u00fcrk Medya Ankara Temsilcisi Melik Yi\u011fitel kat\u0131ld\u0131. Bulu\u015fmaya ayr\u0131ca Mersin Milletvekilleri Zeynep G\u00fcl Y\u0131lmaz, Ali Cumhur Ta\u015fk\u0131n ve Hac\u0131 \u00d6zkan, AK Parti \u0130l Ba\u015fkan\u0131 Cesim Ercik, Akdeniz Belediye Ba\u015fkan\u0131 M. Mustafa G\u00fcltak\u2019\u0131n yan\u0131 s\u0131ra kent bas\u0131n\u0131n\u0131n duayen isimleri, siyasi parti temsilcileri, muhtarlar, sivil toplum \u00f6rg\u00fct\u00fc temsilcileri ile \u00e7ok say\u0131da konuk kat\u0131ld\u0131.<br \/>\nBurhan; \u201cT\u00fcrkiye\u2019de medya \u2018dengeye\u2019 gelmi\u015ftir\u201d<br \/>\nAnadolu Yay\u0131nc\u0131lar Derne\u011fi Ba\u015fkan\u0131 Sinan Burhan, panelin a\u00e7\u0131l\u0131\u015f\u0131nda yapt\u0131\u011f\u0131 konu\u015fmada; 27 May\u0131s Darbesi, 12 Eyl\u00fcl Darbesi \u00f6rneklerini vererek, T\u00fcrkiye\u2019de medya ve demokrasi ili\u015fkisinin \u00e7o\u011fu zaman sorunlu oldu\u011funu s\u00f6yledi; \u201cT\u00fcrkiye\u2019deki b\u00fct\u00fcn darbelerin i\u00e7erisinde mutlaka medya bir aparat olarak vard\u0131r, destekleyicisidir, y\u00f6n vericisidir. 28 \u015eubat s\u00fcrecinde de d\u00f6nemin Bat\u0131 \u00c7al\u0131\u015fma Grubu ve devrin kuvvet komutanlar\u0131n\u0131n a\u00e7\u0131klamalar\u0131 var; \u2018Bu sefer silahs\u0131z kuvvetler halletsin\u2019 diye medyaya havale etmi\u015flerdi. Bir siyasi parti kapat\u0131ld\u0131, me\u015fru bir h\u00fck\u00fcmet devrildi. Yak\u0131n zamanda AK Parti\u2019ye ili\u015fkin kapatma davas\u0131 ya\u015fad\u0131k.<br \/>\n Ve 15 Temmuz s\u00fcrecinde de baz\u0131 medya kurulu\u015flar\u0131 \u00f6zellikle bunun kurgu oldu\u011funa y\u00f6nelik manip\u00fclatif yay\u0131nlar yapt\u0131lar. Dolay\u0131s\u0131yla T\u00fcrkiye\u2019de medya, her zaman darbeyi me\u015frula\u015ft\u0131ran veya darbeye g\u00f6t\u00fcren bir ara\u00e7 olarak ortaya \u00e7\u0131km\u0131\u015ft\u0131r. G\u00fcn\u00fcm\u00fczde de her ne kadar \u2018havuz medyas\u0131\u2019 ya da \u2018yanda\u015f medya\u2019 gibi kavramlar kullan\u0131lsa da medyada \u00e7ok seslili\u011fi sa\u011flayan bu yap\u0131lard\u0131r. Daha \u00f6nceki medya kurulu\u015flar\u0131, plazalardan siyasete ayar ve y\u00f6n vermeye \u00e7al\u0131\u015ft\u0131lar. \u015eu anda ise T\u00fcrkiye\u2019de medya bence dengeye gelmi\u015ftir. Farkl\u0131 sesler, soluklar, her zaman demokrasiye katk\u0131 verir\u201d ifadelerini kulland\u0131.<br \/>\n\u201c\u00d6nceki y\u00f6neticiler sadece \u00f6v\u00fcyordu; biz ise cemiyetimize g\u00fczel bir bina kazand\u0131rd\u0131k\u201d<br \/>\nPanele kat\u0131l\u0131mlar\u0131 nedeniyle duayen gazetecilere ve konuklara te\u015fekk\u00fcr eden Akdeniz Belediye Ba\u015fkan\u0131 M. Mustafa G\u00fcltak ise; Medya\u2019n\u0131n \u00f6nemine de\u011findi, do\u011fruyu yanl\u0131\u015f\u0131; iyiyi k\u00f6t\u00fcy\u00fc kamuoyuna aktaran g\u00fcc\u00fcn Bas\u0131n oldu\u011funu vurgulad\u0131. \u201cG\u00f6reve geldi\u011fimizden beri bas\u0131n\u0131 ve gazetecileri \u00e7ok \u00f6nemsiyoruz. \u00c7\u00fcnk\u00fc kimi zaman yapt\u0131klar\u0131n\u0131z\u0131 kamuoyuna anlatamad\u0131\u011f\u0131n\u0131zda bir anlam\u0131 kalmayabiliyor\u201d diyen Ba\u015fkan G\u00fcltak; \u201cDo\u011fru olan; yap\u0131lan ne varsa kamuoyuna anlat\u0131lmas\u0131, aktar\u0131lmas\u0131d\u0131r. Mesela Mersin Gazeteciler Cemiyetimizin bug\u00fcne kadar bir binas\u0131 yoktu. \u0130lk kez bizim d\u00f6nemimizde g\u00fczel bir bina yap\u0131p cemiyetimize teslim ettik. Lafa gelince bas\u0131n\u0131, gazetecileri \u00f6verler. Oysa bug\u00fcne dek bir\u00e7ok belediye ba\u015fkan\u0131 gelmi\u015f fakat bu hizmeti sunmam\u0131\u015f. Sadece se\u00e7imden se\u00e7ime gazetecileri ziyaret ediyorlard\u0131. Mersinli gazetecilerimizin kal\u0131c\u0131 bir yeri dahi yoktu. Biz ise gazetecilerimize kal\u0131c\u0131, g\u00fczel, nezih bir bina kazand\u0131rd\u0131k. \u00c7\u00fcnk\u00fc biz bas\u0131n\u0131, medyay\u0131 ger\u00e7ekten \u00f6nemsiyor, de\u011fer veriyoruz. \u00c7\u00fcnk\u00fc bas\u0131n, ger\u00e7ekten de demokrasinin olmazsa olmaz ayaklar\u0131ndan bir tanesidir\u201d diye konu\u015ftu.<br \/>\nMersin Milletvekillerinden te\u015fekk\u00fcr\u2026<br \/>\nPanelin a\u00e7\u0131l\u0131\u015f\u0131nda s\u00f6z alan Mersin Milletvekilleri \u00d6zkan, Y\u0131lmaz ve Ta\u015fk\u0131n da geli\u015fen teknolojiye, \u00f6zellikle de sosyal medyan\u0131n g\u00fcc\u00fcne dikkat \u00e7ekti, bu g\u00fcc\u00fcn g\u00fcn\u00fcm\u00fczde hayat\u0131n her alan\u0131nda oldu\u011fu gibi siyaseti de dizayn edebildi\u011fine i\u015faret etti. Milletvekilleri, se\u00e7ildi\u011fi g\u00fcnden bu yana Akdeniz\u2019i de\u011fi\u015ftiren ve d\u00f6n\u00fc\u015ft\u00fcren hizmet, proje ve yat\u0131r\u0131mlardan \u00f6t\u00fcr\u00fc Ba\u015fkan G\u00fcltak ve ekibine de te\u015fekk\u00fcr etti.<br \/>\n\u201cB\u00fct\u00fcn mesele \u2018haddini bilmek\u2019 meselesidir\u201d<br \/>\nA\u00e7\u0131l\u0131\u015f konu\u015fmalar\u0131n\u0131n ard\u0131ndan Medya ve Demokrasi Paneli, Gazeteci Yazar Emin Pazarc\u0131 y\u00f6netiminde; Kanal D Ankara Temsilcisi Zafer \u015eahin, Kanal 7 Ankara Temsilcisi Mehmet Acet ve T\u00fcrk Medya Ankara Temsilcisi Melik Yi\u011fitel\u2019in sunumlar\u0131yla ger\u00e7ekle\u015fti. Sunumunda medya ve demokrasi ili\u015fkisine dikkat \u00e7eken Gazeteci Yazar Emin Pazarc\u0131; \u201cT\u00fcrkiye\u2019miz ve demokrasimiz a\u00e7\u0131s\u0131ndan her ikisi de \u00f6nemli ve vazge\u00e7ilmez kurumlard\u0131r; ikisi birbirinin m\u00fctemmim c\u00fcz\u00fc\u2026 Yani tamamlay\u0131c\u0131 birer par\u00e7as\u0131\u2026 Biri olmadan, di\u011feri de olmaz. Demokrasisiz bir medya, \u00f6zg\u00fcr olamaz. Medya\u2019n\u0131n da demokrasiye destek olmas\u0131 gerekir. O olmadan demokrasi de eksik kal\u0131r. O a\u00e7\u0131dan Y\u00fcr\u00fctme, Yasama ve Yarg\u0131 ile birlikte T\u00fcrkiye\u2019de Bas\u0131n da 4\u2019\u00fcnc\u00fc kuvvet olarak de\u011ferlendirilir. Buna hi\u00e7 kimsenin de itiraz\u0131 yoktur. Biz 4\u2019\u00fcnc\u00fc kuvvetiz ama haddimizi bilirsek 4\u2019\u00fcnc\u00fc kuvvetiz. B\u00fct\u00fcn mesele had meselesi&#8230; Hem demokrasimizde hem medyada sakatl\u0131klar\u0131m\u0131z var\u201d ifadelerini kulland\u0131.<br \/>\nUsta kalemler, Akdeniz\u2019in de\u011fi\u015fim ve d\u00f6n\u00fc\u015f\u00fcm\u00fcn\u00fc yerinde inceledi<br \/>\nPazarc\u0131\u2019n\u0131n konu\u015fmas\u0131ndan sonra di\u011fer panelistler de s\u0131ras\u0131yla sunumlar\u0131n\u0131 ger\u00e7ekle\u015ftirdi. Sonras\u0131nda ise salonu dolduran konuklar\u0131n sorular\u0131n\u0131 yan\u0131tlad\u0131. Panelin ard\u0131ndan usta kalemler;, Akdeniz Belediyesi\u2019nin Metropol G\u00f6kdelen binas\u0131 29\u2019uncu katta, gen\u00e7lere \u00fccretsiz \u00fcniversite haz\u0131rl\u0131k kursu verdi\u011fi Et\u00fct Merkezi; K\u00fclt\u00fcr ve Sosyal \u0130\u015fler M\u00fcd\u00fcrl\u00fc\u011f\u00fc binas\u0131nda bulunan Proje E\u011fitim ve Uygulama Merkezi; Bar\u0131\u015f Mahallesi\u2019nde s\u00fcren kentsel d\u00f6n\u00fc\u015f\u00fcm proje alan\u0131; yenilenen Seyfi Ali T\u00fcrko\u011flu Futbol Tesisi, Mersin Gazeteciler Cemiyeti binas\u0131 ile \u0130z B\u0131rakanlar M\u00fczesi\u2019ni ziyaret etti.<\/p>\n","protected":false},"excerpt":{"rendered":"<p>Akdeniz Belediyesi ile Anadolu Yay\u0131nc\u0131lar Derne\u011fi i\u015fbirli\u011finde organize edilen; \u201cMedya ve Demokrasi Paneli \/ Mersin 2023\u201d bulu\u015fmas\u0131; T\u00fcrkiye\u2019nin usta kalemlerini Mersinli gazeteciler ve kent dinamikleri ile bir araya getirdi. Panele &hellip; <a href=\"https:\/\/akdenizolaygazetesi.com\/?p=23427\" class=\"more-link\">Devam\u0131n\u0131 Oku&#8230;<\/a><\/p>\n","protected":false},"author":2,"featured_media":23428,"comment_status":"open","ping_status":"open","sticky":false,"template":"","format":"standard","meta":[],"categories":[2,3,5],"tags":[],"_links":{"self":[{"href":"https:\/\/akdenizolaygazetesi.com\/index.php?rest_route=\/wp\/v2\/posts\/23427"}],"collection":[{"href":"https:\/\/akdenizolaygazetesi.com\/index.php?rest_route=\/wp\/v2\/posts"}],"about":[{"href":"https:\/\/akdenizolaygazetesi.com\/index.php?rest_route=\/wp\/v2\/types\/post"}],"author":[{"embeddable":true,"href":"https:\/\/akdenizolaygazetesi.com\/index.php?rest_route=\/wp\/v2\/users\/2"}],"replies":[{"embeddable":true,"href":"https:\/\/akdenizolaygazetesi.com\/index.php?rest_route=%2Fwp%2Fv2%2Fcomments&post=23427"}],"version-history":[{"count":1,"href":"https:\/\/akdenizolaygazetesi.com\/index.php?rest_route=\/wp\/v2\/posts\/23427\/revisions"}],"predecessor-version":[{"id":23429,"href":"https:\/\/akdenizolaygazetesi.com\/index.php?rest_route=\/wp\/v2\/posts\/23427\/revisions\/23429"}],"wp:featuredmedia":[{"embeddable":true,"href":"https:\/\/akdenizolaygazetesi.com\/index.php?rest_route=\/wp\/v2\/media\/23428"}],"wp:attachment":[{"href":"https:\/\/akdenizolaygazetesi.com\/index.php?rest_route=%2Fwp%2Fv2%2Fmedia&parent=23427"}],"wp:term":[{"taxonomy":"category","embeddable":true,"href":"https:\/\/akdenizolaygazetesi.com\/index.php?rest_route=%2Fwp%2Fv2%2Fcategories&post=23427"},{"taxonomy":"post_tag","embeddable":true,"href":"https:\/\/akdenizolaygazetesi.com\/index.php?rest_route=%2Fwp%2Fv2%2Ftags&post=23427"}],"curies":[{"name":"wp","href":"https:\/\/api.w.org\/{rel}","templated":true}]}}