{"id":23430,"date":"2023-01-09T13:03:39","date_gmt":"2023-01-09T10:03:39","guid":{"rendered":"http:\/\/akdenizolaygazetesi.com\/?p=23430"},"modified":"2023-01-09T13:03:39","modified_gmt":"2023-01-09T10:03:39","slug":"yenisehir-belediyesi-ciftciye-tarlada-egitim-veriyor","status":"publish","type":"post","link":"https:\/\/akdenizolaygazetesi.com\/?p=23430","title":{"rendered":"Yeni\u015fehir Belediyesi \u00e7ift\u00e7iye tarlada e\u011fitim veriyor"},"content":{"rendered":"<p>Mersin Yeni\u015fehir Belediyesi hayata ge\u00e7irdi\u011fi Tar\u0131msal Dan\u0131\u015fmanl\u0131k Hizmeti ile \u00e7ift\u00e7ilerin do\u011fru tar\u0131m\u0131 \u00f6\u011frenip uygulayabilmesi i\u00e7in tar\u0131m alanlar\u0131nda \u00e7al\u0131\u015fmalar\u0131na ba\u015flad\u0131.  Tar\u0131msal \u00fcretimin t\u00fcm a\u015famalar\u0131nda \u00e7ift\u00e7ilerin kar\u015f\u0131la\u015ft\u0131klar\u0131 problemleri \u00e7\u00f6zmek ve yeni teknolojileri en iyi \u015fekilde kullanmalar\u0131n\u0131 sa\u011flamak amac\u0131yla verilen Tar\u0131msal Dan\u0131\u015fmanl\u0131k Hizmeti ile \u00fcretime ve \u00fcreticiye destek veriliyor.<br \/>\nMersin Yeni\u015fehir Belediyesi il\u00e7e genelinde yap\u0131lan tar\u0131msal faaliyetlere destek olmak ve katma de\u011feri y\u00fcksek alternatif \u00fcr\u00fcnleri yayg\u0131nla\u015ft\u0131rmak amac\u0131yla \u00e7ift\u00e7ilere do\u011fru tar\u0131m y\u00f6ntemlerini anlat\u0131yor. Tar\u0131msal Dan\u0131\u015fmanl\u0131k Hizmeti ile il\u00e7ede \u00fcretim yapan vatanda\u015flara \u00fccretsiz ekim ve dikim y\u00f6ntemleri, budama, hastal\u0131k ve zararl\u0131larla m\u00fccadele, g\u00fcbreleme, sulama, hasat ve teknik dan\u0131\u015fmanl\u0131k deste\u011finde bulunan Yeni\u015fehir Belediyesi \u00fcreticileri yaln\u0131z b\u0131rakm\u0131yor. Belediye b\u00fcnyesinde g\u00f6revli olan uzman ziraat m\u00fchendisleri arazilerde \u00fcreticiye y\u00f6nelik e\u011fitimlerine ba\u015flad\u0131.  Hizmet kapsam\u0131nda De\u011firmen\u00e7ay Mahallesi\u2019ndeki \u00e7ift\u00e7ilere do\u011fru k\u0131\u015f budamas\u0131 hakk\u0131nda uygulamal\u0131 e\u011fitim verildi.<br \/>\nDe\u011firmen\u00e7ay Mahallesi\u2019nde \u015feftali a\u011fa\u00e7lar\u0131n\u0131n k\u0131\u015f budamas\u0131n\u0131 yapan \u00e7ift\u00e7ilere do\u011fru dal kesiminin yeniden filizlenme a\u015famas\u0131ndaki \u00f6nemini uygulamal\u0131 olarak anlatan Yeni\u015fehir Belediyesinden g\u00f6revli Y\u00fcksek Ziraat M\u00fchendisi G\u00fcven Murat Dav\u015fano\u011flu \u201cYeni\u015fehir Belediye Ba\u015fkan\u0131m\u0131z Abdullah \u00d6zyi\u011fit, kaliteli ve verimli tar\u0131msal \u00fcretimi \u00e7ok \u00f6nemsiyor. Tar\u0131msal Dan\u0131\u015fmanl\u0131k Hizmeti, Belediyemize ait bir proje. Bu proje ile \u00fcreticilerimizin yan\u0131nda oldu\u011fumuz gibi onlara ekim, dikim, budama, seyreltme, ila\u00e7lama, g\u00fcbreleme konular\u0131nda bilgilendirmede bulunuyoruz. Bu sayede do\u011fru tar\u0131m uygulamas\u0131 da yapm\u0131\u015f oluyoruz.  Talepte bulunan \u00e7ift\u00e7ilerimizle arazilerine gidiyoruz,  incelemeler yap\u0131yor ve en do\u011fru y\u00f6ntemi kendilerine anlat\u0131yoruz.  K\u0131\u015f budamas\u0131 \u00fcretimin en \u00f6nemli a\u015famas\u0131. Hem verim hem de a\u011fac\u0131n gen\u00e7 kalmas\u0131 i\u00e7in do\u011fru budama yap\u0131lmal\u0131. Ayr\u0131ca do\u011fru budama meyvelerin kaliteli olmas\u0131n\u0131 da sa\u011flayacak. Bu nedenle bug\u00fcn burada \u00e7ift\u00e7ilerimize bilgiler verdik.\u201d dedi.<br \/>\nMuhtar \u015eahin I\u015f\u0131k, \u201c\u00c7ift\u00e7i do\u011fru \u00fcretim y\u00f6ntemlerini \u00f6\u011frenmeli ve kendisini geli\u015ftirmeli.\u201d<br \/>\nSert \u00e7ekirdekli \u00fcr\u00fcnlerin yan\u0131 s\u0131ra tropikal meyvelerin de De\u011firmen\u00e7ay\u2019da yeti\u015ftirilmeye ba\u015fland\u0131\u011f\u0131n\u0131 s\u00f6yleyen Mahalle Muhtar\u0131 \u015eahin I\u015f\u0131k,  \u00fcreticiler olarak istedikleri zaman Mersin Yeni\u015fehir Belediye Ba\u015fkan\u0131 Abdullah \u00d6zyi\u011fit\u2019e kolayl\u0131kla ula\u015fabildiklerini de belirterek \u201cBiz \u00fcretici olarak her zaman \u00fcretmeye haz\u0131r\u0131z. Do\u011fru \u00fcretim de bizim i\u00e7in \u00e7ok \u00f6nemli. Bu hizmet i\u00e7in Yeni\u015fehir Belediye Ba\u015fkan\u0131m\u0131z Abdullah \u00d6zyi\u011fit\u2019e te\u015fekk\u00fcr ederim. \u00c7ift\u00e7i do\u011fru \u00fcretim y\u00f6ntemlerini \u00f6\u011frenmeli ve kendisini geli\u015ftirmeli. Yeni\u015fehir Belediyemiz bu konuda bize destek veriyor. \u00c7ok memnunuz.\u201d dedi.<br \/>\n\u00dcretici Ahmet Ata \u201c Her belediye sosyal projeler \u00fcretebilir ama \u00fcreticiler i\u00e7in tar\u0131m projelerinin ayr\u0131 bir \u00f6nemi var.\u201d<br \/>\nDe\u011firmen\u00e7ay\u2019da \u00fcretici olan Ahmet Ata ise ziraat m\u00fchendislerinin verdi\u011fi bu e\u011fitimler sayesinde budamada do\u011fru bilinen yanl\u0131\u015flar\u0131 d\u00fczeltme imkan\u0131 bulduklar\u0131n\u0131 s\u00f6yleyerek \u201c Her belediye sosyal projeler \u00fcretebilir ama \u00fcreticiler i\u00e7in tar\u0131m projelerinin ayr\u0131 bir \u00f6nemi var. \u0130\u015fte Yeni\u015fehir Belediyesinin de ba\u015flatm\u0131\u015f oldu\u011fu tar\u0131msal dan\u0131\u015fmanl\u0131k hizmeti takdire \u015fayan. Vatanda\u015flar\u0131m\u0131z\u0131n duyarl\u0131 olmas\u0131 gerekiyor. Bildikleri yanl\u0131\u015f y\u00f6ntemi ve budamay\u0131 uygulamaya devam ederlerse o a\u011fa\u00e7lar\u0131n belli bir s\u00fcreden sonra ya\u015fland\u0131\u011f\u0131n\u0131 ve verimden d\u00fc\u015ft\u00fc\u011f\u00fcn\u00fc g\u00f6receklerdir. Hatal\u0131 budaman\u0131n getirmi\u015f oldu\u011fu \u00e7ok b\u00fcy\u00fck dezavantajlar var. Uzman ki\u015filerin gelip burada \u00fcreticilerimize do\u011fru budamay\u0131 \u00f6\u011fretti\u011fi zaman o a\u011fa\u00e7lardan verim alabileceklerini de belirtmek isterim.\u201d diye konu\u015ftu. <\/p>\n<p>\u201cDal kesme bizim bildi\u011fimiz gibi de\u011filmi\u015f.\u201d<br \/>\n20 y\u0131ld\u0131r De\u011firmen\u00e7ay\u2019da \u00fcreticilik yapan Saffet \u00d6zdemir \u201cEksik kalan bilgilerimizi m\u00fchendislerimiz sayesinde \u00f6\u011freniyoruz. Dal kesme bizim bildi\u011fimiz gibi de\u011filmi\u015f. \u00d6zellikle o a\u011fac\u0131n daha iyi meyve verebilmesi i\u00e7in do\u011fru budamay\u0131 bilmek \u00f6nemli, m\u00fchendislerimiz sayesinde bizler de \u00f6\u011freniyoruz.\u201d ifadelerine yer verdi. 40 y\u0131ld\u0131r \u00e7ift\u00e7ilikle u\u011fra\u015fan Ali Ata ise \u201cBiz hep derdik ki \u2018ziraat m\u00fchendisleri ne bilir? Biz k\u00f6yl\u00fcler daha iyi biliriz.\u2019 diye ama \u00f6yle de\u011filmi\u015f. Ziraat m\u00fchendisimiz bize e\u011fitimler verdi ve g\u00f6rd\u00fck ki budamada eksi\u011fimiz \u00e7okmu\u015f. Bunu kabul etmek laz\u0131m. Bizleri \u00f6nemseyen Yeni\u015fehir Belediye Ba\u015fkan\u0131m\u0131z Abdullah \u00d6zyi\u011fit\u2019e te\u015fekk\u00fcr ederiz.\u201d \u015feklinde konu\u015ftu.<br \/>\nDan\u0131\u015fmanl\u0131k hizmetinden yararlanmak isteyen \u00fcreticiler 444 33 54 telefon numaras\u0131yla Yeni\u015fehir Halk Masas\u0131\u2019n\u0131 arayarak talepte bulunabiliyor. <\/p>\n","protected":false},"excerpt":{"rendered":"<p>Mersin Yeni\u015fehir Belediyesi hayata ge\u00e7irdi\u011fi Tar\u0131msal Dan\u0131\u015fmanl\u0131k Hizmeti ile \u00e7ift\u00e7ilerin do\u011fru tar\u0131m\u0131 \u00f6\u011frenip uygulayabilmesi i\u00e7in tar\u0131m alanlar\u0131nda \u00e7al\u0131\u015fmalar\u0131na ba\u015flad\u0131. Tar\u0131msal \u00fcretimin t\u00fcm a\u015famalar\u0131nda \u00e7ift\u00e7ilerin kar\u015f\u0131la\u015ft\u0131klar\u0131 problemleri \u00e7\u00f6zmek ve yeni teknolojileri &hellip; <a href=\"https:\/\/akdenizolaygazetesi.com\/?p=23430\" class=\"more-link\">Devam\u0131n\u0131 Oku&#8230;<\/a><\/p>\n","protected":false},"author":2,"featured_media":23431,"comment_status":"open","ping_status":"open","sticky":false,"template":"","format":"standard","meta":[],"categories":[8,2,3],"tags":[],"_links":{"self":[{"href":"https:\/\/akdenizolaygazetesi.com\/index.php?rest_route=\/wp\/v2\/posts\/23430"}],"collection":[{"href":"https:\/\/akdenizolaygazetesi.com\/index.php?rest_route=\/wp\/v2\/posts"}],"about":[{"href":"https:\/\/akdenizolaygazetesi.com\/index.php?rest_route=\/wp\/v2\/types\/post"}],"author":[{"embeddable":true,"href":"https:\/\/akdenizolaygazetesi.com\/index.php?rest_route=\/wp\/v2\/users\/2"}],"replies":[{"embeddable":true,"href":"https:\/\/akdenizolaygazetesi.com\/index.php?rest_route=%2Fwp%2Fv2%2Fcomments&post=23430"}],"version-history":[{"count":1,"href":"https:\/\/akdenizolaygazetesi.com\/index.php?rest_route=\/wp\/v2\/posts\/23430\/revisions"}],"predecessor-version":[{"id":23432,"href":"https:\/\/akdenizolaygazetesi.com\/index.php?rest_route=\/wp\/v2\/posts\/23430\/revisions\/23432"}],"wp:featuredmedia":[{"embeddable":true,"href":"https:\/\/akdenizolaygazetesi.com\/index.php?rest_route=\/wp\/v2\/media\/23431"}],"wp:attachment":[{"href":"https:\/\/akdenizolaygazetesi.com\/index.php?rest_route=%2Fwp%2Fv2%2Fmedia&parent=23430"}],"wp:term":[{"taxonomy":"category","embeddable":true,"href":"https:\/\/akdenizolaygazetesi.com\/index.php?rest_route=%2Fwp%2Fv2%2Fcategories&post=23430"},{"taxonomy":"post_tag","embeddable":true,"href":"https:\/\/akdenizolaygazetesi.com\/index.php?rest_route=%2Fwp%2Fv2%2Ftags&post=23430"}],"curies":[{"name":"wp","href":"https:\/\/api.w.org\/{rel}","templated":true}]}}