{"id":23433,"date":"2023-01-09T16:15:00","date_gmt":"2023-01-09T13:15:00","guid":{"rendered":"http:\/\/akdenizolaygazetesi.com\/?p=23433"},"modified":"2023-01-09T16:15:00","modified_gmt":"2023-01-09T13:15:00","slug":"baskan-yilmaz-10-ocak-calisan-gazeteciler-gununu-kutladi","status":"publish","type":"post","link":"https:\/\/akdenizolaygazetesi.com\/?p=23433","title":{"rendered":"BA\u015eKAN YILMAZ, 10 OCAK \u00c7ALI\u015eAN GAZETEC\u0130LER G\u00dcN\u00dc&#8217;N\u00dc KUTLADI"},"content":{"rendered":"<p>Toroslar Belediye Ba\u015fkan\u0131 Ats\u0131z Af\u015f\u0131n Y\u0131lmaz, 10 Ocak \u00c7al\u0131\u015fan Gazeteciler G\u00fcn\u00fc dolay\u0131s\u0131yla bir kutlama mesaj\u0131 yay\u0131nlad\u0131.<\/p>\n<p>Gazetecili\u011fin, fedak\u00e2rl\u0131k, sorumluluk isteyen ve zor \u015fartlarda yap\u0131lan \u00f6nemli bir meslek oldu\u011funu belirten Ba\u015fkan Y\u0131lmaz, &#8220;Bas\u0131n mensuplar\u0131m\u0131z, kamuoyunun tarafs\u0131z, do\u011fru bilgilendirilmesi ve vatanda\u015flar\u0131n haber alma hakk\u0131n\u0131n korunmas\u0131 a\u00e7\u0131s\u0131ndan \u00f6nemli bir g\u00f6rev \u00fcstleniyor. Bu g\u00f6revlerini yerine getirirken zaman ve mesai kavram\u0131 g\u00f6zetmeksizin kentimizde ve \u00fclkemizin d\u00f6rt bir yan\u0131nda ba\u015far\u0131yla \u00e7al\u0131\u015fan gazeteci arkada\u015flar\u0131m\u0131za emekleri i\u00e7in te\u015fekk\u00fcr ederim&#8221; dedi.<\/p>\n<p>Yaz\u0131l\u0131 ve g\u00f6rsel medyan\u0131n yan\u0131 s\u0131ra internet ve sosyal medya mecralar\u0131n\u0131n h\u0131zl\u0131 geli\u015fim g\u00f6sterdi\u011fini, g\u00fcn\u00fcm\u00fczde art\u0131k bilgi ve habere ula\u015fman\u0131n daha da kolayla\u015ft\u0131\u011f\u0131n\u0131 kaydeden Ba\u015fkan Y\u0131lmaz; &#8220;10 Ocak, de\u011ferli gazetecilerimizin \u00e7al\u0131\u015fma ko\u015fullar\u0131n\u0131n konu\u015fuldu\u011fu ve bu mesle\u011fin zorluklar\u0131n\u0131n hat\u0131rland\u0131\u011f\u0131 \u00f6nemli bir g\u00fcnd\u00fcr. Bas\u0131n mensuplar\u0131m\u0131z; \u00fclkemizin, ilimizin, il\u00e7emizin sosyal, k\u00fclt\u00fcrel ve ekonomik geli\u015fmesine \u00f6nemli katk\u0131lar sa\u011flamaktad\u0131r. Biz de Toroslar Belediyesi olarak her zaman oldu\u011fu gibi meslek ilkeleri ve de\u011ferlerini \u00f6n planda tutarak kamuoyunu do\u011fru bilgilendiren, mesai mefhumu g\u00f6zetmeksizin fedakarca \u00e7al\u0131\u015fan bas\u0131n mensuplar\u0131m\u0131za destek olmaya devam edece\u011fiz. Mersinimizin de\u011ferli bas\u0131n mensuplar\u0131 ba\u015fta olmak \u00fczere t\u00fcm bas\u0131n camias\u0131n\u0131n \u00c7al\u0131\u015fan Gazeteciler G\u00fcn\u00fc&#8217;n\u00fc kutluyor, sa\u011fl\u0131k, huzur ve ba\u015far\u0131lar diliyorum. Ebediyete intikal eden bas\u0131n mensuplar\u0131n\u0131 da rahmetle an\u0131yorum&#8221; ifadelerini kulland\u0131.<\/p>\n","protected":false},"excerpt":{"rendered":"<p>Toroslar Belediye Ba\u015fkan\u0131 Ats\u0131z Af\u015f\u0131n Y\u0131lmaz, 10 Ocak \u00c7al\u0131\u015fan Gazeteciler G\u00fcn\u00fc dolay\u0131s\u0131yla bir kutlama mesaj\u0131 yay\u0131nlad\u0131. Gazetecili\u011fin, fedak\u00e2rl\u0131k, sorumluluk isteyen ve zor \u015fartlarda yap\u0131lan \u00f6nemli bir meslek oldu\u011funu belirten Ba\u015fkan &hellip; <a href=\"https:\/\/akdenizolaygazetesi.com\/?p=23433\" class=\"more-link\">Devam\u0131n\u0131 Oku&#8230;<\/a><\/p>\n","protected":false},"author":2,"featured_media":23434,"comment_status":"open","ping_status":"open","sticky":false,"template":"","format":"standard","meta":[],"categories":[3],"tags":[],"_links":{"self":[{"href":"https:\/\/akdenizolaygazetesi.com\/index.php?rest_route=\/wp\/v2\/posts\/23433"}],"collection":[{"href":"https:\/\/akdenizolaygazetesi.com\/index.php?rest_route=\/wp\/v2\/posts"}],"about":[{"href":"https:\/\/akdenizolaygazetesi.com\/index.php?rest_route=\/wp\/v2\/types\/post"}],"author":[{"embeddable":true,"href":"https:\/\/akdenizolaygazetesi.com\/index.php?rest_route=\/wp\/v2\/users\/2"}],"replies":[{"embeddable":true,"href":"https:\/\/akdenizolaygazetesi.com\/index.php?rest_route=%2Fwp%2Fv2%2Fcomments&post=23433"}],"version-history":[{"count":1,"href":"https:\/\/akdenizolaygazetesi.com\/index.php?rest_route=\/wp\/v2\/posts\/23433\/revisions"}],"predecessor-version":[{"id":23435,"href":"https:\/\/akdenizolaygazetesi.com\/index.php?rest_route=\/wp\/v2\/posts\/23433\/revisions\/23435"}],"wp:featuredmedia":[{"embeddable":true,"href":"https:\/\/akdenizolaygazetesi.com\/index.php?rest_route=\/wp\/v2\/media\/23434"}],"wp:attachment":[{"href":"https:\/\/akdenizolaygazetesi.com\/index.php?rest_route=%2Fwp%2Fv2%2Fmedia&parent=23433"}],"wp:term":[{"taxonomy":"category","embeddable":true,"href":"https:\/\/akdenizolaygazetesi.com\/index.php?rest_route=%2Fwp%2Fv2%2Fcategories&post=23433"},{"taxonomy":"post_tag","embeddable":true,"href":"https:\/\/akdenizolaygazetesi.com\/index.php?rest_route=%2Fwp%2Fv2%2Ftags&post=23433"}],"curies":[{"name":"wp","href":"https:\/\/api.w.org\/{rel}","templated":true}]}}