{"id":23436,"date":"2023-01-09T16:16:16","date_gmt":"2023-01-09T13:16:16","guid":{"rendered":"http:\/\/akdenizolaygazetesi.com\/?p=23436"},"modified":"2023-01-09T16:16:16","modified_gmt":"2023-01-09T13:16:16","slug":"akdeniz-belediyesinden-calisan-gazetecilere-10-ocak-jesti","status":"publish","type":"post","link":"https:\/\/akdenizolaygazetesi.com\/?p=23436","title":{"rendered":"AKDEN\u0130Z BELED\u0130YES\u0130\u2019NDEN \u00c7ALI\u015eAN GAZETEC\u0130LERE 10 OCAK JEST\u0130"},"content":{"rendered":"<p>Akdeniz Belediye Ba\u015fkan\u0131 M. Mustafa G\u00fcltak; \u201c10 Ocak \u00c7al\u0131\u015fan Gazeteciler G\u00fcn\u00fc\u201d dolay\u0131s\u0131yla, Mersin\u2019de g\u00f6rev yapan gazeteciler ile yerel ve ulusal bas\u0131n-yay\u0131n kurulu\u015flar\u0131n\u0131n temsilcilerine g\u00fczel bir jest yapt\u0131.<\/p>\n<p>Mersinli gazeteciler; Akdeniz Belediyesi taraf\u0131ndan kazand\u0131r\u0131lan ve ge\u00e7en y\u0131l yine \u201810 Ocak \u00c7al\u0131\u015fan Gazeteciler G\u00fcn\u00fc\u2019nde g\u00f6rkemli bir t\u00f6renle hizmete a\u00e7\u0131lan MGC hizmet binas\u0131nda d\u00fczenlenen yemekli etkinlikte bir araya geldi. Bulu\u015fmaya, Akdeniz Belediye Ba\u015fkan\u0131 M. Mustafa G\u00fcltak, Akdeniz Belediyesi Ba\u015fkan Yard\u0131mc\u0131s\u0131 ve \u00d6zel Kalem M\u00fcd\u00fcr\u00fc Onur Ery\u0131lmaz G\u00fcm\u00fc\u015ftok, ile bas\u0131n emek\u00e7isi gazeteciler kat\u0131ld\u0131. <\/p>\n<p>\u201cMersinli gazetecilere i\u00e7in hizmet binas\u0131 bug\u00fcne dek neden yap\u0131lmad\u0131?\u201d<\/p>\n<p>Akdeniz Belediye Ba\u015fkan\u0131 M. Mustafa G\u00fcltak da gazetecilere y\u00f6nelik hitab\u0131nda, kamu g\u00f6revi ifa eden bas\u0131n mensuplar\u0131n\u0131n her zaman yan\u0131nda oldu\u011funu vurgulad\u0131, 10 Ocak \u00c7al\u0131\u015fan Gazeteciler G\u00fcn\u00fc\u2019n\u00fc kutlad\u0131. Bug\u00fcne dek hi\u00e7bir y\u00f6neticinin yapmad\u0131\u011f\u0131 bir hizmeti sa\u011flamaktan onur duydu\u011funu s\u00f6yleyen Ba\u015fkan G\u00fcltak; \u201cGazeteci arkada\u015flar\u0131m\u0131z her \u015feyin en g\u00fczeline lay\u0131k. Bu bina sizlerindir ve hi\u00e7 kimse de elinizden alamaz.<br \/>\nBence bug\u00fcne kadar bunun d\u00fc\u015f\u00fcn\u00fclmemesi bir eksiklik. Neden d\u00fc\u015f\u00fcnmemi\u015fler? \u00d6rne\u011fin 3 ay sonra herkes buraya gelerek vaatlerde bulunacak; sizlerden ve sizler sayesinde vatanda\u015ftan oy isteyip gazete man\u015fetlerine \u00e7\u0131kmak isteyecekler. Se\u00e7ildikten sonra ise y\u0131lda 1 kez belki gelirler. Ben \u00f6yle bir siyaset\u00e7i de\u011filim. Ben halk\u0131n i\u00e7inde devaml\u0131 gezen, il ba\u015fkanl\u0131\u011f\u0131nda da milletvekilli\u011finde de gazetecilere b\u00fcy\u00fck \u00f6nem veren, s\u00fcrekli toplant\u0131lar yapan bir siyaset\u00e7iyim\u201d diye konu\u015ftu.<\/p>\n<p>\u201cBas\u0131n\u0131n her zaman yan\u0131nda olaca\u011f\u0131m\u201d<\/p>\n<p>Mersin\u2019de ya\u015fayan farkl\u0131 dil, din, etnik k\u00f6ken, mezhep ve d\u00fc\u015f\u00fcnceden t\u00fcm insanlara sayg\u0131 duyduklar\u0131n\u0131 ifade eden Ba\u015fkan G\u00fcltak; t\u00fcm bu farkl\u0131l\u0131klar\u0131n da kentin en g\u00fczel ve \u00f6zel zenginli\u011fi oldu\u011funun alt\u0131n\u0131 \u00e7izdi.<br \/>\nBas\u0131n\u0131n, demokrasinin olmazsa olmaz\u0131 oldu\u011funu da vurgulad\u0131\u011f\u0131 konu\u015fmas\u0131nda Akdeniz Belediye Ba\u015fkan\u0131 Mustafa G\u00fcltak; \u201cKamuoyuna, iyisi ile k\u00f6t\u00fcs\u00fcyle her \u015feyi aktaran sizlersiniz. Tabi bizler bunu bir yere kadar yapabiliriz. T\u00fcm STK\u2019lar\u0131 \u00f6nemsiyoruz ama Bas\u0131n\u0131n yeri \u00e7ok ayr\u0131d\u0131r. O nedenle bu imk\u00e2nlar\u0131 sunuyoruz. \u0130\u015finiz ger\u00e7ekten zor\u2026 Bu i\u015fin s\u0131ca\u011f\u0131 var, so\u011fu\u011fu var, yaralanmak var, tehdit var, a\u00e7 kalmak var\u2026 Bu i\u015fi yapmak kolay de\u011fil. Cidden zor ve kutsal bir i\u015f. Siyasette oldu\u011fum s\u00fcrece de gazetecilere her zaman de\u011fer ve destek verece\u011fim\u201d ifadelerini kulland\u0131. (Haber Merkezi)<\/p>\n","protected":false},"excerpt":{"rendered":"<p>Akdeniz Belediye Ba\u015fkan\u0131 M. Mustafa G\u00fcltak; \u201c10 Ocak \u00c7al\u0131\u015fan Gazeteciler G\u00fcn\u00fc\u201d dolay\u0131s\u0131yla, Mersin\u2019de g\u00f6rev yapan gazeteciler ile yerel ve ulusal bas\u0131n-yay\u0131n kurulu\u015flar\u0131n\u0131n temsilcilerine g\u00fczel bir jest yapt\u0131. Mersinli gazeteciler; Akdeniz &hellip; <a href=\"https:\/\/akdenizolaygazetesi.com\/?p=23436\" class=\"more-link\">Devam\u0131n\u0131 Oku&#8230;<\/a><\/p>\n","protected":false},"author":2,"featured_media":23437,"comment_status":"open","ping_status":"open","sticky":false,"template":"","format":"standard","meta":[],"categories":[2,3],"tags":[],"_links":{"self":[{"href":"https:\/\/akdenizolaygazetesi.com\/index.php?rest_route=\/wp\/v2\/posts\/23436"}],"collection":[{"href":"https:\/\/akdenizolaygazetesi.com\/index.php?rest_route=\/wp\/v2\/posts"}],"about":[{"href":"https:\/\/akdenizolaygazetesi.com\/index.php?rest_route=\/wp\/v2\/types\/post"}],"author":[{"embeddable":true,"href":"https:\/\/akdenizolaygazetesi.com\/index.php?rest_route=\/wp\/v2\/users\/2"}],"replies":[{"embeddable":true,"href":"https:\/\/akdenizolaygazetesi.com\/index.php?rest_route=%2Fwp%2Fv2%2Fcomments&post=23436"}],"version-history":[{"count":1,"href":"https:\/\/akdenizolaygazetesi.com\/index.php?rest_route=\/wp\/v2\/posts\/23436\/revisions"}],"predecessor-version":[{"id":23438,"href":"https:\/\/akdenizolaygazetesi.com\/index.php?rest_route=\/wp\/v2\/posts\/23436\/revisions\/23438"}],"wp:featuredmedia":[{"embeddable":true,"href":"https:\/\/akdenizolaygazetesi.com\/index.php?rest_route=\/wp\/v2\/media\/23437"}],"wp:attachment":[{"href":"https:\/\/akdenizolaygazetesi.com\/index.php?rest_route=%2Fwp%2Fv2%2Fmedia&parent=23436"}],"wp:term":[{"taxonomy":"category","embeddable":true,"href":"https:\/\/akdenizolaygazetesi.com\/index.php?rest_route=%2Fwp%2Fv2%2Fcategories&post=23436"},{"taxonomy":"post_tag","embeddable":true,"href":"https:\/\/akdenizolaygazetesi.com\/index.php?rest_route=%2Fwp%2Fv2%2Ftags&post=23436"}],"curies":[{"name":"wp","href":"https:\/\/api.w.org\/{rel}","templated":true}]}}