{"id":2344,"date":"2020-11-04T18:22:50","date_gmt":"2020-11-04T15:22:50","guid":{"rendered":"http:\/\/mersinekonomipolitikagazetesi.com\/?p=2344"},"modified":"2020-11-04T18:22:50","modified_gmt":"2020-11-04T15:22:50","slug":"avokado-uretiminde-hedef-40-milyon-adet","status":"publish","type":"post","link":"https:\/\/akdenizolaygazetesi.com\/?p=2344","title":{"rendered":"Avokado \u00fcretiminde hedef 40 milyon adet"},"content":{"rendered":"<p>T\u00fcrkiye&#8217;de avakado \u00fcretiminin yakla\u015f\u0131k y\u00fczde 70&#8217;inin kar\u015f\u0131land\u0131\u011f\u0131 Antalya&#8217;n\u0131n Alanya il\u00e7esinde bu y\u0131l 150 bin a\u011fa\u00e7tan 40 milyon adet \u00fcretim hedefleniyor.<\/p>\n<p>T\u00fcrkiye&#8217;de avakado \u00fcretiminin yakla\u015f\u0131k y\u00fczde 70&#8217;inin kar\u015f\u0131land\u0131\u011f\u0131 Antalya&#8217;n\u0131n Alanya il\u00e7es inde bu y\u0131l 150 bin a\u011fa\u00e7tan 40 milyon adet \u00fcretim hedefleniyor.\u00a0<br \/>\nT\u00fcrkiye&#8217;ye 1953 y\u0131l\u0131nda hobi ama\u00e7l\u0131 \u00fcretim i\u00e7in Meksika b\u00f6lgesinden getirilen avokado, t\u00fcketimi art\u0131nca 1990&#8217;l\u0131 y\u0131llar ba\u015f\u0131nda Alanya ba\u015fta olmak \u00fczere Antalya, Gazipa\u015fa, Anamur ve Mersin b\u00f6lgelerinde ticari olarak \u00fcretilmeye ba\u015fland\u0131.\u00a0<\/p>\n<p>\u00dcretim hedefi 40 milyon adet<br \/>\n\u00a0<br \/>\nAntioksidan \u00f6zelli\u011fiyle bilinen ve 4 adedi yakla\u015f\u0131k 1 kilogram gelen avokadonun Alanya\u2019daki \u00fcretimi her ge\u00e7en g\u00fcn art\u0131yor. Alanya, T\u00fcrkiye avokado \u00fcretiminin y\u00fczde 70&#8217;ini kar\u015f\u0131lar hale gelirken, ge\u00e7ti\u011fimiz y\u0131l hava \u015fartlar\u0131n\u0131n k\u00f6t\u00fc olmas\u0131na ra\u011fmen 130 bin civar\u0131ndaki a\u011fa\u00e7tan yakla\u015f\u0131k 16 milyon adet avokado \u00fcretildi. Bu sene ise hava \u015fartlar\u0131n\u0131n normal olmas\u0131 ve a\u011fa\u00e7 say\u0131s\u0131n\u0131n 150 bine \u00e7\u0131kmas\u0131ndan dolay\u0131 bu rakam\u0131n 40 milyon olmas\u0131 bekleniyor. Toptan adet fiyat\u0131 kalitesine g\u00f6re 2-2,5 lira aras\u0131nda de\u011fi\u015fen avokadonun 3-3,5 lira aras\u0131ndan perakende fiyat\u0131yla tezgahlarda yerini buluyor.\u00a0<\/p>\n<p>&#8220;\u0130l\u00e7ede en \u00e7ok avokado \u00fcretimi tercih ediyor&#8221;<br \/>\n\u00a0<br \/>\nAvokado \u00dcreticileri Birli\u011fi Ba\u015fkan\u0131 Hilmi Sevilgen, \u00e7ift\u00e7ilerin masraf\u0131 az, getirisi fazla oldu\u011fundan dolay\u0131 avokado \u00fcretimine yo\u011funla\u015ft\u0131\u011f\u0131n\u0131 s\u00f6yledi. Alanya\u2019daki \u00e7ift\u00e7ilerin yakla\u015f\u0131k y\u00fczde 50\u2019sinin \u015fuan avokado \u00fcretimine ge\u00e7ti\u011fini aktaran Ba\u015fkan Sevilgen, &#8220;\u015euan Alanya\u2019da muz \u00fcretimi de var ama masraf\u0131 az getirisi fazla oldu\u011fu i\u00e7in en \u00e7ok avokado \u00fcretimi tercih ediyor. T\u00fcketimi de T\u00fcrkiye\u2019de her ge\u00e7en g\u00fcn art\u0131\u015f g\u00f6steriyor. Avokadonun firesi olmad\u0131\u011f\u0131ndan dolay\u0131 sat\u0131\u015f k\u0131sm\u0131nda \u00fcreticilerin oldu\u011fu kadar al\u0131c\u0131lar\u0131n da kar\u0131 var. Avokado besin bak\u0131m\u0131ndan zengin ve de\u011fi\u015fik bir \u00fcr\u00fcn olarak sofralar\u0131m\u0131z\u0131 da yeniden renklendirdi&#8221; dedi.\u00a0<\/p>\n<p>&#8220;Hollanda ve Bel\u00e7ika\u2019ya ihracat yapmay\u0131 d\u00fc\u015f\u00fcn\u00fcyoruz&#8221;<br \/>\n\u00a0<br \/>\nAvokadonun ihracat\u0131n\u0131 da de\u011ferlendiren Sevilgen, yakla\u015f\u0131k 4 y\u0131ld\u0131r \u0130ran, Suriye, Azerbaycan\u2019a \u00fcr\u00fcn\u00fcn gitti\u011fini aktard\u0131. Yakla\u015f\u0131k 2 senedir de Ukrayna ve Almanya\u2019ya avokado ihracat\u0131 yapt\u0131\u011f\u0131n\u0131 ifade eden Sevilgen, &#8220;\u0130hracat konusunda Almanya ve Avrupa taraf\u0131na do\u011fru a\u00e7\u0131lmam\u0131z b\u00fcy\u00fck bir sevindirici olay. \u015euan T\u00fcrkiye\u2019de a\u015f\u0131r\u0131 derecede avokado t\u00fcketimi var. \u00d6n\u00fcm\u00fczdeki y\u0131llarda Hollanda ve Bel\u00e7ika\u2019ya ihracat yapmay\u0131 d\u00fc\u015f\u00fcn\u00fcyoruz&#8221; diye konu\u015ftu.\u00a0<\/p>\n<p>&#8220;40 milyon adet avokado \u00fcretimi beklemekteyiz&#8221;<br \/>\n\u00a0<br \/>\nGe\u00e7ti\u011fimiz y\u0131l hava \u015fartlar\u0131ndan dolay\u0131 avokado \u00fcretiminin d\u00fc\u015f\u00fck oldu\u011fu s\u00f6yleyen Sevilgen, bu y\u0131l beklentilerin daha da y\u00fcksek oldu\u011fu belirterek &#8220;Bu y\u0131l beklentimiz daha da y\u00fcksek. Ge\u00e7en y\u0131l yakla\u015f\u0131k 16 milyon adet avokado \u00fcretimi oldu. Bu y\u0131l ise yakla\u015f\u0131k 40 milyon adet avokado \u00fcretimi beklemekteyiz. Ge\u00e7en biraz avokado fiyatlar\u0131 y\u00fcksekti. Bu y\u0131l \u00fcretim fazla oldu\u011fundan dolay\u0131 avokadonun fiyat\u0131 ge\u00e7en y\u0131la oran daha d\u00fc\u015f\u00fck olacak&#8221; dedi.\u00a0<\/p>\n<p>&#8220;Bir a\u011fa\u00e7tan ortama 200-250 tane meyve al\u0131yoruz&#8221;<br \/>\n\u00a0<br \/>\nNarenciyenin kar oran\u0131 d\u00fc\u015f\u00fck ve zarar etti\u011finden dolay\u0131 2017 y\u0131l\u0131ndan itibaren avokado \u00fcretimine ge\u00e7tiklerini ifade eden \u00fcretici Mustafa G\u00f6rg\u00fcl\u00fc, \u00e7ok memnun oldu\u011funu belirtti. G\u00f6rg\u00fcl\u00fc, &#8220;Kar\u0131 y\u00fcksek, bak\u0131m \u015fartlar\u0131 zor olmayan bir meyve avokado sadece su ihtiyac\u0131 biraz fazla ve azotlu g\u00fcbrelere \u00e7ok az miktarda ihtiyac\u0131 var. Yakla\u015f\u0131k 13 d\u00f6n\u00fcml\u00fck bir alanda \u00fcretim yap\u0131yoruz. Bir d\u00f6n\u00fcmde ortama 30-35 avokado a\u011fac\u0131 oluyor. Yeti\u015fkin bir a\u011fa\u00e7tan da ortama 200-250 tane meyve al\u0131yoruz&#8221; \u015feklinde konu\u015ftu.\u00a0<\/p>\n","protected":false},"excerpt":{"rendered":"<p>T\u00fcrkiye&#8217;de avakado \u00fcretiminin yakla\u015f\u0131k y\u00fczde 70&#8217;inin kar\u015f\u0131land\u0131\u011f\u0131 Antalya&#8217;n\u0131n Alanya il\u00e7esinde bu y\u0131l 150 bin a\u011fa\u00e7tan 40 milyon adet \u00fcretim hedefleniyor. T\u00fcrkiye&#8217;de avakado \u00fcretiminin yakla\u015f\u0131k y\u00fczde 70&#8217;inin kar\u015f\u0131land\u0131\u011f\u0131 Antalya&#8217;n\u0131n Alanya il\u00e7es &hellip; <a href=\"https:\/\/akdenizolaygazetesi.com\/?p=2344\" class=\"more-link\">Devam\u0131n\u0131 Oku&#8230;<\/a><\/p>\n","protected":false},"author":1,"featured_media":0,"comment_status":"open","ping_status":"open","sticky":false,"template":"","format":"standard","meta":[],"categories":[],"tags":[],"_links":{"self":[{"href":"https:\/\/akdenizolaygazetesi.com\/index.php?rest_route=\/wp\/v2\/posts\/2344"}],"collection":[{"href":"https:\/\/akdenizolaygazetesi.com\/index.php?rest_route=\/wp\/v2\/posts"}],"about":[{"href":"https:\/\/akdenizolaygazetesi.com\/index.php?rest_route=\/wp\/v2\/types\/post"}],"author":[{"embeddable":true,"href":"https:\/\/akdenizolaygazetesi.com\/index.php?rest_route=\/wp\/v2\/users\/1"}],"replies":[{"embeddable":true,"href":"https:\/\/akdenizolaygazetesi.com\/index.php?rest_route=%2Fwp%2Fv2%2Fcomments&post=2344"}],"version-history":[{"count":0,"href":"https:\/\/akdenizolaygazetesi.com\/index.php?rest_route=\/wp\/v2\/posts\/2344\/revisions"}],"wp:attachment":[{"href":"https:\/\/akdenizolaygazetesi.com\/index.php?rest_route=%2Fwp%2Fv2%2Fmedia&parent=2344"}],"wp:term":[{"taxonomy":"category","embeddable":true,"href":"https:\/\/akdenizolaygazetesi.com\/index.php?rest_route=%2Fwp%2Fv2%2Fcategories&post=2344"},{"taxonomy":"post_tag","embeddable":true,"href":"https:\/\/akdenizolaygazetesi.com\/index.php?rest_route=%2Fwp%2Fv2%2Ftags&post=2344"}],"curies":[{"name":"wp","href":"https:\/\/api.w.org\/{rel}","templated":true}]}}