{"id":23442,"date":"2023-01-10T12:54:51","date_gmt":"2023-01-10T09:54:51","guid":{"rendered":"http:\/\/akdenizolaygazetesi.com\/?p=23442"},"modified":"2023-01-10T12:54:51","modified_gmt":"2023-01-10T09:54:51","slug":"topraklarimiza-bereket-katan-ciftcilerimizin-her-zaman-yaninda-olacagiz","status":"publish","type":"post","link":"https:\/\/akdenizolaygazetesi.com\/?p=23442","title":{"rendered":"&#8220;TOPRAKLARIMIZA BEREKET KATAN \u00c7\u0130FT\u00c7\u0130LER\u0130M\u0130Z\u0130N HER ZAMAN YANINDA OLACA\u011eIZ&#8221;"},"content":{"rendered":"<p>Mersin B\u00fcy\u00fck\u015fehir Belediye Meclisi&#8217;nin 2023 Y\u0131l\u0131 Ocak ay\u0131 1. Birle\u015fim Toplant\u0131s\u0131, B\u00fcy\u00fck\u015fehir Belediye Ba\u015fkan\u0131 Vahap Se\u00e7er ba\u015fkanl\u0131\u011f\u0131nda ger\u00e7ekle\u015ftirildi. Oturum; B\u00fcy\u00fck\u015fehir Belediyesi Kongre ve Sergi Saray\u0131&#8217;nda yap\u0131ld\u0131. Meclis Toplant\u0131s\u0131&#8217;nda; birimlerden gelen 27 ve komisyonlara havale edilen 17 olmak \u00fczere toplam 44 madde g\u00f6r\u00fc\u015f\u00fclerek oyland\u0131. Ba\u015fkan Se\u00e7er; Karamanc\u0131lar Kona\u011f\u0131, Mahalle Mutfaklar\u0131, \u0130stiklal Caddesi&#8217;ndeki \u00e7al\u0131\u015fmalar ve Mezitli&#8217;de g\u00fcndemde olan \u00e7ok katl\u0131 binan\u0131n yap\u0131m\u0131 konular\u0131nda a\u00e7\u0131klamalar yapt\u0131.<br \/>\n&#8220;Cumhuriyetimizin 100&#8217;\u00fcnc\u00fc y\u0131l\u0131nda daha nice hizmet, yat\u0131r\u0131m ve proje hayata ge\u00e7irece\u011fiz&#8221;<br \/>\n2022 y\u0131l\u0131nda hep birlikte ger\u00e7ekle\u015ftirdikleri ba\u015far\u0131l\u0131 \u00e7al\u0131\u015fmalar\u0131 art\u0131rarak s\u00fcrd\u00fcreceklerini ifade eden Ba\u015fkan Se\u00e7er, 2023 y\u0131l\u0131n\u0131n \u00fclkemize, kentimize ve t\u00fcm vatanda\u015flara sa\u011fl\u0131k, huzur ve refah getirmesi dile\u011fini yineledi. Cumhuriyet&#8217;in 100&#8217;\u00fcnc\u00fc y\u0131l\u0131na b\u00fcy\u00fck bir heyecan ve motivasyonla girdiklerini s\u00f6yleyen Ba\u015fkan Se\u00e7er, &#8220;Cumhuriyetimizin 100&#8217;\u00fcnc\u00fc y\u0131l\u0131nda daha nice hizmet, yat\u0131r\u0131m ve proje hayata ge\u00e7irece\u011fiz. \u00c7al\u0131\u015fmalar\u0131m\u0131za, \u00d6nderimiz Atat\u00fcrk&#8217;\u00fcn bize g\u00f6sterdi\u011fi &#8216;Mersinliler Mersin&#8217;e sahip \u00e7\u0131k\u0131n\u0131z&#8217; hedefiyle devam edece\u011fiz&#8221; dedi.<br \/>\nSe\u00e7er, 10 Ocak &#8216;Ziraat M\u00fchendisleri G\u00fcn\u00fc&#8217; ve &#8216;\u00c7al\u0131\u015fan Gazeteciler G\u00fcn\u00fc&#8217;n\u00fc kutlad\u0131<br \/>\n10 Ocak &#8216;Ziraat M\u00fchendisler G\u00fcn\u00fc&#8217; ve &#8216;\u00c7al\u0131\u015fan Gazeteciler G\u00fcn\u00fc&#8217;ne ili\u015fkin de konu\u015fan Se\u00e7er, hem ziraat m\u00fchendisleri hem de gazetecilerin g\u00fcn\u00fcn\u00fc kutlad\u0131. Tar\u0131msal \u00fcretimin ve g\u0131dan\u0131n hayat\u0131m\u0131zdaki \u00f6neminin her ge\u00e7en g\u00fcn artt\u0131\u011f\u0131n\u0131 s\u00f6yleyen Se\u00e7er, &#8220;B\u00fcy\u00fck\u015fehir Belediyesi olarak biz de bu bilin\u00e7le tar\u0131ma, \u00fcreticilerimize ve \u00f6zellikle k\u00fc\u00e7\u00fck aile i\u015fletmelerine destekler veriyoruz. Bu desteklerimizi her y\u0131l art\u0131rarak s\u00fcrd\u00fcr\u00fcyoruz. Bilimle tecr\u00fcbelerini harmanlayan ziraat m\u00fchendisi arkada\u015flar\u0131m da sahada \u00fcreticilerimize, yeti\u015ftiricilerimize destek oluyorlar. Topraklar\u0131m\u0131za bereket katan \u00e7ift\u00e7ilerimizin ve \u00fcreticimizin her zaman yan\u0131nda olmay\u0131 s\u00fcrd\u00fcrece\u011fiz&#8221; diye konu\u015ftu. T\u00fcm gazetecilerin &#8216;\u00c7al\u0131\u015fan Gazeteciler G\u00fcn\u00fc&#8217;n\u00fc de kutlayan Se\u00e7er, &#8220;Mesle\u011finin ve kaleminin onuruyla, \u00f6zveriyle \u00e7al\u0131\u015f\u0131p, do\u011frunun pe\u015finde ko\u015fan t\u00fcm gazetecilerin 10 Ocak \u00c7al\u0131\u015fan Gazeteciler G\u00fcn\u00fc&#8217;n\u00fc kutluyor, aram\u0131zdan ayr\u0131lanlar\u0131 rahmetle an\u0131yorum&#8221; ifadelerini kulland\u0131.<br \/>\n&#8220;Karar mercii olsayd\u0131m, o kadar kat iznine m\u00fcsaade etmezdim&#8221;<br \/>\nBa\u015fkan Se\u00e7er, Mezitli il\u00e7esinde yap\u0131m\u0131 g\u00fcndemde olan zemin kat\u0131 \u00fczerine yap\u0131lacak 32 katl\u0131 bina konusunda de\u011ferlendirme yapan Mezitli Belediye Ba\u015fkan\u0131 Ne\u015fet Tarhan&#8217;\u0131n ard\u0131ndan k\u0131sa bir a\u00e7\u0131klama yapt\u0131. Ba\u015fkan Se\u00e7er, &#8220;Bizim mevcut g\u00f6revdeki belediyelerle ilgili bir spek\u00fclasyon konusu oldu\u011fu i\u00e7in Say\u0131n Ba\u015fkan da a\u00e7\u0131klama gere\u011fi duydu. \u015eu anda bu konuyla ilgili karar mercii olsayd\u0131m, o kadar kat iznine m\u00fcsaade etmezdim. Hatta hat\u0131rlayaca\u011f\u0131n\u0131z gibi Yeni\u015fehir b\u00f6lgesinde 21 kat konusunda uygun g\u00f6r\u00fc\u015f bildirmemi\u015ftim. Sizlere orada 15 katla s\u0131n\u0131rland\u0131rman\u0131n daha do\u011fru olaca\u011f\u0131n\u0131 s\u00f6ylemi\u015ftim. 18 kata mutabakat sa\u011flanm\u0131\u015ft\u0131. Tekrar s\u00f6yl\u00fcyorum; ne mevcut B\u00fcy\u00fck\u015fehir y\u00f6netimi ne Mersin B\u00fcy\u00fck\u015fehir Belediye Meclisi ne il\u00e7e Mezitli Belediyesi ve ne il\u00e7e Meclisinin bu konuda dahili yoktur. 1980&#8217;li y\u0131llardan gelen bizim de arzu etmedi\u011fimiz bir durumdur. Yarg\u0131 yolu a\u00e7\u0131kt\u0131r&#8221; dedi.<br \/>\n&#8220;\u00d6\u011frenciler i\u00e7in Mahalle Mutfaklar\u0131nda yemek kapasite s\u0131n\u0131rlamas\u0131 yok&#8221;<br \/>\nMahalle Mutfaklar\u0131nda \u00f6\u011frenciler i\u00e7in yemek kapasitesi konusunun Meclis g\u00fcndemine ta\u015f\u0131nmas\u0131 \u00fczerine Se\u00e7er, &#8220;Herhangi bir yemek kapasitesi yok. A\u00e7\u0131k oldu\u011fu saatler i\u00e7erisinde gelen b\u00fct\u00fcn \u00f6\u011frenciler yemek almadan gitmiyorlar. Yemek bitiyorsa hemen orada zaten irtibat kuruyorlar ve onlar\u0131n yemekleri de geliyor. Hi\u00e7bir sorun olmuyor. S\u0131ra bekleyen son \u00f6\u011frencimiz bitene kadar herkes yeme\u011fini al\u0131yor&#8221; a\u00e7\u0131klamas\u0131n\u0131 yapt\u0131.<br \/>\n&#8220;\u0130stiklal Caddesi&#8217;nde anlay\u0131\u015f\u0131m\u0131za uygun olmayan hi\u00e7bir imalat\u0131 kabul etmiyoruz&#8221;<br \/>\n\u0130stiklal Caddesi&#8217;ndeki 1&#8217;nci Etap \u00e7al\u0131\u015fmalar\u0131 hakk\u0131nda da tekrardan bilgilendirme yapan Ba\u015fkan Se\u00e7er, \u00e7al\u0131\u015fmada b\u00fcy\u00fck hassasiyet g\u00f6sterdiklerini belirtti. \u00c7al\u0131\u015fma sahas\u0131nda t\u00fcm alt yap\u0131 \u00e7al\u0131\u015fmalar\u0131n\u0131 titizlikle yapt\u0131klar\u0131n\u0131 ifade eden Se\u00e7er, &#8220;Muazzam bir \u00e7al\u0131\u015fma yap\u0131yoruz. Anlay\u0131\u015f\u0131m\u0131za ve teknik verilere uygun olmayan hi\u00e7bir imalat\u0131 kabul etmiyoruz. \u00c7al\u0131\u015fmalar\u0131 en ince ayr\u0131nt\u0131s\u0131na kadar takip ediyorum&#8221; diye konu\u015ftu.<br \/>\n &#8220;Atat\u00fcrk&#8217;\u00fcn yapt\u0131\u011f\u0131 toplant\u0131y\u0131 daha iyi \u015fekilde mizansen edecek bir proje de\u011fi\u015fikli\u011fi yapabiliriz&#8221;<br \/>\nKaramanc\u0131lar Kona\u011f\u0131 ile ilgili yap\u0131lan ele\u015ftirileri de yan\u0131tlayan Se\u00e7er, yap\u0131n\u0131n 2017 y\u0131l\u0131nda B\u00fcy\u00fck\u015fehir Belediye Meclisi taraf\u0131ndan oylanarak &#8220;Gastronomi M\u00fczesi&#8221; olarak karar al\u0131nd\u0131\u011f\u0131n\u0131 an\u0131msatt\u0131. Herhangi bir fon almadan kendi \u00f6z kaynaklar\u0131yla Karamanc\u0131lar Kona\u011f\u0131&#8217;n\u0131 restore ettiklerini s\u00f6yleyen Se\u00e7er, &#8220;Arkada\u015flar\u0131m gitti, \u00e7al\u0131\u015ft\u0131, konu\u015ftu. Kent Konseyi Ba\u015fkan\u0131&#8217;n\u0131n size bunu da s\u00f6ylemesi laz\u0131m. Bizden sonu\u00e7 almak isteyenler, bunu kamuoyunda s\u00fcrekli siyasi bir malzeme haline getirerek de\u011fil ger\u00e7ekten bizimle konu\u015farak yapabilirler. Arkada\u015flar\u0131m Say\u0131n Ba\u015fkan&#8217;la gidip konu\u015ftu. Benimle bir toplant\u0131 yap\u0131lmas\u0131n\u0131n iyi olaca\u011f\u0131n\u0131 s\u00f6yledi. Ben de kabul ettim. &#8216;Kent Konseyi Ba\u015fkan\u0131m\u0131z\u0131 da davet edelim&#8217; dedim. Oras\u0131 iki bloklu \u00e7ok b\u00fcy\u00fck bir bina. Gerekirse bizim mevcut ay\u0131rd\u0131\u011f\u0131m\u0131z alan\u0131 geni\u015fletebiliriz. Yani Atat\u00fcrk&#8217;\u00fcn 5 Kas\u0131m 1918&#8217;de yapt\u0131\u011f\u0131 toplant\u0131y\u0131 daha iyi bir \u015fekilde mizansen edecek bir proje de\u011fi\u015fikli\u011fi yapabiliriz. Geldi\u011fimiz nokta odur. Gecikmi\u015f bir \u015fey yok. \u00d6nemli bir k\u0131sm\u0131n\u0131 bu i\u015fe ay\u0131r\u0131r\u0131z, bir k\u0131sm\u0131n\u0131 da yine &#8216;Gastronomi M\u00fczesi&#8217; olarak da planlayabiliriz. Hi\u00e7bir s\u0131k\u0131nt\u0131 olmaz&#8221; diye konu\u015ftu.<br \/>\n&#8220;Halk\u0131n mal\u0131 bizim gayretlerimizle 4 y\u0131ld\u0131r halkta kal\u0131yor&#8221;<br \/>\nKomisyonlardan havale edilen, &#8220;Mersin Kent Merkezi Do\u011fu Giri\u015fi 1\/5000 \u00d6l\u00e7ekli \u0130lave ve Revizyon Naz\u0131m \u0130mar Plan\u0131&#8221; maddesi de g\u00f6r\u00fc\u015f\u00fcld\u00fc. Komisyonlarda oy \u00e7oklu\u011fuyla kabul edilen madde, Meclis&#8217;te g\u00f6r\u00fc\u015f\u00fcl\u00fcrken Cumhur \u0130ttifak\u0131 Meclis \u00fcyeleri yap\u0131lan ele\u015ftirilere yan\u0131t veren Ba\u015fkan Se\u00e7er, &#8221; &#8216;Halk\u0131n mal\u0131 halkta kalacak&#8217; diyorsunuz. Biz halk\u0131n mal\u0131n\u0131 pe\u015fke\u015f mi \u00e7ekiyoruz? Halk bunu tersten okur. Ne demek? Ben, planlarda halk\u0131n mal\u0131n\u0131 pe\u015fke\u015f mi \u00e7ekiyorum, koruyor muyum? Siz daha \u00f6nce halk\u0131n mal\u0131n\u0131 y\u00fczde 22 ile vermi\u015fsiniz, biz y\u00fczde 45 ile geri alm\u0131\u015f\u0131z&#8221; dedi.<br \/>\n &#8220;Halk\u0131n mal\u0131, 4 y\u0131ld\u0131r bizim gayretimizle halkta kal\u0131yor&#8221; ifadesi ile konu\u015fmas\u0131n\u0131 s\u00fcrd\u00fcren Se\u00e7er, &#8220;Bu planlar\u0131 b\u00f6yle olmas\u0131 do\u011frultusunda \u0131srarla savunmuyorum. Yap\u0131lan \u00e7al\u0131\u015fmalar sonucu gelen teknik bilgiler do\u011frultusunda, benim de kamu yarar\u0131n\u0131 g\u00f6zeterek karar verip uygun g\u00f6rd\u00fc\u011f\u00fcm bir \u00e7al\u0131\u015fmad\u0131r. Bu komisyon raporu buraya gelirken, sizin de bizim de grubumuzun kabul\u00fcyle gelmi\u015f. Muhtemelen il\u00e7e belediyesi ile de g\u00f6r\u00fc\u015f\u00fclm\u00fc\u015f. Benim s\u00f6ylemek istedi\u011fim, &#8216;Bu komisyondan bu rapor gelmi\u015f, oy \u00e7oklu\u011fu ile kabul edilmi\u015f&#8217;. Burada Meclis \u00fcyeleri komisyon raporuna ret de verebilir. Tekrar \u00fczerine \u00e7al\u0131\u015fma olur. Ben idarenin taleplerini burada savunabilirim. Belediye hizmet alan\u0131n\u0131 turizm, ticaret ve konuta \u00e7evirdik. Buradan ilan ediyorum, oraya toplu konut yapaca\u011f\u0131m. Bana belediye hizmet alan\u0131, yekpare bir belediye hizmet binas\u0131 gerekli de\u011fil. Makine ikmalin oldu\u011fu eski otogar, oradaki \u00e7al\u0131\u015fmalar neyi gerektiriyorsa arkada\u015flar onu yapm\u0131\u015ft\u0131r&#8221; diye konu\u015ftu.<br \/>\n&#8220;38 ayd\u0131r bekliyor diye itiraz eden sizlersiniz, bir daha g\u00f6ndermemi isteyen yine sizlersiniz&#8221;<br \/>\nKomisyondan gelen rapor \u00fczerine Cumhur \u0130ttifak\u0131 Meclis \u00fcyelerinin yapt\u0131\u011f\u0131 ele\u015ftirileri de yan\u0131tlayan Ba\u015fkan Se\u00e7er, &#8221; &#8216;Gecikti&#8217; diye ele\u015ftiri yapan sizlersiniz ama sizin g\u00f6revlendirdi\u011finiz komisyon \u00fcyeleriniz, bu konuda sizlere bilgi vermeden bu d\u00fczenlemeye nas\u0131l &#8216;evet&#8217; oyu kulland\u0131lar. Ben de onu anlam\u0131yorum. Beni idare olarak bilgilendirerek ilerlediler, sizlerle sa\u011flanan g\u00f6r\u00fc\u015fmeler sonucunda bana da anlat\u0131larak &#8216;B\u00f6yle olmas\u0131 do\u011frudur, uygun olur &#8216;diyerek geldik buraya. B\u00fct\u00fcn planlar da ayn\u0131 \u015fekilde. \u015eimdi geri g\u00f6ndereyim. Benim i\u00e7in hi\u00e7bir sorun yok ama nereye kadar? 38 ayd\u0131r bekliyor diye itiraz eden sizlersiniz, bir daha g\u00f6ndermemi isteyen yine sizlersiniz. Bu bir \u00e7eli\u015fki. MHP ve AK Parti&#8217;nin komisyon \u00fcyeleri var, onlar\u0131n konu\u015fmalar\u0131 laz\u0131m, &#8216;Siz niye evet oyu kulland\u0131n\u0131z?&#8217; diye sormam\u0131z laz\u0131m onlara ki soruyoruz da. Ben de anlam\u0131yorum, sizin kendi \u00fcyenizden haberiniz yok&#8221; dedi.<br \/>\n&#8220;Kendi yazd\u0131klar\u0131 raporu reddettiler&#8221;<br \/>\nBa\u015fkan Se\u00e7er, &#8220;Garip olan ne biliyor musunuz? Komisyonda \u00e7o\u011funluk Cumhur \u0130ttifak\u0131nda, kabul edilerek gelmi\u015f, biz \u015fimdi o &#8216;kabul&#8217; oyunu savunur olduk. \u0130\u015fin garibine bak.  Bu kadar \u00e7eli\u015fki olamaz. Kendi ald\u0131klar\u0131 karar\u0131 &#8216;Nas\u0131l oluyor da siz b\u00f6yle karar al\u0131rs\u0131n\u0131z&#8217; diyor. Hakikaten garip bir durum. Kamuoyu ya\u015fananlar\u0131 duysun. Anlam\u0131yorum&#8221; ifadelerini kulland\u0131.<br \/>\nOy \u00e7oklu\u011fuyla komisyonlardan gelen rapor, Cumhur \u0130ttifak\u0131 Meclis \u00dcyeleri taraf\u0131ndan oy \u00e7oklu\u011fuyla reddedildi. Se\u00e7er, bunun \u00fczerine &#8220;Kendi yazd\u0131klar\u0131 raporu reddettiler&#8221; dedi.<br \/>\nMeclis&#8217;te ayr\u0131ca Denetim Komisyonu \u00fcyeleri belirlendi. Yap\u0131lan oylama sonucunda komisyona; Fahrettin K\u0131l\u0131n\u00e7, Haluk Mutluay, Ha\u015fim Tuluk, Zafer \u015eahin \u00d6zturan ve Abdurrahman Y\u0131ld\u0131z se\u00e7ildi.<\/p>\n","protected":false},"excerpt":{"rendered":"<p>Mersin B\u00fcy\u00fck\u015fehir Belediye Meclisi&#8217;nin 2023 Y\u0131l\u0131 Ocak ay\u0131 1. Birle\u015fim Toplant\u0131s\u0131, B\u00fcy\u00fck\u015fehir Belediye Ba\u015fkan\u0131 Vahap Se\u00e7er ba\u015fkanl\u0131\u011f\u0131nda ger\u00e7ekle\u015ftirildi. Oturum; B\u00fcy\u00fck\u015fehir Belediyesi Kongre ve Sergi Saray\u0131&#8217;nda yap\u0131ld\u0131. Meclis Toplant\u0131s\u0131&#8217;nda; birimlerden gelen &hellip; <a href=\"https:\/\/akdenizolaygazetesi.com\/?p=23442\" class=\"more-link\">Devam\u0131n\u0131 Oku&#8230;<\/a><\/p>\n","protected":false},"author":2,"featured_media":23443,"comment_status":"open","ping_status":"open","sticky":false,"template":"","format":"standard","meta":[],"categories":[8,1,2,3,6],"tags":[],"_links":{"self":[{"href":"https:\/\/akdenizolaygazetesi.com\/index.php?rest_route=\/wp\/v2\/posts\/23442"}],"collection":[{"href":"https:\/\/akdenizolaygazetesi.com\/index.php?rest_route=\/wp\/v2\/posts"}],"about":[{"href":"https:\/\/akdenizolaygazetesi.com\/index.php?rest_route=\/wp\/v2\/types\/post"}],"author":[{"embeddable":true,"href":"https:\/\/akdenizolaygazetesi.com\/index.php?rest_route=\/wp\/v2\/users\/2"}],"replies":[{"embeddable":true,"href":"https:\/\/akdenizolaygazetesi.com\/index.php?rest_route=%2Fwp%2Fv2%2Fcomments&post=23442"}],"version-history":[{"count":1,"href":"https:\/\/akdenizolaygazetesi.com\/index.php?rest_route=\/wp\/v2\/posts\/23442\/revisions"}],"predecessor-version":[{"id":23444,"href":"https:\/\/akdenizolaygazetesi.com\/index.php?rest_route=\/wp\/v2\/posts\/23442\/revisions\/23444"}],"wp:featuredmedia":[{"embeddable":true,"href":"https:\/\/akdenizolaygazetesi.com\/index.php?rest_route=\/wp\/v2\/media\/23443"}],"wp:attachment":[{"href":"https:\/\/akdenizolaygazetesi.com\/index.php?rest_route=%2Fwp%2Fv2%2Fmedia&parent=23442"}],"wp:term":[{"taxonomy":"category","embeddable":true,"href":"https:\/\/akdenizolaygazetesi.com\/index.php?rest_route=%2Fwp%2Fv2%2Fcategories&post=23442"},{"taxonomy":"post_tag","embeddable":true,"href":"https:\/\/akdenizolaygazetesi.com\/index.php?rest_route=%2Fwp%2Fv2%2Ftags&post=23442"}],"curies":[{"name":"wp","href":"https:\/\/api.w.org\/{rel}","templated":true}]}}