{"id":23448,"date":"2023-01-10T12:57:49","date_gmt":"2023-01-10T09:57:49","guid":{"rendered":"http:\/\/akdenizolaygazetesi.com\/?p=23448"},"modified":"2023-01-10T12:57:49","modified_gmt":"2023-01-10T09:57:49","slug":"ak-partili-yilmazdan-10-ocak-calisan-gazeteciler-gunu-mesaji","status":"publish","type":"post","link":"https:\/\/akdenizolaygazetesi.com\/?p=23448","title":{"rendered":"AK Parti&#8217;li Y\u0131lmaz&#8217;dan &#8220;10 Ocak \u00c7al\u0131\u015fan Gazeteciler G\u00fcn\u00fc&#8221; mesaj\u0131"},"content":{"rendered":"<p>TBMM Anayasa Komisyonu Katip \u00dcyesi ve AK Parti Mersin Milletvekili Zeynep G\u00fcl Y\u0131lmaz, 10 Ocak \u00c7al\u0131\u015fan Gazeteciler G\u00fcn\u00fc dolay\u0131s\u0131yla yay\u0131nlad\u0131\u011f\u0131 mesajda, &#8220;Kamuoyunu do\u011fru, tarafs\u0131z ve objektif habercilik \u015fiar\u0131yla bilgilendiren, mesai mefhumu g\u00f6zetmeksizin g\u00f6rev yapan t\u00fcm bas\u0131n mensuplar\u0131m\u0131z\u0131n 10 Ocak \u00c7al\u0131\u015fan Gazeteciler G\u00fcn\u00fc&#8217;n\u00fc tebrik ediyor, \u00e7al\u0131\u015fmalar\u0131nda ba\u015far\u0131lar diliyorum.<br \/>\nMilletvekili Zeynep G\u00fcl Y\u0131lmaz, bas\u0131n mensuplar\u0131n\u0131n, meslek ilkelerini ve milletin hassasiyetlerini dikkate alarak demokrasinin i\u015flerli\u011fi i\u00e7in g\u00f6rev yapt\u0131\u011f\u0131n\u0131 s\u00f6yledi. Bas\u0131n\u0131n, demokrasinin d\u00f6rt sac aya\u011f\u0131ndan biri oldu\u011funu vurgulayan Y\u0131lmaz, gazetecilerin yapt\u0131klar\u0131 g\u00f6revle kamuoyunun eksiksiz, tarafs\u0131z, dog\u0306ru bilgilendirilmesini sa\u011flad\u0131\u011f\u0131n\u0131 ifade etti. 10 Ocak&#8217;\u0131n, vatanda\u015flar\u0131n haber alma hakk\u0131n\u0131 teslim etmek i\u00e7in gece g\u00fcnd\u00fcz, yaz k\u0131\u015f, s\u0131cak so\u011fuk demeden \u00e7al\u0131\u015fan gazeteciler i\u00e7in \u00f6zel bir anlam ta\u015f\u0131d\u0131\u011f\u0131n\u0131 kaydeden Y\u0131lmaz, mesaj\u0131nda \u015fu ifadelere yer verdi:<br \/>\n&#8220;Son y\u0131llarda hayata ge\u00e7irilen reformlarla Tu\u0308rk bas\u0131n\u0131, daha demokratik ve o\u0308zgu\u0308rlu\u0308kc\u0327u\u0308 bir yap\u0131ya kavu\u015fmu\u015ftur. Bas\u0131n ve ifade h\u00fcrriyeti \u00e7er\u00e7evesinin korunmas\u0131 da \u00e7e\u015fitlili\u011fin, \u00e7o\u011fulculu\u011fun ve \u00f6zg\u00fcrl\u00fc\u011f\u00fcn hakim oldu\u011fu bu medya ortam\u0131nda daha \u00f6nce oldu\u011fu gibi bundan sonra devam edecektir. Bas\u0131n mensuplar\u0131m\u0131z da, bu ulvi g\u00f6revi yaparken meslek ahlak\u0131na ve tarafs\u0131zl\u0131k ilkelerine uyarak g\u00f6rev yapmakta, demokrasinin i\u015flerli\u011fi a\u00e7\u0131s\u0131ndan vatandas\u0327lar\u0131n haber alma hakk\u0131n\u0131n korunmas\u0131n\u0131 sa\u011flamaktad\u0131r. Bu duygu ve d\u00fc\u015f\u00fcncelerle, kamuoyunu do\u011fru, tarafs\u0131z ve objektif habercilik \u015fiar\u0131yla bilgilendiren, mesai mefhumu g\u00f6zetmeksizin b\u00fcy\u00fck bir \u00f6zveri ve gayretle toplumun haber alma hakk\u0131n\u0131 temin eden muhabirinden kameraman\u0131na, foto muhabirinden edit\u00f6r\u00fcne, spikerinden yay\u0131n y\u00f6netmenine medya sekt\u00f6r\u00fcnde \u00e7al\u0131\u015fan t\u00fcm bas\u0131n emek\u00e7ilerimizin 10 Ocak \u00c7al\u0131\u015fan Gazeteciler G\u00fcn\u00fc&#8217;n\u00fc tebrik ediyor, \u00e7al\u0131\u015fmalar\u0131nda ba\u015far\u0131lar diliyorum.&#8221;<\/p>\n","protected":false},"excerpt":{"rendered":"<p>TBMM Anayasa Komisyonu Katip \u00dcyesi ve AK Parti Mersin Milletvekili Zeynep G\u00fcl Y\u0131lmaz, 10 Ocak \u00c7al\u0131\u015fan Gazeteciler G\u00fcn\u00fc dolay\u0131s\u0131yla yay\u0131nlad\u0131\u011f\u0131 mesajda, &#8220;Kamuoyunu do\u011fru, tarafs\u0131z ve objektif habercilik \u015fiar\u0131yla bilgilendiren, mesai &hellip; <a href=\"https:\/\/akdenizolaygazetesi.com\/?p=23448\" class=\"more-link\">Devam\u0131n\u0131 Oku&#8230;<\/a><\/p>\n","protected":false},"author":2,"featured_media":23449,"comment_status":"open","ping_status":"open","sticky":false,"template":"","format":"standard","meta":[],"categories":[3],"tags":[],"_links":{"self":[{"href":"https:\/\/akdenizolaygazetesi.com\/index.php?rest_route=\/wp\/v2\/posts\/23448"}],"collection":[{"href":"https:\/\/akdenizolaygazetesi.com\/index.php?rest_route=\/wp\/v2\/posts"}],"about":[{"href":"https:\/\/akdenizolaygazetesi.com\/index.php?rest_route=\/wp\/v2\/types\/post"}],"author":[{"embeddable":true,"href":"https:\/\/akdenizolaygazetesi.com\/index.php?rest_route=\/wp\/v2\/users\/2"}],"replies":[{"embeddable":true,"href":"https:\/\/akdenizolaygazetesi.com\/index.php?rest_route=%2Fwp%2Fv2%2Fcomments&post=23448"}],"version-history":[{"count":1,"href":"https:\/\/akdenizolaygazetesi.com\/index.php?rest_route=\/wp\/v2\/posts\/23448\/revisions"}],"predecessor-version":[{"id":23450,"href":"https:\/\/akdenizolaygazetesi.com\/index.php?rest_route=\/wp\/v2\/posts\/23448\/revisions\/23450"}],"wp:featuredmedia":[{"embeddable":true,"href":"https:\/\/akdenizolaygazetesi.com\/index.php?rest_route=\/wp\/v2\/media\/23449"}],"wp:attachment":[{"href":"https:\/\/akdenizolaygazetesi.com\/index.php?rest_route=%2Fwp%2Fv2%2Fmedia&parent=23448"}],"wp:term":[{"taxonomy":"category","embeddable":true,"href":"https:\/\/akdenizolaygazetesi.com\/index.php?rest_route=%2Fwp%2Fv2%2Fcategories&post=23448"},{"taxonomy":"post_tag","embeddable":true,"href":"https:\/\/akdenizolaygazetesi.com\/index.php?rest_route=%2Fwp%2Fv2%2Ftags&post=23448"}],"curies":[{"name":"wp","href":"https:\/\/api.w.org\/{rel}","templated":true}]}}