{"id":23451,"date":"2023-01-10T12:59:17","date_gmt":"2023-01-10T09:59:17","guid":{"rendered":"http:\/\/akdenizolaygazetesi.com\/?p=23451"},"modified":"2023-01-10T12:59:17","modified_gmt":"2023-01-10T09:59:17","slug":"baskan-ozyigit-bireyin-ozgurlugu-basinin-ozgurlugu-kadardir","status":"publish","type":"post","link":"https:\/\/akdenizolaygazetesi.com\/?p=23451","title":{"rendered":"Ba\u015fkan \u00d6zyi\u011fit, \u201cBireyin \u00f6zg\u00fcrl\u00fc\u011f\u00fc bas\u0131n\u0131n \u00f6zg\u00fcrl\u00fc\u011f\u00fc kadard\u0131r\u201d"},"content":{"rendered":"<p>Yeni\u015fehir Belediye Ba\u015fkan\u0131 Abdullah \u00d6zyi\u011fit, 10 Ocak \u00c7al\u0131\u015fan Gazeteciler G\u00fcn\u00fc\u2019n\u00fc yay\u0131nlad\u0131\u011f\u0131 mesajla kutlad\u0131.<br \/>\nBa\u015fkan \u00d6zyi\u011fit, mesaj\u0131nda \u015fu ifadeleri kulland\u0131:<br \/>\n\u201cGazetecilerin toplumu bilgilendirme g\u00f6revini \u00f6zg\u00fcrce yerine getirebildi\u011fi bir ortama kavu\u015fmalar\u0131, bireylerin hak ve \u00f6zg\u00fcrl\u00fckleri i\u00e7in \u00e7ok k\u0131ymetlidir.\u00c7\u00fcnk\u00fc bilinmelidir ki bireyin \u00f6zg\u00fcrl\u00fc\u011f\u00fc bas\u0131n\u0131n \u00f6zg\u00fcrl\u00fc\u011f\u00fc kadard\u0131r.<br \/>\nBir kamu hizmeti olan gazetecili\u011fi,kutsal bir sorumlulukla ve mesleki ilkeleriyle yerine getiren Mersin ba\u015fta olmak \u00fczere T\u00fcrkiye\u2019nin her noktas\u0131nda \u00f6zverili \u00e7abalar\u0131 ile kamuoyuna do\u011fru haber ak\u0131\u015f\u0131 sa\u011flamak \u00fczere g\u00f6rev yapan t\u00fcm gazetecileri sayg\u0131yla selaml\u0131yorum. Toplum yarar\u0131 i\u00e7in emek veren, m\u00fccadele eden ve bask\u0131lara boyun e\u011fmeyen gazeteciler demokratik bir \u00fclkenin en \u00f6nemli de\u011ferlerindendir.<br \/>\nYa\u015fam\u0131m\u0131z\u0131 \u015fekillendiren demokrasiye, hukuk ve adalete katk\u0131 sunan,  do\u011fru ve tarafs\u0131z bilgi ile kamuoyunu ayd\u0131nlatma sorumlulu\u011funu \u00fcstlenen t\u00fcm bas\u0131n emek\u00e7ilerinin 10 Ocak \u00c7al\u0131\u015fan Gazeteciler G\u00fcn\u00fc\u2019n\u00fc kutluyor, mesleki hayatlar\u0131nda kendilerine ba\u015far\u0131lar diliyorum.\u201d<\/p>\n","protected":false},"excerpt":{"rendered":"<p>Yeni\u015fehir Belediye Ba\u015fkan\u0131 Abdullah \u00d6zyi\u011fit, 10 Ocak \u00c7al\u0131\u015fan Gazeteciler G\u00fcn\u00fc\u2019n\u00fc yay\u0131nlad\u0131\u011f\u0131 mesajla kutlad\u0131. Ba\u015fkan \u00d6zyi\u011fit, mesaj\u0131nda \u015fu ifadeleri kulland\u0131: \u201cGazetecilerin toplumu bilgilendirme g\u00f6revini \u00f6zg\u00fcrce yerine getirebildi\u011fi bir ortama kavu\u015fmalar\u0131, bireylerin &hellip; <a href=\"https:\/\/akdenizolaygazetesi.com\/?p=23451\" class=\"more-link\">Devam\u0131n\u0131 Oku&#8230;<\/a><\/p>\n","protected":false},"author":2,"featured_media":23452,"comment_status":"open","ping_status":"open","sticky":false,"template":"","format":"standard","meta":[],"categories":[3],"tags":[],"_links":{"self":[{"href":"https:\/\/akdenizolaygazetesi.com\/index.php?rest_route=\/wp\/v2\/posts\/23451"}],"collection":[{"href":"https:\/\/akdenizolaygazetesi.com\/index.php?rest_route=\/wp\/v2\/posts"}],"about":[{"href":"https:\/\/akdenizolaygazetesi.com\/index.php?rest_route=\/wp\/v2\/types\/post"}],"author":[{"embeddable":true,"href":"https:\/\/akdenizolaygazetesi.com\/index.php?rest_route=\/wp\/v2\/users\/2"}],"replies":[{"embeddable":true,"href":"https:\/\/akdenizolaygazetesi.com\/index.php?rest_route=%2Fwp%2Fv2%2Fcomments&post=23451"}],"version-history":[{"count":1,"href":"https:\/\/akdenizolaygazetesi.com\/index.php?rest_route=\/wp\/v2\/posts\/23451\/revisions"}],"predecessor-version":[{"id":23453,"href":"https:\/\/akdenizolaygazetesi.com\/index.php?rest_route=\/wp\/v2\/posts\/23451\/revisions\/23453"}],"wp:featuredmedia":[{"embeddable":true,"href":"https:\/\/akdenizolaygazetesi.com\/index.php?rest_route=\/wp\/v2\/media\/23452"}],"wp:attachment":[{"href":"https:\/\/akdenizolaygazetesi.com\/index.php?rest_route=%2Fwp%2Fv2%2Fmedia&parent=23451"}],"wp:term":[{"taxonomy":"category","embeddable":true,"href":"https:\/\/akdenizolaygazetesi.com\/index.php?rest_route=%2Fwp%2Fv2%2Fcategories&post=23451"},{"taxonomy":"post_tag","embeddable":true,"href":"https:\/\/akdenizolaygazetesi.com\/index.php?rest_route=%2Fwp%2Fv2%2Ftags&post=23451"}],"curies":[{"name":"wp","href":"https:\/\/api.w.org\/{rel}","templated":true}]}}