{"id":23462,"date":"2023-01-11T12:29:24","date_gmt":"2023-01-11T09:29:24","guid":{"rendered":"http:\/\/akdenizolaygazetesi.com\/?p=23462"},"modified":"2023-01-11T12:29:24","modified_gmt":"2023-01-11T09:29:24","slug":"mersinde-3-gun-boyunca-edebiyat-ruzgari-esecek","status":"publish","type":"post","link":"https:\/\/akdenizolaygazetesi.com\/?p=23462","title":{"rendered":"MERS\u0130N&#8217;DE 3 G\u00dcN BOYUNCA EDEB\u0130YAT R\u00dcZG\u00c2RI ESECEK"},"content":{"rendered":"<p>Mersin B\u00fcy\u00fck\u015fehir Belediyesi, Ba\u015fkan Vahap Se\u00e7er \u00f6nc\u00fcl\u00fc\u011f\u00fcnde kente yeni bir festival daha kazand\u0131r\u0131yor. Adeta festivaller havas\u0131na b\u00fcr\u00fcnen kentte, bu kez &#8216;Mersin Edebiyat Festivali&#8217; d\u00fczenleniyor. Haz\u0131rl\u0131klar\u0131n tamamland\u0131\u011f\u0131 festival, 13-15 Ocak tarihleri aras\u0131nda Mersin ve T\u00fcrkiye&#8217;nin birbirinden de\u011ferli \u015fair ve yazarlar\u0131n\u0131n kat\u0131l\u0131m\u0131yla ger\u00e7ekle\u015fecek. Mersinliler, festivalin adresi B\u00fcy\u00fck\u015fehir Belediyesi Kongre ve Sergi Saray\u0131&#8217;nda 3 g\u00fcn boyunca \u015fiir dinletileri, at\u00f6lyeler ve s\u00f6yle\u015filerde bulu\u015farak, sanat dolu bir festivalin tad\u0131n\u0131 \u00e7\u0131karacak.<\/p>\n<p>Festival \u00f6ncesi, T\u00fcrkiye&#8217;nin en g\u00fczel okuma salonu hizmete a\u00e7\u0131lacak<\/p>\n<p>Festival \u00f6ncesinde; B\u00fcy\u00fck\u015fehir Belediyesi taraf\u0131ndan K\u00fclt\u00fcr Park i\u00e7erisinde yap\u0131m\u0131 tamamlanan, denizin s\u0131f\u0131r noktas\u0131ndaki T\u00fcrkiye&#8217;nin en g\u00fczel okuma salonunun da a\u00e7\u0131l\u0131\u015f\u0131 yap\u0131lacak. E\u011fitime ve gen\u00e7lere b\u00fcy\u00fck \u00f6nem veren Ba\u015fkan Vahap Se\u00e7er&#8217;in kente kazand\u0131rd\u0131\u011f\u0131 8&#8217;inci okuma salonu &#8216;Adres Okuma Salonu&#8217;nun a\u00e7\u0131l\u0131\u015f\u0131, yazar Ahmet \u00dcmit&#8217;in de kat\u0131l\u0131m\u0131yla ger\u00e7ekle\u015ftirilerek, Mersinlilerin hizmetine sunulacak. Her ya\u015ftan vatanda\u015f\u0131n \u00fccretsiz olarak faydalanabilece\u011fi 150 ki\u015filik kapasiteye sahip yap\u0131da; dijital okuma salonu, 16 bilgisayar ve farkl\u0131 kategorilerde 10 bin kitap yer al\u0131yor. Ayr\u0131ca, &#8216;Adres Okuma Salonu&#8217;na gelen vatanda\u015flar \u00e7ay, kahve ve internet hizmetlerinden \u00fccretsiz olarak yararlanabilecek.<\/p>\n<p>\u00d6zd\u00fclger: &#8220;Edebiyat\u0131, Mersin&#8217;de b\u00f6yle bir festivalle ta\u00e7land\u0131r\u0131yoruz&#8221;<\/p>\n<p>Mersin B\u00fcy\u00fck\u015fehir Belediyesi K\u00fclt\u00fcr ve Sosyal \u0130\u015fler Dairesi Ba\u015fkanl\u0131\u011f\u0131 Koordinat\u00f6r\u00fc ve Opera Sanat\u00e7\u0131s\u0131 Bengi \u0130spir \u00d6zd\u00fclger, bu y\u0131l ilk kez d\u00fczenlenecek &#8216;Mersin Edebiyat Festivali&#8217;nin heyecan\u0131n\u0131 ya\u015fad\u0131klar\u0131n\u0131 belirtti. Festivalin haz\u0131rl\u0131klar\u0131n\u0131 tamamlad\u0131klar\u0131n\u0131 s\u00f6yleyen \u00d6zd\u00fclger,  &#8220;Mersin Edebiyat Festivali, bizim ger\u00e7ekten \u00e7ok \u00f6nemsedi\u011fimiz bir \u00e7al\u0131\u015fma ve bunu yap\u0131yor olman\u0131n da gurur ve mutlulu\u011funu ya\u015f\u0131yoruz. Sanat dallar\u0131n\u0131n en \u00f6nemli disiplinlerinden biri olan edebiyat\u0131n, Mersin&#8217;de b\u00f6yle bir festivalle ta\u00e7land\u0131r\u0131lmas\u0131 olmazsa olmaz\u0131m\u0131zd\u0131. \u00c7\u00fcnk\u00fc bir\u00e7ok \u00f6nemli \u015fairi ve yazar\u0131 yeti\u015ftirmi\u015f, ba\u011fr\u0131nda bar\u0131nd\u0131rm\u0131\u015f \u015fansl\u0131 \u015fehirlerden biriyiz&#8221; dedi.<\/p>\n<p>&#8220;B\u00fcy\u00fck\u015fehir Belediyesi olarak, festivallerin birle\u015ftirici g\u00fcc\u00fcn\u00fcn fark\u0131nday\u0131z&#8221;<\/p>\n<p>Festival boyunca \u015fiir dinletileri, at\u00f6lye \u00e7al\u0131\u015fmalar\u0131 ve s\u00f6yle\u015filer d\u00fczenlenece\u011fini aktaran \u00d6zd\u00fclger, &#8220;Elbette ki m\u00fczik de sanat\u0131n \u00f6nemli kollar\u0131ndan biri. \u00dcnl\u00fc \u015fairlerin bestelenmi\u015f eserlerinden de bir konser ger\u00e7ekle\u015fecek. Dolu dolu ge\u00e7ecek olan bir festival bu. Biz Mersin B\u00fcy\u00fck\u015fehir Belediyesi olarak, festivallerin birle\u015ftirici g\u00fcc\u00fcn\u00fcn de fark\u0131nday\u0131z. T\u0131pk\u0131, &#8216;Uluslararas\u0131 Tarsus Festivali&#8217;nde yapt\u0131\u011f\u0131m\u0131z gibi, &#8216;Gen\u00e7lik Festivali&#8217;nin organizasyonunda hissetti\u011fimiz gibi, &#8216;Mersin Edebiyat Festivali&#8217; de bizi son derece heyecanland\u0131ran, \u015fehirde yank\u0131s\u0131n\u0131n uzun s\u00fcre devam edece\u011fine inand\u0131\u011f\u0131m\u0131z k\u0131ymetli bir \u00e7al\u0131\u015fma olacak&#8221; diye konu\u015ftu.<\/p>\n<p>&#8220;Kentimizin, ayn\u0131 zamanda bir edebiyat kenti olarak da an\u0131lmas\u0131n\u0131 istiyoruz&#8221;<\/p>\n<p>Mersin B\u00fcy\u00fck\u015fehir Belediyesi olarak k\u00fclt\u00fcrel ve sanatsal \u00e7al\u0131\u015fmalar\u0131n ne kadar \u00f6nem ta\u015f\u0131d\u0131\u011f\u0131n\u0131n ve bu \u00e7al\u0131\u015fmalar\u0131n halka her \u015fekilde yay\u0131lmas\u0131 gerekti\u011finin bilincinde olduklar\u0131n\u0131 s\u00f6yleyen \u00d6zd\u00fclger, Mersin Edebiyat Festivali&#8217;nin de b\u00fcnyesinde olduk\u00e7a zengin bir i\u00e7erik bar\u0131nd\u0131rd\u0131\u011f\u0131n\u0131 ifade etti. \u00d6zd\u00fclger, &#8220;Kentimizin bir edebiyat kenti olarak da an\u0131lmas\u0131n\u0131 istiyoruz, \u00e7\u00fcnk\u00fc bunu hak etti\u011fini biliyoruz. Bu noktada 13, 14 ve 15 Ocak&#8217;ta ger\u00e7ekle\u015fecek 3 g\u00fcnl\u00fck festival boyunca, Mersinli sanatseverler olarak \u00e7ok \u00f6nemli \u015fair ve yazarlarla beraber olma f\u0131rsat\u0131na eri\u015fece\u011fiz&#8221; dedi.<\/p>\n<p>Festivalde ilklerin de ya\u015fanaca\u011f\u0131n\u0131 dile getiren \u00d6zd\u00fclger, &#8216;\u0130lyas Halil Hik\u00e2ye \u00d6d\u00fcl\u00fc&#8217;, Mersin&#8217;in k\u0131ymetli \u015fairlerinden &#8216;Rehber Ayd\u0131n&#8217; ad\u0131na d\u00fczenlenen \u015fiir yar\u0131\u015fmas\u0131 \u00f6d\u00fcl\u00fc, &#8216;Hik\u00e2yelerle Ku\u015faktan Ku\u015fa\u011fa Mersin&#8217; An\u0131- Hik\u00e2ye \u00d6d\u00fcl\u00fc ve bu y\u0131l ikincisi d\u00fczenlenen &#8216;Mersin Roman \u00d6d\u00fcl\u00fc&#8217;n\u00fcn de festival kapsam\u0131nda sahiplerine teslim edilece\u011fi bilgisini verdi. Festivalin, Mersinli \u015fair ve yazarlar\u0131n kitap kapaklar\u0131ndan olu\u015fan bir sergiyi de i\u00e7inde bar\u0131nd\u0131raca\u011f\u0131n\u0131 belirten \u00d6zd\u00fclger, Mersin&#8217;de ya\u015fayan t\u00fcm sanatseverleri festivale davet etti.<\/p>\n<p>Prof. Sakall\u0131: &#8220;Mersin, kendi sanat toplulu\u011fuyla kar\u015f\u0131la\u015fs\u0131n istedik&#8221;<\/p>\n<p>Festivalin temas\u0131n\u0131n &#8216;Kar\u015f\u0131la\u015fmalar&#8217; olaca\u011f\u0131n\u0131 belirten, Mersin \u00dcniversitesi \u0130nsan ve Toplum Bilimleri Fak\u00fcltesi Kar\u015f\u0131la\u015ft\u0131rmal\u0131 Edebiyat Anabilim Dal\u0131 \u00d6\u011fretim \u00dcyesi ve Mersin Edebiyat Festivali Koordinat\u00f6r\u00fc Prof. Dr. Cemal Sakall\u0131 ise, &#8220;Kar\u015f\u0131la\u015fmalar ile &#8216;Mersin, Mersin&#8217;de ya\u015fayan yazarlarla bir kar\u015f\u0131la\u015fs\u0131n&#8217; dedik. Yani, &#8216;Mersin kendi sanat d\u00fcnyas\u0131yla, sanat toplulu\u011fuyla kar\u015f\u0131la\u015fs\u0131n&#8217; dedik ve bunu da ba\u015fard\u0131\u011f\u0131m\u0131z\u0131 d\u00fc\u015f\u00fcn\u00fcyorum. Festivalin temas\u0131 ile ilgili olarak da ayn\u0131 zamanda; yazarlarla, yazma esnas\u0131nda nelerle kar\u015f\u0131la\u015ft\u0131klar\u0131n\u0131, yazmaya esin kayna\u011f\u0131 olan \u015feyleri sanatseverlerin g\u00f6rmesini istedik. Bu vesileyle \u00e7ok iyi, \u00e7ok okunur yazarlar\u0131m\u0131z\u0131 ve \u015fairlerimizi buraya davet ettik&#8221; dedi.  <\/p>\n<p>&#8220;Naz\u0131m Hikmet&#8217;in do\u011fum g\u00fcn\u00fcn\u00fc \u015fairlerle birlikte kutlayaca\u011f\u0131z&#8221;<\/p>\n<p>\u00dcnl\u00fc yazar Ahmet \u00dcmit&#8217;in de festivalin a\u00e7\u0131l\u0131\u015f\u0131nda bulunaca\u011f\u0131n\u0131 s\u00f6yleyen Prof. Dr. Sakall\u0131, 2&#8217;nci g\u00fcn \u015eebnem \u0130\u015fig\u00fczel, G\u00fcrsel Korat ve Kemal Varol&#8217;un, 3&#8217;\u00fcnc\u00fc g\u00fcn ise M\u00fcge \u0130plik\u00e7i ve Nursel Durul&#8217;un, festival kapsam\u0131nda Mersinli edebiyatseverlerle bir araya gelece\u011fini s\u00f6yledi. Prof. Dr. Cemal Sakall\u0131, &#8220;Festivalimizin son g\u00fcn\u00fc olan 15 Ocak, ayn\u0131 zamanda Naz\u0131m Hikmet&#8217;in de do\u011fum g\u00fcn\u00fc. Naz\u0131m Hikmet&#8217;in do\u011fum g\u00fcn\u00fcn\u00fc \u015fairlerle birlikte kutlayaca\u011f\u0131z ve sevgili Mersinlilere \u00e7ok g\u00fczel bir sanat etkinli\u011fi, edebiyat festivali d\u00fczenleyece\u011fiz&#8221; dedi.<\/p>\n","protected":false},"excerpt":{"rendered":"<p>Mersin B\u00fcy\u00fck\u015fehir Belediyesi, Ba\u015fkan Vahap Se\u00e7er \u00f6nc\u00fcl\u00fc\u011f\u00fcnde kente yeni bir festival daha kazand\u0131r\u0131yor. Adeta festivaller havas\u0131na b\u00fcr\u00fcnen kentte, bu kez &#8216;Mersin Edebiyat Festivali&#8217; d\u00fczenleniyor. Haz\u0131rl\u0131klar\u0131n tamamland\u0131\u011f\u0131 festival, 13-15 Ocak tarihleri &hellip; <a href=\"https:\/\/akdenizolaygazetesi.com\/?p=23462\" class=\"more-link\">Devam\u0131n\u0131 Oku&#8230;<\/a><\/p>\n","protected":false},"author":2,"featured_media":23463,"comment_status":"open","ping_status":"open","sticky":false,"template":"","format":"standard","meta":[],"categories":[2,3,5],"tags":[],"_links":{"self":[{"href":"https:\/\/akdenizolaygazetesi.com\/index.php?rest_route=\/wp\/v2\/posts\/23462"}],"collection":[{"href":"https:\/\/akdenizolaygazetesi.com\/index.php?rest_route=\/wp\/v2\/posts"}],"about":[{"href":"https:\/\/akdenizolaygazetesi.com\/index.php?rest_route=\/wp\/v2\/types\/post"}],"author":[{"embeddable":true,"href":"https:\/\/akdenizolaygazetesi.com\/index.php?rest_route=\/wp\/v2\/users\/2"}],"replies":[{"embeddable":true,"href":"https:\/\/akdenizolaygazetesi.com\/index.php?rest_route=%2Fwp%2Fv2%2Fcomments&post=23462"}],"version-history":[{"count":1,"href":"https:\/\/akdenizolaygazetesi.com\/index.php?rest_route=\/wp\/v2\/posts\/23462\/revisions"}],"predecessor-version":[{"id":23464,"href":"https:\/\/akdenizolaygazetesi.com\/index.php?rest_route=\/wp\/v2\/posts\/23462\/revisions\/23464"}],"wp:featuredmedia":[{"embeddable":true,"href":"https:\/\/akdenizolaygazetesi.com\/index.php?rest_route=\/wp\/v2\/media\/23463"}],"wp:attachment":[{"href":"https:\/\/akdenizolaygazetesi.com\/index.php?rest_route=%2Fwp%2Fv2%2Fmedia&parent=23462"}],"wp:term":[{"taxonomy":"category","embeddable":true,"href":"https:\/\/akdenizolaygazetesi.com\/index.php?rest_route=%2Fwp%2Fv2%2Fcategories&post=23462"},{"taxonomy":"post_tag","embeddable":true,"href":"https:\/\/akdenizolaygazetesi.com\/index.php?rest_route=%2Fwp%2Fv2%2Ftags&post=23462"}],"curies":[{"name":"wp","href":"https:\/\/api.w.org\/{rel}","templated":true}]}}