{"id":23465,"date":"2023-01-11T12:30:57","date_gmt":"2023-01-11T09:30:57","guid":{"rendered":"http:\/\/akdenizolaygazetesi.com\/?p=23465"},"modified":"2023-01-11T12:30:57","modified_gmt":"2023-01-11T09:30:57","slug":"mersin-itfaiyesi-2022-yilinda-da-basari-hikayeleri-yazdi","status":"publish","type":"post","link":"https:\/\/akdenizolaygazetesi.com\/?p=23465","title":{"rendered":"MERS\u0130N \u0130TFA\u0130YES\u0130, 2022 YILINDA DA BA\u015eARI H\u0130KAYELER\u0130 YAZDI"},"content":{"rendered":"<p>Mersin B\u00fcy\u00fck\u015fehir Belediyesi, Ba\u015fkan Vahap Se\u00e7er \u00f6nc\u00fcl\u00fc\u011f\u00fcnde t\u00fcm birimleriyle takdir toplayan \u00e7al\u0131\u015fmalara imza atmaya devam ediyor. Bu birimlerden biri olan \u0130tfaiye Daire Ba\u015fkanl\u0131\u011f\u0131, \u00f6nceki y\u0131llarda oldu\u011fu gibi 2022 y\u0131l\u0131nda da vatanda\u015f\u0131n en acil durumunda yan\u0131nda oldu.<br \/>\nProfesyonel kadrosuyla vatanda\u015flar\u0131n g\u00f6nl\u00fcnde taht kuran ekip, ayn\u0131 zamanda ge\u00e7ti\u011fimiz y\u0131l i\u00e7erisinde d\u00fczenledikleri e\u011fitim \u00e7al\u0131\u015fmalar\u0131yla da, farkl\u0131 \u015fehirlerdeki itfaiye kurumlar\u0131na \u00f6rnek te\u015fkil etti.<br \/>\nAyd\u0131n: &#8220;Yang\u0131nlara canla ba\u015fla m\u00fcdahale ettik&#8221;<br \/>\n\u0130tfaiye Dairesi Ba\u015fkanl\u0131\u011f\u0131&#8217;n\u0131n 2022 y\u0131l\u0131nda ger\u00e7ekle\u015ftirdi\u011fi faaliyetler ve m\u00fcdahale etti\u011fi olaylar hakk\u0131nda bilgi veren \u0130tfaiye Daire Ba\u015fkan\u0131 Mehmet Bahtiyar Ayd\u0131n, y\u0131l boyunca \u00f6zellikle e\u011fitim konusunda ba\u015far\u0131l\u0131 projelere imza att\u0131klar\u0131n\u0131 belirtti.<br \/>\n\u0130tfaiye Dairesi&#8217;ne ba\u011fl\u0131 ekiplerin Mersin&#8217;deki yang\u0131nlar\u0131n d\u0131\u015f\u0131nda, farkl\u0131 illerde ve uzak noktada bulunan il\u00e7elerde ya\u015fanan orman yang\u0131nlar\u0131na da en k\u0131sa s\u00fcrede m\u00fcdahale ederek destek verdi\u011fini s\u00f6yleyen Ayd\u0131n, &#8220;Elbette \u00fcz\u00fcld\u00fc\u011f\u00fcm\u00fcz noktalar oldu. \u00d6zellikle B\u00fcy\u00fckeceli&#8217;deki b\u00fcy\u00fck orman yang\u0131n\u0131. Di\u011fer kurumlarla birlikte ortak \u00e7al\u0131\u015fmalar y\u00fcr\u00fctt\u00fck.  Arkada\u015flar\u0131m\u0131z ger\u00e7ekten canla ba\u015fla m\u00fcdahale ettiler. K\u0131sa zamanda kontrol alt\u0131na ald\u0131k. Bu yang\u0131n ile birlikte, 2021 y\u0131l\u0131na g\u00f6re \u00e7ok daha dikkatli ve duyarl\u0131 oldu\u011fumuzu, kendimizi geli\u015ftirdi\u011fimizi ifade etmi\u015f olduk&#8221; dedi.<br \/>\n&#8220;\u0130stasyon say\u0131m\u0131z\u0131 daha da art\u0131rmay\u0131 hedefliyoruz&#8221;<br \/>\n2022 y\u0131l\u0131nda itfaiye filosunu en \u00fcst seviyeye ta\u015f\u0131d\u0131klar\u0131n\u0131 s\u00f6yleyen Ayd\u0131n, &#8220;Filomuzda \u00e7ok \u00fcst seviyede 20 araca sahip olduk. En k\u0131sa zamanda da ATA E\u011fitim Merkezi&#8217;miz faaliyete ge\u00e7ecek. Ayr\u0131ca \u0130tfaiye Bilgi Sistemimizi, dijital d\u00fcnyadan kendi telefonlar\u0131m\u0131za ta\u015f\u0131may\u0131 ama\u00e7l\u0131yoruz. Kadromuzu k\u0131sa zamanda yol haritas\u0131ndan tutun, personellerin bir binaya gittiklerinde i\u00e7eride ka\u00e7 ki\u015fi ya\u015fad\u0131\u011f\u0131n\u0131 g\u00f6rebilece\u011fi bir pozisyona getirece\u011fiz. Bunlar en k\u0131sa zamanda bitecek ve biz de hizmetlerimizi daha iyi yapaca\u011f\u0131z. \u0130stasyonlar\u0131m\u0131z, e\u015f de\u011fer illere g\u00f6re \u00e7ok iyi. \u0130stasyon say\u0131lar\u0131n\u0131 art\u0131rmay\u0131 hedefliyoruz. B\u00f6ylelikle yang\u0131na m\u00fcdahale etme s\u00fcrecimiz daha h\u0131zl\u0131 olacak&#8221; diye konu\u015ftu.<br \/>\n&#8220;E\u011fitim faaliyetlerini ara vermeden s\u00fcrd\u00fcr\u00fcyoruz&#8221;<br \/>\nY\u0131l i\u00e7erisinde e\u011fitim faaliyetlerini de ara vermeden s\u00fcrd\u00fcrd\u00fcklerini s\u00f6yleyen Ayd\u0131n, &#8220;Bu e\u011fitimleri anaokulundan itibaren vermeye \u00e7al\u0131\u015f\u0131yoruz. \u00d6nce kendimizi dinamik olarak din\u00e7 tutmaya \u00e7al\u0131\u015f\u0131yoruz. Bunlar\u0131 yaparken, \u00f6zellikle sivil toplum \u00f6rg\u00fctleriyle birlikte protokollerimiz oluyor. Sivil toplum \u00f6rg\u00fctlerini, kendi \u00e7al\u0131\u015fmalar\u0131m\u0131z i\u00e7erisine entegre etmeye \u00e7al\u0131\u015f\u0131yoruz. Her \u015feyi biz d\u00fc\u015f\u00fcnemeyebiliriz veya g\u00f6remeyebiliriz, ama onlarla birlikte her noktaya ula\u015fabilecek pozisyonlar olu\u015fturmaya \u00e7al\u0131\u015f\u0131yoruz&#8221; ifadelerini kulland\u0131.<br \/>\n&#8220;K\u00f6pekli Arama Kurtarma \u00c7al\u0131\u015ftay\u0131 ile bir ilke imza att\u0131k&#8221;<br \/>\nGe\u00e7ti\u011fimiz aylarda T\u00fcrkiye&#8217;nin d\u00f6rt bir yan\u0131ndan gelen itfaiye personelleri ve uzmanlar\u0131n kat\u0131l\u0131m\u0131yla ger\u00e7ekle\u015ftirdikleri &#8216;K\u00f6pekli Arama Kurtarma \u00c7al\u0131\u015ftay\u0131&#8217; ile bir ilke imza att\u0131klar\u0131n\u0131 s\u00f6yleyen Ayd\u0131n, &#8220;Bu \u00e7al\u0131\u015ftaya 2 farkl\u0131 \u00fcniversiteden \u00e7ok de\u011ferli hocalar\u0131m\u0131z, k\u00f6pek federasyonlar\u0131 ve derneklerinden kat\u0131lan arkada\u015flar oldu&#8221; dedi. Daire Ba\u015fkanl\u0131\u011f\u0131 olarak karada oldu\u011fu gibi, denizde de faaliyetler s\u00fcrd\u00fcrd\u00fcklerini s\u00f6zlerine ekleyen Ayd\u0131n, &#8220;ODT\u00dc ile resif \u00e7al\u0131\u015fmas\u0131 yapt\u0131k. \u00d6zellikle denizdeki bal\u0131klar\u0131n \u00fcremesi i\u00e7in, ortak faaliyetlerde bulunduk. Bunu bir sonraki safhada caretta kaplumba\u011falar i\u00e7in de devam ettirmeyi d\u00fc\u015f\u00fcn\u00fcyoruz&#8221; diye konu\u015ftu.<\/p>\n","protected":false},"excerpt":{"rendered":"<p>Mersin B\u00fcy\u00fck\u015fehir Belediyesi, Ba\u015fkan Vahap Se\u00e7er \u00f6nc\u00fcl\u00fc\u011f\u00fcnde t\u00fcm birimleriyle takdir toplayan \u00e7al\u0131\u015fmalara imza atmaya devam ediyor. Bu birimlerden biri olan \u0130tfaiye Daire Ba\u015fkanl\u0131\u011f\u0131, \u00f6nceki y\u0131llarda oldu\u011fu gibi 2022 y\u0131l\u0131nda da &hellip; <a href=\"https:\/\/akdenizolaygazetesi.com\/?p=23465\" class=\"more-link\">Devam\u0131n\u0131 Oku&#8230;<\/a><\/p>\n","protected":false},"author":2,"featured_media":23466,"comment_status":"open","ping_status":"open","sticky":false,"template":"","format":"standard","meta":[],"categories":[1,2,3,5],"tags":[],"_links":{"self":[{"href":"https:\/\/akdenizolaygazetesi.com\/index.php?rest_route=\/wp\/v2\/posts\/23465"}],"collection":[{"href":"https:\/\/akdenizolaygazetesi.com\/index.php?rest_route=\/wp\/v2\/posts"}],"about":[{"href":"https:\/\/akdenizolaygazetesi.com\/index.php?rest_route=\/wp\/v2\/types\/post"}],"author":[{"embeddable":true,"href":"https:\/\/akdenizolaygazetesi.com\/index.php?rest_route=\/wp\/v2\/users\/2"}],"replies":[{"embeddable":true,"href":"https:\/\/akdenizolaygazetesi.com\/index.php?rest_route=%2Fwp%2Fv2%2Fcomments&post=23465"}],"version-history":[{"count":1,"href":"https:\/\/akdenizolaygazetesi.com\/index.php?rest_route=\/wp\/v2\/posts\/23465\/revisions"}],"predecessor-version":[{"id":23467,"href":"https:\/\/akdenizolaygazetesi.com\/index.php?rest_route=\/wp\/v2\/posts\/23465\/revisions\/23467"}],"wp:featuredmedia":[{"embeddable":true,"href":"https:\/\/akdenizolaygazetesi.com\/index.php?rest_route=\/wp\/v2\/media\/23466"}],"wp:attachment":[{"href":"https:\/\/akdenizolaygazetesi.com\/index.php?rest_route=%2Fwp%2Fv2%2Fmedia&parent=23465"}],"wp:term":[{"taxonomy":"category","embeddable":true,"href":"https:\/\/akdenizolaygazetesi.com\/index.php?rest_route=%2Fwp%2Fv2%2Fcategories&post=23465"},{"taxonomy":"post_tag","embeddable":true,"href":"https:\/\/akdenizolaygazetesi.com\/index.php?rest_route=%2Fwp%2Fv2%2Ftags&post=23465"}],"curies":[{"name":"wp","href":"https:\/\/api.w.org\/{rel}","templated":true}]}}