{"id":23474,"date":"2023-01-11T12:37:48","date_gmt":"2023-01-11T09:37:48","guid":{"rendered":"http:\/\/akdenizolaygazetesi.com\/?p=23474"},"modified":"2023-01-11T12:37:48","modified_gmt":"2023-01-11T09:37:48","slug":"dunyaca-unlu-ressam-gurbuz-dogan-eksioglu-mersinlilerle-bulusuyor","status":"publish","type":"post","link":"https:\/\/akdenizolaygazetesi.com\/?p=23474","title":{"rendered":"D\u00fcnyaca \u00fcnl\u00fc ressam G\u00fcrb\u00fcz Do\u011fan Ek\u015fio\u011flu, Mersinlilerle bulu\u015fuyor"},"content":{"rendered":"<p>Mersin Yeni\u015fehir Belediyesi,  kurdu\u011fu sanat galerileriyle d\u00fcnyaca \u00fcnl\u00fc isimleri Mersinlilerle bulu\u015fturmaya devam ediyor. Yeni\u015fehir Belediyesi ve Brieflart \u0130stanbul i\u015fbirli\u011fiyle \u00fcnl\u00fc ressam ve grafik sanat\u00e7\u0131s\u0131 G\u00fcrb\u00fcz Do\u011fan Ek\u015fio\u011flu\u2019nun \u201cBenim Kedilerim\u201d isimli ki\u015fisel resim sergisi Yeni\u015fehir Belediyesi Ahmet Ye\u015fil Sanat Galerisi\u2019nde kap\u0131lar\u0131n\u0131 a\u00e7acak. G\u00fcrb\u00fcz Do\u011fan Ek\u015fio\u011flu da serginin a\u00e7\u0131l\u0131\u015f\u0131nda sanatseverlerle bulu\u015facak.<br \/>\nD\u00fcnyaca \u00fcnl\u00fc ressam ve grafik sanat\u00e7\u0131s\u0131 G\u00fcrb\u00fcz Do\u011fan Ek\u015fio\u011flu\u2019nun \u201cBenim Kedilerim\u201d isimli ki\u015fisel resim sergisi 13 Ocak Cuma g\u00fcn\u00fc saat 17.30\u2019da Yeni\u015fehir Belediyesi Ahmet Ye\u015fil Sanat Galerisi\u2019nde Mersinlilerin be\u011fenisine sunulacak. Mersin Yeni\u015fehir Belediye Ba\u015fkan\u0131 Abdullah \u00d6zyi\u011fit, G\u00fcrb\u00fcz Do\u011fan Ek\u015fio\u011flu gibi \u00f6nemli bir sanat\u00e7\u0131y\u0131 Mersin\u2019de a\u011f\u0131rlamaktan dolay\u0131 mutlu olduklar\u0131n\u0131 ifade ederek,  sanatseverleri \u201cBenim Kedilerim\u201d sergisine davet etti.Mersin Yeni\u015fehir Belediyesi 2020 y\u0131l\u0131nda a\u00e7t\u0131\u011f\u0131 Yeni\u015fehir Belediyesi Sanat Galerisi ve Yeni\u015fehir Belediyesi Ahmet Ye\u015fil Sanat Galerisi ile birbirinden de\u011ferli sanat\u00e7\u0131lar\u0131 ve sergilerini Mersinlilerle bulu\u015fturmay\u0131 s\u00fcrd\u00fcr\u00fcyor.<br \/>\n\u201cG\u00fcrb\u00fcz Do\u011fan Ek\u015fio\u011flu,d\u00fcnya \u00e7ap\u0131nda \u00f6d\u00fcller alm\u0131\u015f, \u00e7ok k\u0131ymetli bir sanat\u00e7\u0131\u201d<br \/>\nSanat\u0131n toplumu iyile\u015ftirdi\u011fi olgusuyla sanatsal etkinlikleri hayata ge\u00e7iren Mersin Yeni\u015fehir Belediye Ba\u015fkan\u0131 Abdullah \u00d6zyi\u011fit\u201cYeni\u015fehir Belediyesi Sanat Galerisi ve Yeni\u015fehir Belediyesi Ahmet Ye\u015fil Sanat Galerimiz, faaliyete ge\u00e7irdi\u011fimiz g\u00fcnden bu yana de\u011ferli sanat\u00e7\u0131lara ve sergilere ev sahipli\u011fi yap\u0131yor. 13 Ocak Cuma g\u00fcn\u00fc ise G\u00fcrb\u00fcz Do\u011fan Ek\u015fio\u011flu gibi d\u00fcnyan\u0131n farkl\u0131 \u00fclkelerinde de eserleri sergilenen bir isimin sergisini a\u00e7aca\u011f\u0131z. Ek\u015fio\u011flu eserleriyle d\u00fcnya \u00e7ap\u0131nda \u00f6d\u00fcller alm\u0131\u015f, \u00e7ok k\u0131ymetli bir sanat\u00e7\u0131.  T\u00fcm sanatsever hem\u015fehrilerimi bekliyorum.\u201d dedi.<br \/>\n\u201cBenim Kedilerim\u201d sergisi 13 Ocak \u2013 24 \u015eubat 2023 tarihleri aras\u0131nda Yeni\u015fehir Belediyesi Ahmet Ye\u015fil Sanat Galerisi\u2019nde a\u00e7\u0131k olacak.<\/p>\n","protected":false},"excerpt":{"rendered":"<p>Mersin Yeni\u015fehir Belediyesi, kurdu\u011fu sanat galerileriyle d\u00fcnyaca \u00fcnl\u00fc isimleri Mersinlilerle bulu\u015fturmaya devam ediyor. Yeni\u015fehir Belediyesi ve Brieflart \u0130stanbul i\u015fbirli\u011fiyle \u00fcnl\u00fc ressam ve grafik sanat\u00e7\u0131s\u0131 G\u00fcrb\u00fcz Do\u011fan Ek\u015fio\u011flu\u2019nun \u201cBenim Kedilerim\u201d isimli &hellip; <a href=\"https:\/\/akdenizolaygazetesi.com\/?p=23474\" class=\"more-link\">Devam\u0131n\u0131 Oku&#8230;<\/a><\/p>\n","protected":false},"author":2,"featured_media":23475,"comment_status":"open","ping_status":"open","sticky":false,"template":"","format":"standard","meta":[],"categories":[1,2,3],"tags":[],"_links":{"self":[{"href":"https:\/\/akdenizolaygazetesi.com\/index.php?rest_route=\/wp\/v2\/posts\/23474"}],"collection":[{"href":"https:\/\/akdenizolaygazetesi.com\/index.php?rest_route=\/wp\/v2\/posts"}],"about":[{"href":"https:\/\/akdenizolaygazetesi.com\/index.php?rest_route=\/wp\/v2\/types\/post"}],"author":[{"embeddable":true,"href":"https:\/\/akdenizolaygazetesi.com\/index.php?rest_route=\/wp\/v2\/users\/2"}],"replies":[{"embeddable":true,"href":"https:\/\/akdenizolaygazetesi.com\/index.php?rest_route=%2Fwp%2Fv2%2Fcomments&post=23474"}],"version-history":[{"count":1,"href":"https:\/\/akdenizolaygazetesi.com\/index.php?rest_route=\/wp\/v2\/posts\/23474\/revisions"}],"predecessor-version":[{"id":23476,"href":"https:\/\/akdenizolaygazetesi.com\/index.php?rest_route=\/wp\/v2\/posts\/23474\/revisions\/23476"}],"wp:featuredmedia":[{"embeddable":true,"href":"https:\/\/akdenizolaygazetesi.com\/index.php?rest_route=\/wp\/v2\/media\/23475"}],"wp:attachment":[{"href":"https:\/\/akdenizolaygazetesi.com\/index.php?rest_route=%2Fwp%2Fv2%2Fmedia&parent=23474"}],"wp:term":[{"taxonomy":"category","embeddable":true,"href":"https:\/\/akdenizolaygazetesi.com\/index.php?rest_route=%2Fwp%2Fv2%2Fcategories&post=23474"},{"taxonomy":"post_tag","embeddable":true,"href":"https:\/\/akdenizolaygazetesi.com\/index.php?rest_route=%2Fwp%2Fv2%2Ftags&post=23474"}],"curies":[{"name":"wp","href":"https:\/\/api.w.org\/{rel}","templated":true}]}}