{"id":23478,"date":"2023-01-12T13:29:00","date_gmt":"2023-01-12T10:29:00","guid":{"rendered":"http:\/\/akdenizolaygazetesi.com\/?p=23478"},"modified":"2023-01-12T13:29:00","modified_gmt":"2023-01-12T10:29:00","slug":"koca-kizilbag-ilkokulunda-ogrencilerimizin-sofrasina-konuk-oldu","status":"publish","type":"post","link":"https:\/\/akdenizolaygazetesi.com\/?p=23478","title":{"rendered":"KOCA KIZILBA\u011e \u0130LKOKULU&#8217;NDA \u00d6\u011eRENC\u0130LER\u0130M\u0130Z\u0130N SOFRASINA KONUK OLDU"},"content":{"rendered":"<p>\u0130l Milli E\u011fitim M\u00fcd\u00fcr\u00fcm\u00fcz Say\u0131n Adem KOCA, ta\u015f\u0131ma merkezli Toroslar K\u0131z\u0131lba\u011f \u0130lkokulu&#8217;nda, \u00f6\u011fle yeme\u011finde \u00f6\u011frencilerimizin sofras\u0131na konuk oldu.<br \/>\nTa\u015f\u0131ma merkezli olan ve \u00fccretsiz yemek verilen Toroslar K\u0131z\u0131lba\u011f \u0130lkokulu&#8217;nda \u00f6\u011frencilerimize yemek da\u011f\u0131tan ve yak\u0131ndan ilgilenen Say\u0131n Adem KOCA:<br \/>\n &#8220;\u00d6\u011frencilerimizle ayn\u0131 sofray\u0131 payla\u015fmak, onlarla bu vesileye bir araya gelerek sohbet etmek; dertlerine, ne\u015felerine ortak olmak \u00e7ok k\u0131ymetli bir deneyim. Bakanl\u0131\u011f\u0131m\u0131z\u0131n sosyal politikalar\u0131 ve &#8220;2023 T\u00fcrkiye Y\u00fczy\u0131l\u0131, E\u011fitimin Y\u00fczy\u0131l\u0131&#8221; vizyonu kapsam\u0131nda evlatlar\u0131m\u0131za sundu\u011fumuz \u00fccretsiz yemek hizmeti  bizlere gurur veriyor. \u0130limizde 2022-2023 E\u011fitim Y\u0131l\u0131 ikinci d\u00f6neminin ba\u015flayaca\u011f\u0131 6 \u015eubat tarihi itibariyle 37.069 \u00f6\u011frencimize \u00fccretsiz yemek sunaca\u011f\u0131z.  \u00d6\u011frencilerimizle ayn\u0131 sofray\u0131 payla\u015fmaya devam edece\u011fiz. Biz Mersin&#8217;de e\u011fitim camias\u0131 olarak meslekta\u015flar\u0131m\u0131zla, \u00f6\u011frencilerimizle b\u00fcy\u00fck bir aileyiz. Mersin \u0130l Milli E\u011fitim M\u00fcd\u00fcrl\u00fc\u011f\u00fc olarak ilimizin her noktas\u0131nda \u00f6\u011frencilerimizin yan\u0131nda olmaya, evlatlar\u0131m\u0131za ihtiya\u00e7 duyduklar\u0131 her konuda destek olmaya devam edece\u011fiz.&#8221; dedi.<\/p>\n","protected":false},"excerpt":{"rendered":"<p>\u0130l Milli E\u011fitim M\u00fcd\u00fcr\u00fcm\u00fcz Say\u0131n Adem KOCA, ta\u015f\u0131ma merkezli Toroslar K\u0131z\u0131lba\u011f \u0130lkokulu&#8217;nda, \u00f6\u011fle yeme\u011finde \u00f6\u011frencilerimizin sofras\u0131na konuk oldu. Ta\u015f\u0131ma merkezli olan ve \u00fccretsiz yemek verilen Toroslar K\u0131z\u0131lba\u011f \u0130lkokulu&#8217;nda \u00f6\u011frencilerimize yemek &hellip; <a href=\"https:\/\/akdenizolaygazetesi.com\/?p=23478\" class=\"more-link\">Devam\u0131n\u0131 Oku&#8230;<\/a><\/p>\n","protected":false},"author":2,"featured_media":23479,"comment_status":"open","ping_status":"open","sticky":false,"template":"","format":"standard","meta":[],"categories":[3],"tags":[],"_links":{"self":[{"href":"https:\/\/akdenizolaygazetesi.com\/index.php?rest_route=\/wp\/v2\/posts\/23478"}],"collection":[{"href":"https:\/\/akdenizolaygazetesi.com\/index.php?rest_route=\/wp\/v2\/posts"}],"about":[{"href":"https:\/\/akdenizolaygazetesi.com\/index.php?rest_route=\/wp\/v2\/types\/post"}],"author":[{"embeddable":true,"href":"https:\/\/akdenizolaygazetesi.com\/index.php?rest_route=\/wp\/v2\/users\/2"}],"replies":[{"embeddable":true,"href":"https:\/\/akdenizolaygazetesi.com\/index.php?rest_route=%2Fwp%2Fv2%2Fcomments&post=23478"}],"version-history":[{"count":1,"href":"https:\/\/akdenizolaygazetesi.com\/index.php?rest_route=\/wp\/v2\/posts\/23478\/revisions"}],"predecessor-version":[{"id":23480,"href":"https:\/\/akdenizolaygazetesi.com\/index.php?rest_route=\/wp\/v2\/posts\/23478\/revisions\/23480"}],"wp:featuredmedia":[{"embeddable":true,"href":"https:\/\/akdenizolaygazetesi.com\/index.php?rest_route=\/wp\/v2\/media\/23479"}],"wp:attachment":[{"href":"https:\/\/akdenizolaygazetesi.com\/index.php?rest_route=%2Fwp%2Fv2%2Fmedia&parent=23478"}],"wp:term":[{"taxonomy":"category","embeddable":true,"href":"https:\/\/akdenizolaygazetesi.com\/index.php?rest_route=%2Fwp%2Fv2%2Fcategories&post=23478"},{"taxonomy":"post_tag","embeddable":true,"href":"https:\/\/akdenizolaygazetesi.com\/index.php?rest_route=%2Fwp%2Fv2%2Ftags&post=23478"}],"curies":[{"name":"wp","href":"https:\/\/api.w.org\/{rel}","templated":true}]}}