{"id":23481,"date":"2023-01-12T13:30:54","date_gmt":"2023-01-12T10:30:54","guid":{"rendered":"http:\/\/akdenizolaygazetesi.com\/?p=23481"},"modified":"2023-01-12T13:30:54","modified_gmt":"2023-01-12T10:30:54","slug":"silifkede-cezaevi-kutuphanesi-icin-kitap-bagis-kampanyasi","status":"publish","type":"post","link":"https:\/\/akdenizolaygazetesi.com\/?p=23481","title":{"rendered":"Silifke\u2019de cezaevi k\u00fct\u00fcphanesi i\u00e7in kitap ba\u011f\u0131\u015f kampanyas\u0131"},"content":{"rendered":"<p>Adalet Bakanl\u0131\u011f\u0131 taraf\u0131ndan &#8220;Kitap \u0130yile\u015ftirir&#8221; slogan\u0131yla \u00fclke genelinde ba\u015flat\u0131lan &#8220;Ceza \u0130nfaz Kurumu K\u00fct\u00fcphaneleri \u0130\u00e7in Kitap Ba\u011f\u0131\u015f Kampanyas\u0131&#8221; \u00e7er\u00e7evesinde Silifke Adliyesinde kitap ba\u011f\u0131\u015f stand\u0131 kuruldu.<\/p>\n<p>Kampanyan\u0131n a\u00e7\u0131l\u0131\u015f program\u0131na, Silifke Belediye Ba\u015fkan\u0131 Sad\u0131k ALTUNOK, Silifke Cumhuriyet Ba\u015fsavc\u0131s\u0131 Selman ESK\u0130LER, Silifke Adli Yarg\u0131 \u0130lk Derece Mahkemesi Adalet Komisyonu Ba\u015fkan\u0131 Ferhat KORKMAZ, Baro Temsilcisi Avukat Onur \u0130SL\u0130M, \u0130l\u00e7e Emniyet M\u00fcd\u00fcr\u00fc \u0130smail PETEK, \u0130l\u00e7e Jandarma Komutan\u0131 B\u00fclent KESK\u0130NSOY, adalet te\u015fkilat\u0131 mensuplar\u0131, il\u00e7e kurum m\u00fcd\u00fcrleri ve sivil toplum kurulu\u015fu temsilcileri kat\u0131ld\u0131.<\/p>\n<p>Kitap Ba\u011f\u0131\u015f Kampanyas\u0131 hakk\u0131nda a\u00e7\u0131klamalarda bulunan Cumhuriyet Ba\u015fsavc\u0131s\u0131 Selman ESK\u0130LER, &#8220;Ceza ve g\u00fcvenlik tedbirlerinin infaz\u0131 ile ula\u015f\u0131lmak istenilen temel ama\u00e7, h\u00fck\u00fcml\u00fcn\u00fcn yeniden su\u00e7 i\u015flemesini engelleyici etkenleri g\u00fc\u00e7lendirmek, sosyalle\u015fmesini te\u015fvik etmek, mevzuata ve toplumsal kurallara sayg\u0131l\u0131 bir birey olarak \u0131slah edilmesini sa\u011flamak ve toplumu su\u00e7a kar\u015f\u0131 korumakt\u0131r. \u0130nfaz\u0131n bu temel amac\u0131 do\u011frultusunda; ceza infaz kurumlar\u0131m\u0131zda h\u00fck\u00fcml\u00fc ve tutuklular\u0131n kendilerini geli\u015ftirmeleri, bo\u015f zamanlar\u0131n\u0131 etkin bir \u015fekilde kullanmalar\u0131 amac\u0131yla k\u00fct\u00fcphaneler bulunmaktad\u0131r. Silifke Ceza \u0130nfaz Kurumu K\u00fct\u00fcphanemizde 4.300 civar\u0131 kitap bulunmaktad\u0131r. Bununla birlikte Silifke Halk K\u00fct\u00fcphanesinde bulunan 21.000 civar\u0131 kitaptan da h\u00fck\u00fcml\u00fc ve tutuklular faydalanmaktad\u0131r.\tCeza infaz kurumu k\u00fct\u00fcphanesindeki kitap say\u0131s\u0131n\u0131n artt\u0131r\u0131lmas\u0131 i\u00e7in Bakanl\u0131\u011f\u0131m\u0131z taraf\u0131ndan ba\u015flat\u0131lan kitap ba\u011f\u0131\u015f kampanyas\u0131 15 \u015eubat 2023 tarihine kadar devam edecektir. H\u00fck\u00fcml\u00fc ve tutuklular\u0131n iyile\u015ftirme ve \u0131slah \u00e7al\u0131\u015fmalar\u0131 kapsam\u0131nda ba\u015flat\u0131lan bu kampanyan\u0131n hay\u0131rl\u0131 u\u011furlu olmas\u0131n\u0131 diler, t\u00fcm kat\u0131l\u0131mc\u0131lara ve kampanyaya katk\u0131da bulunacak olanlara \u015fimdiden te\u015fekk\u00fcr ederim.&#8221; dedi.<\/p>\n","protected":false},"excerpt":{"rendered":"<p>Adalet Bakanl\u0131\u011f\u0131 taraf\u0131ndan &#8220;Kitap \u0130yile\u015ftirir&#8221; slogan\u0131yla \u00fclke genelinde ba\u015flat\u0131lan &#8220;Ceza \u0130nfaz Kurumu K\u00fct\u00fcphaneleri \u0130\u00e7in Kitap Ba\u011f\u0131\u015f Kampanyas\u0131&#8221; \u00e7er\u00e7evesinde Silifke Adliyesinde kitap ba\u011f\u0131\u015f stand\u0131 kuruldu. Kampanyan\u0131n a\u00e7\u0131l\u0131\u015f program\u0131na, Silifke Belediye Ba\u015fkan\u0131 &hellip; <a href=\"https:\/\/akdenizolaygazetesi.com\/?p=23481\" class=\"more-link\">Devam\u0131n\u0131 Oku&#8230;<\/a><\/p>\n","protected":false},"author":2,"featured_media":23482,"comment_status":"open","ping_status":"open","sticky":false,"template":"","format":"standard","meta":[],"categories":[2,3],"tags":[],"_links":{"self":[{"href":"https:\/\/akdenizolaygazetesi.com\/index.php?rest_route=\/wp\/v2\/posts\/23481"}],"collection":[{"href":"https:\/\/akdenizolaygazetesi.com\/index.php?rest_route=\/wp\/v2\/posts"}],"about":[{"href":"https:\/\/akdenizolaygazetesi.com\/index.php?rest_route=\/wp\/v2\/types\/post"}],"author":[{"embeddable":true,"href":"https:\/\/akdenizolaygazetesi.com\/index.php?rest_route=\/wp\/v2\/users\/2"}],"replies":[{"embeddable":true,"href":"https:\/\/akdenizolaygazetesi.com\/index.php?rest_route=%2Fwp%2Fv2%2Fcomments&post=23481"}],"version-history":[{"count":1,"href":"https:\/\/akdenizolaygazetesi.com\/index.php?rest_route=\/wp\/v2\/posts\/23481\/revisions"}],"predecessor-version":[{"id":23483,"href":"https:\/\/akdenizolaygazetesi.com\/index.php?rest_route=\/wp\/v2\/posts\/23481\/revisions\/23483"}],"wp:featuredmedia":[{"embeddable":true,"href":"https:\/\/akdenizolaygazetesi.com\/index.php?rest_route=\/wp\/v2\/media\/23482"}],"wp:attachment":[{"href":"https:\/\/akdenizolaygazetesi.com\/index.php?rest_route=%2Fwp%2Fv2%2Fmedia&parent=23481"}],"wp:term":[{"taxonomy":"category","embeddable":true,"href":"https:\/\/akdenizolaygazetesi.com\/index.php?rest_route=%2Fwp%2Fv2%2Fcategories&post=23481"},{"taxonomy":"post_tag","embeddable":true,"href":"https:\/\/akdenizolaygazetesi.com\/index.php?rest_route=%2Fwp%2Fv2%2Ftags&post=23481"}],"curies":[{"name":"wp","href":"https:\/\/api.w.org\/{rel}","templated":true}]}}