{"id":23484,"date":"2023-01-12T13:32:25","date_gmt":"2023-01-12T10:32:25","guid":{"rendered":"http:\/\/akdenizolaygazetesi.com\/?p=23484"},"modified":"2023-01-12T13:32:25","modified_gmt":"2023-01-12T10:32:25","slug":"adanalioglunda-tehlike-arz-eden-atiklar-temizleniyor","status":"publish","type":"post","link":"https:\/\/akdenizolaygazetesi.com\/?p=23484","title":{"rendered":"ADANALIO\u011eLU&#8217;NDA TEHL\u0130KE ARZ EDEN ATIKLAR TEM\u0130ZLEN\u0130YOR"},"content":{"rendered":"<p>Mersin B\u00fcy\u00fck\u015fehir Belediyesi \u0130klim De\u011fi\u015fikli\u011fi ve S\u0131f\u0131r At\u0131k Dairesi ekipleri, Adanal\u0131o\u011flu Mahallesi \u015e\u0131h \u0130brahim Hekim Caddesi&#8217;nde, yol kenar\u0131na y\u0131\u011f\u0131lan kanal at\u0131klar\u0131n\u0131 temizliyor.<br \/>\nSeralar\u0131n yo\u011funlukta oldu\u011fu Adanal\u0131o\u011flu Mahallesi \u015e\u0131h \u0130brahim Hekim Caddesi boyunca bulunan kanal, yakla\u015f\u0131k 5 ay \u00f6nce temizlendi. Ba\u015fka bir kurum taraf\u0131ndan temizlenen at\u0131klar\u0131n yol kenar\u0131na y\u0131\u011f\u0131lmas\u0131 sonucu yol daral\u0131rken, ara\u00e7 ve yaya ge\u00e7i\u015fleri i\u00e7in tehlike olu\u015fturmaya ba\u015flad\u0131. Mahalle halk\u0131 ve muhtar\u0131n talebi \u00fczerine b\u00f6lgeye giden B\u00fcy\u00fck\u015fehir Belediyesi \u0130klim De\u011fi\u015fikli\u011fi ve S\u0131f\u0131r At\u0131k Dairesi ekipleri, yol kenar\u0131na y\u0131\u011f\u0131lan at\u0131klar\u0131 kep\u00e7e ile temizlemeye ba\u015flad\u0131. Yakla\u015f\u0131k 3 kilometre boyunca yol kenar\u0131na y\u0131\u011f\u0131lan at\u0131klar, 4 g\u00fcn i\u00e7erisinde tamamen temizlenecek, s\u00fcr\u00fcc\u00fcler ile yolu kullanan vatanda\u015flar da rahat bir nefes alacak. Cadde \u00fczerinden toplanan at\u0131klar, yine B\u00fcy\u00fck\u015fehir Belediyesi&#8217;nin Sar\u0131ibrahimli&#8217;de bulunan tesisine g\u00f6nderilerek bertaraf\u0131 sa\u011flanacak.<\/p>\n<p>Bast\u0131: &#8220;At\u0131k temizli\u011fi 4 g\u00fcn s\u00fcrecek&#8221;<br \/>\nMersin B\u00fcy\u00fck\u015fehir Belediyesi \u0130klim De\u011fi\u015fikli\u011fi ve S\u0131f\u0131r At\u0131k Daire Ba\u015fkanl\u0131\u011f\u0131&#8217;nda Hafriyat Saha Amiri olarak g\u00f6rev yapan Jeoloji M\u00fchendisi Mustafa Bast\u0131, yap\u0131lan temizli\u011fi anlatt\u0131. Yol kenar\u0131na y\u0131\u011f\u0131lan at\u0131klar\u0131 k\u0131sa s\u00fcre i\u00e7erisinde temizleyeceklerini s\u00f6yleyen Bast\u0131, &#8220;Burayla ilgili gerek vatanda\u015flar\u0131m\u0131z, gerekse muhtarlar\u0131m\u0131zdan gelen \u015fikayetler \u00fczerine alana gelindi. Bu kenardaki at\u0131klar, dereden temizlenmi\u015f olan malzemeler. Toprakla kar\u0131\u015f\u0131k malzemeler. Buradan \u00e7\u0131kan malzemeler, yol kenar\u0131 boyunca komple devam ediyor. Bu at\u0131klar do\u011frudan Sar\u0131ibrahimli b\u00f6lgesinde bulunan bertaraf tesisimize g\u00f6nderiliyor. Caddenin komple temizli\u011fi yap\u0131lacak. Buran\u0131n temizli\u011fi, a\u015fa\u011f\u0131 yukar\u0131 3-4 g\u00fcn s\u00fcrecek. Bu \u00e7al\u0131\u015fmalar bittikten sonra, Yol Yap\u0131m Bak\u0131m ve Onar\u0131m Daire Ba\u015fkanl\u0131\u011f\u0131 da bir yol \u00e7al\u0131\u015fmas\u0131 yapacak&#8221; dedi.<\/p>\n<p>Muhtar Sakar: &#8220;Yol tehlike arz ediyordu&#8221;<br \/>\nAdanal\u0131o\u011flu Limonlu Mahalle Muhtar\u0131 \u0130sa Sakar, temizlik sonras\u0131 cadde kenar\u0131na b\u0131rak\u0131lan at\u0131klar\u0131n tehlike yaratt\u0131\u011f\u0131n\u0131 belirterek, &#8220;Be\u015f alt\u0131 ay \u00f6nce kanalda temizlik \u00e7al\u0131\u015fmas\u0131 yap\u0131ld\u0131 ve \u00e7\u0131kan at\u0131klar kenara koyuldu. Zaten yolumuz dar. \u0130ki araba ge\u00e7emiyor. Otob\u00fcsler buradan ge\u00e7iyor. Tehlike arz etti\u011fi i\u00e7in ben de B\u00fcy\u00fck\u015fehir&#8217;e ba\u015fvurdum&#8221; diye belirtti.<br \/>\nTalebine k\u0131sa s\u00fcrede cevap verildi\u011fini s\u00f6yleyen Muhtar Sakar, &#8220;Daire ba\u015fkanlar\u0131 bize hemen d\u00f6n\u00fc\u015f yap\u0131yorlar. B\u00fcy\u00fck\u015fehir Belediyesi \u0130klim De\u011fi\u015fikli\u011fi ve S\u0131f\u0131r At\u0131k Daire Ba\u015fkanl\u0131\u011f\u0131&#8217;na m\u00fcracaat ettim. Onlar da geldiler, \u015fu anda temizlik oluyor. Zaten bu yolda, \u015e\u0131h \u0130brahim Hekim Caddesi&#8217;nde yol asfalt da bu y\u0131l bir \u00e7al\u0131\u015fma yapacak. Te\u015fekk\u00fcr ediyorum, \u00e7al\u0131\u015fmalardan dolay\u0131 da minnettar\u0131z&#8221; dedi.<\/p>\n","protected":false},"excerpt":{"rendered":"<p>Mersin B\u00fcy\u00fck\u015fehir Belediyesi \u0130klim De\u011fi\u015fikli\u011fi ve S\u0131f\u0131r At\u0131k Dairesi ekipleri, Adanal\u0131o\u011flu Mahallesi \u015e\u0131h \u0130brahim Hekim Caddesi&#8217;nde, yol kenar\u0131na y\u0131\u011f\u0131lan kanal at\u0131klar\u0131n\u0131 temizliyor. Seralar\u0131n yo\u011funlukta oldu\u011fu Adanal\u0131o\u011flu Mahallesi \u015e\u0131h \u0130brahim Hekim &hellip; <a href=\"https:\/\/akdenizolaygazetesi.com\/?p=23484\" class=\"more-link\">Devam\u0131n\u0131 Oku&#8230;<\/a><\/p>\n","protected":false},"author":2,"featured_media":23485,"comment_status":"open","ping_status":"open","sticky":false,"template":"","format":"standard","meta":[],"categories":[7,2,3,11],"tags":[],"_links":{"self":[{"href":"https:\/\/akdenizolaygazetesi.com\/index.php?rest_route=\/wp\/v2\/posts\/23484"}],"collection":[{"href":"https:\/\/akdenizolaygazetesi.com\/index.php?rest_route=\/wp\/v2\/posts"}],"about":[{"href":"https:\/\/akdenizolaygazetesi.com\/index.php?rest_route=\/wp\/v2\/types\/post"}],"author":[{"embeddable":true,"href":"https:\/\/akdenizolaygazetesi.com\/index.php?rest_route=\/wp\/v2\/users\/2"}],"replies":[{"embeddable":true,"href":"https:\/\/akdenizolaygazetesi.com\/index.php?rest_route=%2Fwp%2Fv2%2Fcomments&post=23484"}],"version-history":[{"count":1,"href":"https:\/\/akdenizolaygazetesi.com\/index.php?rest_route=\/wp\/v2\/posts\/23484\/revisions"}],"predecessor-version":[{"id":23486,"href":"https:\/\/akdenizolaygazetesi.com\/index.php?rest_route=\/wp\/v2\/posts\/23484\/revisions\/23486"}],"wp:featuredmedia":[{"embeddable":true,"href":"https:\/\/akdenizolaygazetesi.com\/index.php?rest_route=\/wp\/v2\/media\/23485"}],"wp:attachment":[{"href":"https:\/\/akdenizolaygazetesi.com\/index.php?rest_route=%2Fwp%2Fv2%2Fmedia&parent=23484"}],"wp:term":[{"taxonomy":"category","embeddable":true,"href":"https:\/\/akdenizolaygazetesi.com\/index.php?rest_route=%2Fwp%2Fv2%2Fcategories&post=23484"},{"taxonomy":"post_tag","embeddable":true,"href":"https:\/\/akdenizolaygazetesi.com\/index.php?rest_route=%2Fwp%2Fv2%2Ftags&post=23484"}],"curies":[{"name":"wp","href":"https:\/\/api.w.org\/{rel}","templated":true}]}}