{"id":23490,"date":"2023-01-12T13:35:50","date_gmt":"2023-01-12T10:35:50","guid":{"rendered":"http:\/\/akdenizolaygazetesi.com\/?p=23490"},"modified":"2023-01-12T13:35:50","modified_gmt":"2023-01-12T10:35:50","slug":"baskan-yilmaz-genclere-sanli-tarihimizi-anlatti","status":"publish","type":"post","link":"https:\/\/akdenizolaygazetesi.com\/?p=23490","title":{"rendered":"BA\u015eKAN YILMAZ, GEN\u00c7LERE \u015eANLI TAR\u0130H\u0130M\u0130Z\u0130 ANLATTI!"},"content":{"rendered":"<p>Toroslar Belediye Ba\u015fkan\u0131 Ats\u0131z Af\u015f\u0131n Y\u0131lmaz, gen\u00e7leri Buluklu Mahallesi&#8217;ndeki Kuvay\u0131miliye Kararg\u00e2h\u0131&#8217;nda a\u011f\u0131rlayarak, &#8220;Kuvayi Milliye&#8221; semineri verdi.<\/p>\n<p>3 Ocak Mersin&#8217;in D\u00fc\u015fman \u0130\u015fgalinden Kurtulu\u015fu&#8217;nun y\u0131l d\u00f6n\u00fcm\u00fc etkinlikleri kapsam\u0131nda Toroslar \u00dclk\u00fc Ocaklar\u0131 Ba\u015fkan\u0131 Yunus Emre Tugay, y\u00f6netim kurulu \u00fcyeleri ve gen\u00e7lerle bir araya gelen Ba\u015fkan Y\u0131lmaz, milli m\u00fccadele d\u00f6neminde Mersin&#8217;de atalar\u0131m\u0131z\u0131n verdi\u011fi kahramanl\u0131klar\u0131 anlatt\u0131, 2023 T\u00fcrkiye Y\u00fczy\u0131l\u0131 Vizyonu&#8217;nun \u00f6nemine vurgu yapt\u0131.<\/p>\n<p>&#8220;BAKTI\u011eIMIZ YER, L\u0130DER\u0130M\u0130Z\u0130N PARMA\u011eININ UCUDUR&#8221;<\/p>\n<p>Gen\u00e7lere milli \u015fuur a\u015f\u0131lanmas\u0131 a\u00e7\u0131s\u0131ndan bu etkinliklerin \u00f6nemine de\u011finen Ba\u015fkan Y\u0131lmaz, Toroslar \u00dclk\u00fc Ocaklar\u0131 Ba\u015fkan\u0131 Yunus Emre Tugay&#8217;a ve y\u00f6netimine te\u015fekk\u00fcr ederek; &#8220;Bakt\u0131\u011f\u0131m\u0131z yer, Liderimiz Devlet Bah\u00e7eli&#8217;nin parma\u011f\u0131n\u0131n ucudur. Oraya bakaca\u011f\u0131z ve hizam\u0131z\u0131 oradan alaca\u011f\u0131z&#8221; dedi.<\/p>\n<p>Mersin&#8217;de milli m\u00fccadelenin destans\u0131 hik\u00e2yesinin ya\u015fayan bir \u00f6rne\u011fi olan foto\u011fraflar, belgeler ve etnografik eserlerle donat\u0131lan tarihi binada gen\u00e7lerle bulu\u015fman\u0131n \u00f6nemine de\u011finen Ba\u015fkan Y\u0131lmaz, sunumunu sinevizyon e\u015fli\u011finde ger\u00e7ekle\u015ftirdi.<\/p>\n<p>Kuvayi Milliye Seminerine; MHP MYK \u00dcyesi Serdar Soydan, Mersin Gen\u00e7lik E\u011fitim ve K\u00fclt\u00fcr Vakf\u0131 Ba\u015fkan\u0131 Nihat Y\u0131lmaz, MHP Mersin eski \u0130l Ba\u015fkan\u0131 Mustafa Tece, Mersin \u00dclk\u00fc Ocaklar\u0131 eski Ba\u015fkan\u0131 Erol Albayrak da kat\u0131ld\u0131.<\/p>\n<p>&#8220;TARIK BU\u011eRA&#8217;NIN &#8220;K\u00dc\u00c7\u00dcK A\u011eA&#8221; ROMANINDAN KUVAYI M\u0130LL\u0130YE \u00d6RNEKLER\u0130 VERD\u0130&#8221;<\/p>\n<p>Ba\u015fkan Y\u0131lmaz, usta kalem Tar\u0131k Bu\u011fra&#8217;n\u0131n ayn\u0131 adl\u0131 roman\u0131ndan uyarlanan ve Ak\u015fehir Y\u00f6resi&#8217;nde ge\u00e7en &#8220;K\u00fc\u00e7\u00fck A\u011fa&#8221; dizisinden de \u00f6rnekler vererek, milli m\u00fccadele d\u00f6neminin ekonomik, sosyal ve k\u00fclt\u00fcrel s\u0131k\u0131nt\u0131lar\u0131n\u0131n yans\u0131malar\u0131n\u0131 da gen\u00e7lerden iyi anlamalar\u0131n\u0131 istedi.<\/p>\n<p>Kurtulu\u015f Sava\u015f\u0131&#8217;n\u0131n ba\u015flamas\u0131yla geli\u015fen Kuvvay\u0131 Milliye ruhunun ortaya \u00e7\u0131k\u0131\u015f\u0131 ve mill\u00ee m\u00fccadele ruhunun geli\u015fmesinin \u00f6nemine vurgu yapan Ba\u015fkan Y\u0131lmaz; &#8220;Kuvay\u0131 Milliye nedir? Tar\u0131k Bu\u011fra&#8217;n\u0131n kaleme ald\u0131\u011f\u0131 &#8220;K\u00fc\u00e7\u00fck A\u011fa&#8221; roman\u0131 Ak\u015fehir&#8217;de demircilik yapan \u00c7olak Salih&#8217;ten bahseder. Burada dedelerimizin psikolojik olarak neler ya\u015fad\u0131\u011f\u0131n\u0131 anlayabiliriz. TRT&#8217;nin Web sitesinden bu diziye ula\u015fabilirsiniz&#8221; ifadelerini kulland\u0131.<\/p>\n<p>&#8220;ATAT\u00dcRK \u0130\u00c7\u0130N MERS\u0130N&#8217;\u0130N AYRI B\u0130R \u00d6NEM\u0130 VAR&#8221;<\/p>\n<p>Cumhuriyetimizin kurucusu Gazi Mustafa Kemal Atat\u00fcrk i\u00e7in Mersin&#8217;in ayr\u0131 bir \u00f6nemi oldu\u011funu s\u00f6yleyen Ba\u015fkan Y\u0131lmaz; &#8220;Dedelerimiz, Frans\u0131zla m\u00fccadeleyi tercih ettiler ve bu \u015fekilde vatan\u0131m\u0131z\u0131 kurtard\u0131lar. \u0130\u015fgalden yakla\u015f\u0131k 40 g\u00fcn \u00f6nce Gazi Mustafa Kemal Atat\u00fcrk, Mersin&#8217;i ziyaret etti. Atat\u00fcrk; &#8220;Kuvay\u0131 Milliye M\u00fcfrezelerini kuvvetlendirin, da\u011flarda silah y\u0131\u011f\u0131n\u0131 yap\u0131n&#8221; talimat\u0131 verdi. Mersinle ilgileniyor, seviyor ve \u00f6nemsiyor. 10 defa Mersin&#8217;e gelmi\u015ftir&#8221; diye konu\u015ftu.<\/p>\n<p>&#8220;ERMEN\u0130 \u00c7ETELER\u0130 \u00c7OK B\u00dcY\u00dcK C\u0130NAYETLER \u0130\u015eLED\u0130&#8221;<\/p>\n<p>M\u00fccadelenin \u00f6nce do\u011fuda Ermeni \u00c7eteleri ile T\u00fcrk vatanda\u015flar\u0131 aras\u0131nda ba\u015flad\u0131\u011f\u0131n\u0131 belirten Ba\u015fkan Y\u0131lmaz; &#8220;Ermeni \u00c7eteleri, \u00e7ok b\u00fcy\u00fck cinayetler i\u015flediler ve bask\u0131nlar yapt\u0131lar. Bunlar\u0131n \u00fczerine milli duygular uyand\u0131 ve kuvay\u0131 milliye ortaya \u00e7\u0131kt\u0131. Kuvay\u0131 Milliye, milli kuvvetler demek. O zaman, siyaset, ticaret, hayat, farkl\u0131 gruplar var. Ama her \u015feyi bir tarafa b\u0131rakt\u0131lar, \u00fcst\u00fcn de\u011ferde birle\u015ftiler. Kuvay\u0131 Milliye hareketi,  vatan kurtulduktan sonra anla\u015f\u0131lmas\u0131 verilen m\u00fccadele kadar \u00f6nemli. Biz de Buluklu Mahallemizdeki 200 y\u0131ll\u0131k tarihi binay\u0131 restore ettik. Kuvay\u0131milliye Karargah\u0131m\u0131z\u0131 kurarak milli m\u00fccadeleyi ayn\u0131 \u015fekilde daha geni\u015f imkanlarla s\u00fcrd\u00fcrece\u011fiz&#8221; dedi.<\/p>\n<p>&#8220;HER 3 OCAK&#8217;TA Y\u00dcR\u00dcY\u00dc\u015e\u00dcM\u00dcZ\u00dc GER\u00c7EKLE\u015eT\u0130RECE\u011e\u0130Z&#8221;<\/p>\n<p>Mersin&#8217;in d\u00fc\u015fman i\u015fgalinden kurtulmas\u0131n\u0131n ard\u0131ndan atalar\u0131m\u0131z\u0131n kuvay\u0131 milliye ruhuyla y\u00fcr\u00fcd\u00fc\u011f\u00fc gibi Zafer Y\u00fcr\u00fcy\u00fc\u015f\u00fc&#8217;n\u00fc ayn\u0131 heyecanla ger\u00e7ekle\u015ftirdiklerini ve bunu gelecek nesillere ayn\u0131 \u015fekilde aktaracaklar\u0131n\u0131 da kaydeden Ba\u015fkan Y\u0131lmaz; &#8220;Bug\u00fcn vatan savunmas\u0131 gerekirse, Frans\u0131z askerler yine limana \u00e7\u0131ksa kim m\u00fccadele eder? Bizler m\u00fccadele ederiz&#8221; dedi.<\/p>\n<p>&#8220;SIKINTILI ZAMANLARDA \u00d6NCE L\u0130DER\u0130M\u0130Z\u0130N PARMAK UCUNA BAKARIZ&#8221;<\/p>\n<p>&#8220;Biz, s\u0131k\u0131nt\u0131l\u0131 zamanlarda \u00f6nce liderimiz Devlet Bah\u00e7eli&#8217;ye, onun parma\u011f\u0131n\u0131n ucuna bakar\u0131z&#8221; diyen Ba\u015fkan Y\u0131lmaz; &#8220;Liderimiz, bu toplumun se\u00e7ti\u011fi liderdir.  Kitleye, toplulu\u011fa y\u00f6n veren liderdir. Bizim babam\u0131zd\u0131r. Bizi sever, \u015fefkat g\u00f6sterir. Bizim iyi olmam\u0131z\u0131 ister. En iyisini takip eder, bilir yapar ve biz de ona uyar\u0131z. Bu hep b\u00f6yle olmu\u015ftur. Lider en \u00e7ok s\u0131k\u0131nt\u0131l\u0131 zamanlarda laz\u0131md\u0131r. Liderimizin parma\u011f\u0131n\u0131n ucuna bakar\u0131z, sisli havalarda daha \u00e7ok bakar ve arar\u0131z. Ben, Liderimiz Devlet Bah\u00e7eli&#8217;nin her c\u00fcmlesini okurum, her konu\u015fmas\u0131n\u0131 izlerim&#8221; \u015feklinde konu\u015ftu.<\/p>\n<p>&#8220;TAR\u0130H\u0130M\u0130ZDEN ALDI\u011eIMIZ G\u00dc\u00c7LE M\u00dcCADELEYE DEVAM EDECE\u011e\u0130Z&#8221;<\/p>\n<p>T\u00fcrk Devleti&#8217;nin binlerce y\u0131ld\u0131r var oldu\u011funa dikkat \u00e7eken Ba\u015fkan Y\u0131lmaz; &#8220;Say\u0131s\u0131z imparatorluk ve \u00fclke kurulmu\u015f. \u00d6ne \u00e7\u0131km\u0131\u015f 16 devlet var. Biz milletin devam\u0131y\u0131z. Biz, m\u00fccadelenin, ak\u0131\u015f\u0131n, nehrin damlalar\u0131y\u0131z. Bizim g\u00f6revimiz bu nehri, daha g\u00fc\u00e7l\u00fc ve etkili k\u0131lmak. B\u00f6yle bakaca\u011f\u0131z. Sizler ve bizler, O\u011fuzhan ile, Fatih ile Atilla ile ayn\u0131 hizaday\u0131z. Bug\u00fcn de bu devleti kuran milletimizin ac\u0131lar\u0131, mutluluklar\u0131, heyecanlar\u0131, de\u011ferleri, umutlar\u0131, m\u00fccadelesi ve k\u0131z\u0131l elmas\u0131 var. Bu m\u00fccadeleye devam edece\u011fiz&#8221; dedi.<\/p>\n<p>Te\u015fkilat\u0131n \u00f6nemine de vurgu yapan Ba\u015fkan Y\u0131lmaz; &#8220;Partimiz MHP genel merkezimiz, \u00dclk\u00fc Ocaklar\u0131 bizim te\u015fkilat\u0131m\u0131zd\u0131r. Te\u015fkilat\u0131n de\u011ferleri vard\u0131r. Bizi var eden te\u015fkilat\u0131m\u0131zd\u0131r. Her ne olursa olsun aktif ve canl\u0131 olur&#8221; dedi.<\/p>\n<p>&#8220;T\u00dcRK DEVLETLER\u0130 TE\u015eK\u0130LATI, HEDEFLED\u0130\u011e\u0130M\u0130Z, ARZULADI\u011eIMIZ G\u00d6R\u00dcNT\u00dcD\u00dcR&#8221;<\/p>\n<p>Cumhurba\u015fkan\u0131 Recep Tayyip Erdo\u011fan&#8217;\u0131n, \u00d6zbekistan&#8217;\u0131n Semerkant \u015fehrinde d\u00fczenlenen T\u00fcrk Devletleri Te\u015fkilat\u0131 Devlet ve H\u00fck\u00fcmet Ba\u015fkanlar\u0131 9. Zirvesi&#8217;nde aile foto\u011fraf\u0131na da sinevizyonda yer veren Ba\u015fkan Y\u0131lmaz; &#8220;Bu foto\u011fraf \u00e7ok \u00f6nemli. T\u00fcrk Devletleri Te\u015fkilat\u0131. Hedefledi\u011fimiz ve arzulad\u0131\u011f\u0131m\u0131z g\u00f6r\u00fcnt\u00fcd\u00fcr. T\u00fcrk milletinin g\u00fc\u00e7l\u00fc olmas\u0131 i\u00e7in T\u00fcrk Devletleri Te\u015fkilat\u0131&#8217;n\u0131n da g\u00fc\u00e7l\u00fc olmas\u0131 gerekir. 1932&#8217;ye kadar Atat\u00fcrk&#8217;\u00fcn haz\u0131rlad\u0131\u011f\u0131 m\u00fcdafaa gere\u011fi t\u00fcm T\u00fcrk d\u00fcnyas\u0131yla birlikte tarih yaz\u0131ld\u0131. T\u00fcrk d\u00fcnyas\u0131n\u0131 anlayarak, alg\u0131layarak, tarihi anlamam\u0131z gerekir. B\u00f6ylelikle T\u00fcrk Devletleri Te\u015fkilat\u0131&#8217;n\u0131 ve Turan&#8217;\u0131 anlar\u0131z&#8221; \u015feklinde konu\u015ftu.<\/p>\n<p>&#8220;L\u0130DER\u0130M\u0130Z, M\u0130LL\u0130 \u015eUURUN VE SA\u011eDUYUNUN SES\u0130D\u0130R&#8221;<\/p>\n<p>Ba\u015fkan Y\u0131lmaz, \u00dclk\u00fc Ocaklar\u0131 Genel Ba\u015fkan\u0131 Ahmet Yi\u011fit Y\u0131ld\u0131r\u0131m&#8217;\u0131n, MHP Genel Ba\u015fkan\u0131 ve T\u00fcrkmen Beyi Devlet Bah\u00e7eli&#8217;ye, T\u00fcrkiye&#8217;nin Yunanistan&#8217;a ait adalara sahip oldu\u011funu g\u00f6steren bir harita hediye etti\u011fini de hat\u0131rlatarak; &#8220;Bu da bir manifesto. Bizim liderimiz, milli \u015fuurun, sa\u011fduyunun sesidir. T\u00fcrk&#8217;\u00fcn d\u00fc\u015f\u00fcnece\u011fini yapar\u0131z. Bizim g\u00fcc\u00fcm\u00fcz, organize olma kabiliyetimizdir&#8221; dedi.<\/p>\n<p>Seminerin ard\u0131ndan Ba\u015fkan Y\u0131lmaz, gen\u00e7lere Kuvay\u0131 Milliye Karargah\u0131&#8217;n\u0131 gezdirerek, onlardan \u00e7ok \u00e7al\u0131\u015fmalar\u0131n\u0131, g\u00fczel yerlere gelmelerini ve tarih \u015fuurunu iyi anlamalar\u0131n\u0131 istedi.<\/p>\n<p>Daha sonra Toroslar \u00dclk\u00fc Ocaklar\u0131 Ba\u015fkan\u0131 Yunus Emre Tugay, Ba\u015fkan Ats\u0131z Af\u015f\u0131n Y\u0131lmaz&#8217;a ve MHP MYK \u00dcyesi Serdar Soydan&#8217;a, \u00fclk\u00fc ocaklar\u0131n\u0131n takvimini takdim etti.<\/p>\n<p>Ba\u015fkan Y\u0131lmaz da gen\u00e7lere, seminere kat\u0131l\u0131mlar\u0131ndan dolay\u0131 te\u015fekk\u00fcr ederek, hediye verdi.<\/p>\n","protected":false},"excerpt":{"rendered":"<p>Toroslar Belediye Ba\u015fkan\u0131 Ats\u0131z Af\u015f\u0131n Y\u0131lmaz, gen\u00e7leri Buluklu Mahallesi&#8217;ndeki Kuvay\u0131miliye Kararg\u00e2h\u0131&#8217;nda a\u011f\u0131rlayarak, &#8220;Kuvayi Milliye&#8221; semineri verdi. 3 Ocak Mersin&#8217;in D\u00fc\u015fman \u0130\u015fgalinden Kurtulu\u015fu&#8217;nun y\u0131l d\u00f6n\u00fcm\u00fc etkinlikleri kapsam\u0131nda Toroslar \u00dclk\u00fc Ocaklar\u0131 Ba\u015fkan\u0131 &hellip; <a href=\"https:\/\/akdenizolaygazetesi.com\/?p=23490\" class=\"more-link\">Devam\u0131n\u0131 Oku&#8230;<\/a><\/p>\n","protected":false},"author":2,"featured_media":23491,"comment_status":"open","ping_status":"open","sticky":false,"template":"","format":"standard","meta":[],"categories":[2,3],"tags":[],"_links":{"self":[{"href":"https:\/\/akdenizolaygazetesi.com\/index.php?rest_route=\/wp\/v2\/posts\/23490"}],"collection":[{"href":"https:\/\/akdenizolaygazetesi.com\/index.php?rest_route=\/wp\/v2\/posts"}],"about":[{"href":"https:\/\/akdenizolaygazetesi.com\/index.php?rest_route=\/wp\/v2\/types\/post"}],"author":[{"embeddable":true,"href":"https:\/\/akdenizolaygazetesi.com\/index.php?rest_route=\/wp\/v2\/users\/2"}],"replies":[{"embeddable":true,"href":"https:\/\/akdenizolaygazetesi.com\/index.php?rest_route=%2Fwp%2Fv2%2Fcomments&post=23490"}],"version-history":[{"count":1,"href":"https:\/\/akdenizolaygazetesi.com\/index.php?rest_route=\/wp\/v2\/posts\/23490\/revisions"}],"predecessor-version":[{"id":23492,"href":"https:\/\/akdenizolaygazetesi.com\/index.php?rest_route=\/wp\/v2\/posts\/23490\/revisions\/23492"}],"wp:featuredmedia":[{"embeddable":true,"href":"https:\/\/akdenizolaygazetesi.com\/index.php?rest_route=\/wp\/v2\/media\/23491"}],"wp:attachment":[{"href":"https:\/\/akdenizolaygazetesi.com\/index.php?rest_route=%2Fwp%2Fv2%2Fmedia&parent=23490"}],"wp:term":[{"taxonomy":"category","embeddable":true,"href":"https:\/\/akdenizolaygazetesi.com\/index.php?rest_route=%2Fwp%2Fv2%2Fcategories&post=23490"},{"taxonomy":"post_tag","embeddable":true,"href":"https:\/\/akdenizolaygazetesi.com\/index.php?rest_route=%2Fwp%2Fv2%2Ftags&post=23490"}],"curies":[{"name":"wp","href":"https:\/\/api.w.org\/{rel}","templated":true}]}}