{"id":23497,"date":"2023-01-12T17:20:00","date_gmt":"2023-01-12T14:20:00","guid":{"rendered":"http:\/\/akdenizolaygazetesi.com\/?p=23497"},"modified":"2023-01-12T17:20:00","modified_gmt":"2023-01-12T14:20:00","slug":"acilis-konusmasini-ahmet-akin-yapacak","status":"publish","type":"post","link":"https:\/\/akdenizolaygazetesi.com\/?p=23497","title":{"rendered":"A\u00e7\u0131l\u0131\u015f konu\u015fmas\u0131n\u0131 Ahmet Ak\u0131n Yapacak"},"content":{"rendered":"<p>Mersin Yeni\u015fehir Belediyesi, Enerji Verimlili\u011fi Haftas\u0131 kapsam\u0131nda \u201c1. Enerji G\u00fcnleri\u201d etkinlikleri d\u00fczenleyecek. Yeni\u015fehir Belediyesi \u201cEnerjini yenile, \u015fehri gelece\u011fe ta\u015f\u0131\u201d slogan\u0131yla panel, s\u00f6yle\u015fi, bilim ve deney at\u00f6lyeleri, sergi,  tiyatro oyunu ve enerji temal\u0131 oyunlar i\u00e7eren dolu dolu bir etkinlik program\u0131 haz\u0131rlad\u0131.<br \/>\nDo\u011fa dostu politikalar\u0131 destekleyen \u0130klim ve Enerji \u0130\u00e7in Avrupa Belediye Ba\u015fkanlar\u0131 S\u00f6zle\u015fmesi\u2019ni imzalayan Mersin\u2019deki ilk belediye olan Mersin Yeni\u015fehir Belediyesi, hayata ge\u00e7irdi\u011fi \u00e7evreci projelerle \u00f6rnek g\u00f6sterilirken, enerji verimlili\u011fin art\u0131r\u0131lmas\u0131 ad\u0131na \u00e7al\u0131\u015fmalar\u0131na devam ediyor.<br \/>\nA\u00e7\u0131l\u0131\u015f konu\u015fmas\u0131n\u0131 CHP Milletvekili Ahmet Ak\u0131n Yapacak<br \/>\nEnerjide tasarrufun ve verimin \u00f6nemine dikkat \u00e7ekmek ve bu konuda fark\u0131ndal\u0131k olu\u015fturmak amac\u0131yla  Yeni\u015fehir Belediyesi taraf\u0131ndan d\u00fczenlenecek olan 1. Enerji G\u00fcnleri, 16 Ocak Pazartesi g\u00fcn\u00fc \u201c\u0130klim De\u011fi\u015fiyor! Biz ne yapabiliriz?\u201d panel ve \u00e7al\u0131\u015ftay\u0131 ile saat 13.00\u2019te Yeni\u015fehir Belediyesi Atat\u00fcrk K\u00fclt\u00fcr Merkezi\u2019nde ba\u015flayacak. Panelin a\u00e7\u0131l\u0131\u015f konu\u015fmas\u0131n\u0131 Cumhuriyet Halk Partisi(CHP) Enerji ve Altyap\u0131 Politikalar\u0131ndan Sorumlu Genel Ba\u015fkan Yard\u0131mc\u0131s\u0131 Ahmet Ak\u0131n yapacak.<br \/>\n\u0130klim de\u011fi\u015fikli konusunda yap\u0131labilecekler konu\u015fulacak<br \/>\nS\u00fcrd\u00fcr\u00fclebilirlik i\u00e7in Yerel Y\u00f6netimler (ICLEI) K\u00fcresel Savunma Direkt\u00f6r\u00fc Yunus Ar\u0131kan\u2019\u0131n da kat\u0131laca\u011f\u0131 panel ve \u00e7al\u0131\u015ftay\u0131n moderat\u00f6rl\u00fc\u011f\u00fcn\u00fc ise Mersin Yeni\u015fehir Belediye Ba\u015fkan\u0131 Abdullah \u00d6zyi\u011fit yapacak. Ba\u015fkan \u00d6zyi\u011fit, panelde \u201cVeriye ve Kan\u0131ta Dayal\u0131 Y\u00f6netim Anlay\u0131\u015f\u0131 &#8211; Ak\u0131ll\u0131 Kaynak Verimli\u011fi Planlama Program\u0131\u201d hakk\u0131nda da kat\u0131l\u0131mc\u0131lara sunum yapacak. Prof. Dr. Zeynep Zaimo\u011flu, Prof. Dr. Bar\u0131\u015f Saliho\u011flu, Prof. Dr. Koray Velibeyo\u011flu, Prof. Dr. Salih Ofluo\u011flu ve Prof. Dr. Didem Emine Evci de panelde konu\u015fmac\u0131 olarak yer alacak.<br \/>\nBilim-deney at\u00f6lyeleri ve tiyatro oyunu ile geri d\u00f6n\u00fc\u015f\u00fcm\u00fcn \u00f6nemi anlat\u0131lacak<br \/>\n\u201c1. Enerji G\u00fcnleri\u201d  kapsam\u0131nda 17 Ocak Sal\u0131 g\u00fcn\u00fc yine 09.00-17.00 saatleri aras\u0131nda Yeni\u015fehir Belediyesi Atat\u00fcrk K\u00fclt\u00fcr Merkezi\u2019nde bilim- deney at\u00f6lyeleri kurulacak, geri d\u00f6n\u00fc\u015f\u00fcm sergisinin yan\u0131 s\u0131ra \u00e7ocuklara y\u00f6nelik enerji temal\u0131 oyunlar haz\u0131rlanacak. Bilim Kahramanlar\u0131 Derne\u011fi \u2018Uzmana Dan\u0131\u015f\u2019 etkinli\u011fi d\u00fczenleyecek ve g\u00fcn boyunca enerji s\u00f6yle\u015fileri de olacak. 19 Ocak Per\u015fembe g\u00fcn\u00fc saat 10.00\u2019da \u00e7ocuklara y\u00f6nelik \u201cMasal Gezginleri \u00c7evreci Kahramanlar\u0131n\u0131 Ar\u0131yor 2\u201d tiyatro oyunu sahnelenecek.<br \/>\nBa\u015fkan \u00d6zyi\u011fit, \u201cHem \u00e7ocuklar\u0131m\u0131za hem de yeti\u015fkinlere y\u00f6nelik bir etkinlik program\u0131 haz\u0131rlad\u0131k.\u201d<br \/>\nVatanda\u015flar\u0131 \u201c1.Enerji G\u00fcnleri\u201dne davet eden Mersin Yeni\u015fehir Belediye Ba\u015fkan\u0131 Abdullah \u00d6zyi\u011fit \u201c\u0130klim krizinin ba\u015f g\u00f6sterdi\u011fi g\u00fcn\u00fcm\u00fczde neler yapabilece\u011fimizi uzmanlarla konu\u015faca\u011f\u0131z. Enerji verimlili\u011fi, s\u00fcrd\u00fcr\u00fclebilir enerji ve geri d\u00f6n\u00fc\u015f\u00fcm ile ilgili fark\u0131ndal\u0131k olu\u015fturaca\u011f\u0131m\u0131z, hem \u00e7ocuklar\u0131m\u0131za hem de yeti\u015fkinlere y\u00f6nelik bir etkinlik program\u0131 haz\u0131rlad\u0131k. Do\u011fay\u0131 korumak ve enerji verimini art\u0131rabilmek ad\u0131na bilin\u00e7lenmek \u00e7ok \u00f6nemli. T\u00fcm hem\u015fehrilerimizi 1. Enerji G\u00fcnleri\u2019ne bekliyoruz.\u201d ifadelerine yer verdi.<\/p>\n","protected":false},"excerpt":{"rendered":"<p>Mersin Yeni\u015fehir Belediyesi, Enerji Verimlili\u011fi Haftas\u0131 kapsam\u0131nda \u201c1. Enerji G\u00fcnleri\u201d etkinlikleri d\u00fczenleyecek. Yeni\u015fehir Belediyesi \u201cEnerjini yenile, \u015fehri gelece\u011fe ta\u015f\u0131\u201d slogan\u0131yla panel, s\u00f6yle\u015fi, bilim ve deney at\u00f6lyeleri, sergi, tiyatro oyunu ve &hellip; <a href=\"https:\/\/akdenizolaygazetesi.com\/?p=23497\" class=\"more-link\">Devam\u0131n\u0131 Oku&#8230;<\/a><\/p>\n","protected":false},"author":2,"featured_media":23498,"comment_status":"open","ping_status":"open","sticky":false,"template":"","format":"standard","meta":[],"categories":[2,3],"tags":[],"_links":{"self":[{"href":"https:\/\/akdenizolaygazetesi.com\/index.php?rest_route=\/wp\/v2\/posts\/23497"}],"collection":[{"href":"https:\/\/akdenizolaygazetesi.com\/index.php?rest_route=\/wp\/v2\/posts"}],"about":[{"href":"https:\/\/akdenizolaygazetesi.com\/index.php?rest_route=\/wp\/v2\/types\/post"}],"author":[{"embeddable":true,"href":"https:\/\/akdenizolaygazetesi.com\/index.php?rest_route=\/wp\/v2\/users\/2"}],"replies":[{"embeddable":true,"href":"https:\/\/akdenizolaygazetesi.com\/index.php?rest_route=%2Fwp%2Fv2%2Fcomments&post=23497"}],"version-history":[{"count":1,"href":"https:\/\/akdenizolaygazetesi.com\/index.php?rest_route=\/wp\/v2\/posts\/23497\/revisions"}],"predecessor-version":[{"id":23499,"href":"https:\/\/akdenizolaygazetesi.com\/index.php?rest_route=\/wp\/v2\/posts\/23497\/revisions\/23499"}],"wp:featuredmedia":[{"embeddable":true,"href":"https:\/\/akdenizolaygazetesi.com\/index.php?rest_route=\/wp\/v2\/media\/23498"}],"wp:attachment":[{"href":"https:\/\/akdenizolaygazetesi.com\/index.php?rest_route=%2Fwp%2Fv2%2Fmedia&parent=23497"}],"wp:term":[{"taxonomy":"category","embeddable":true,"href":"https:\/\/akdenizolaygazetesi.com\/index.php?rest_route=%2Fwp%2Fv2%2Fcategories&post=23497"},{"taxonomy":"post_tag","embeddable":true,"href":"https:\/\/akdenizolaygazetesi.com\/index.php?rest_route=%2Fwp%2Fv2%2Ftags&post=23497"}],"curies":[{"name":"wp","href":"https:\/\/api.w.org\/{rel}","templated":true}]}}