{"id":23501,"date":"2023-01-13T12:42:22","date_gmt":"2023-01-13T09:42:22","guid":{"rendered":"http:\/\/akdenizolaygazetesi.com\/?p=23501"},"modified":"2023-01-13T12:42:22","modified_gmt":"2023-01-13T09:42:22","slug":"buyuksehir-turkiyenin-en-guzel-okuma-salonunu-mersine-kazandirdi","status":"publish","type":"post","link":"https:\/\/akdenizolaygazetesi.com\/?p=23501","title":{"rendered":"B\u00dcY\u00dcK\u015eEH\u0130R, T\u00dcRK\u0130YE&#8217;N\u0130N EN G\u00dcZEL OKUMA SALONUNU MERS\u0130N&#8217;E KAZANDIRDI"},"content":{"rendered":"<p>Mersin B\u00fcy\u00fck\u015fehir Belediyesi&#8217;nin K\u00fclt\u00fcr Park i\u00e7erisinde yap\u0131m\u0131n\u0131 tamamlad\u0131\u011f\u0131 Akdeniz manzaral\u0131 &#8220;Adres Okuma Salonu&#8221;nun a\u00e7\u0131l\u0131\u015f\u0131 yap\u0131ld\u0131. B\u00fcy\u00fck\u015fehir Belediyesi&#8217;nin, &#8220;Mersin Y\u00fckseliyor, 41 Kere M\u00fcjde, 41 Yeni A\u00e7\u0131l\u0131\u015f&#8221; mottosuyla ba\u015flatt\u0131\u011f\u0131 a\u00e7\u0131l\u0131\u015flar\u0131n 5&#8217;incisi olan okuma salonu, Ba\u015fkan Vahap Se\u00e7er ve e\u015fi Meral Se\u00e7er&#8217;in kat\u0131l\u0131m\u0131yla hizmete sunuldu. A\u00e7\u0131l\u0131\u015f etkinli\u011finde; yazar Ahmet \u00dcmit, Prof. Dr. Onur Bilge Kula ve \u00e7ok say\u0131da Mersinli de yer ald\u0131.<br \/>\n&#8220;Adres&#8221; ile Mersin dijital bir k\u00fct\u00fcphane kazand\u0131<br \/>\nMezitli il\u00e7esinde yer alan K\u00fclt\u00fcr Park i\u00e7erisinde kente kazand\u0131r\u0131lan Adres Okuma Salonu&#8217;ndan her ya\u015ftan vatanda\u015f \u00fccretsiz olarak faydalanabiliyor. 800 metrekarelik kapal\u0131 alan\u0131 ile 150 ki\u015filik kapasiteye sahip salonda 16 bilgisayar ve farkl\u0131 kategorilerde 12 bin kitap bulunuyor. B\u00fcy\u00fck\u015fehir Belediyesi, Adres Okuma Salonu&#8217;yla Mersin&#8217;e dijital bir k\u00fct\u00fcphane de kazand\u0131rd\u0131. K\u0131sa s\u00fcrede tamamlanacak \u00e7al\u0131\u015fmalar\u0131n ard\u0131ndan \u00f6\u011frenciler cep telefonlar\u0131 ve tabletleriyle &#8216;Adres&#8217;e eri\u015fim sa\u011flayabilecek.<br \/>\n\u00d6te yandan okuma salonuna gelen vatanda\u015flar; \u00e7ay, kahve ve internet hizmetlerinden \u00fccretsiz olarak yararlanabiliyor. Salonu kullanan vatanda\u015flara Sosyal Hizmetler Dairesi taraf\u0131ndan her g\u00fcn s\u0131cak \u00e7orba ikram\u0131nda da bulunuluyor. Okuma salonunun yan\u0131na kurulan Mobil Kafe ile de 3 kap yeme\u011fin 6 liraya sunuldu\u011fu Mahalle Mutfa\u011f\u0131 hizmeti de veriliyor.<br \/>\n&#8220;D\u00fcnyan\u0131n en g\u00fczel k\u00fct\u00fcphanesini a\u00e7\u0131l\u0131\u015f\u0131n\u0131 yapaca\u011f\u0131z&#8221;<br \/>\n &#8220;Naz\u0131m Hikmet&#8217;in, Dostoyevski&#8217;nin, Kafka&#8217;n\u0131n, Ahmet \u00dcmit&#8217;in ve daha bir\u00e7ok yazar\u0131n, \u00e7izerin, d\u00fc\u015f\u00fcn\u00fcr\u00fcn &#8216;Adresi&#8217;ne ho\u015f geldiniz&#8221; diyerek konu\u015fmas\u0131na ba\u015flayan Ba\u015fkan Se\u00e7er, &#8220;Diyoruz ki, &#8216;T\u00fcrkiye&#8217;nin en g\u00fczel k\u00fct\u00fcphanesi&#8217; ama \u015fimdi \u00fcstat Ahmet Bey farkl\u0131 bir vizyon koydu \u00f6n\u00fcm\u00fcze. Dedi ki, &#8216;Sadece T\u00fcrkiye&#8217;nin de\u011fil. Ben, d\u00fcnyan\u0131n bir\u00e7ok yerinde k\u00fct\u00fcphane g\u00f6rd\u00fcm, b\u00f6ylesini ilk defa g\u00f6r\u00fcyorum. Demek ki d\u00fcnyan\u0131n en g\u00fczel k\u00fct\u00fcphanesini a\u00e7\u0131l\u0131\u015f\u0131n\u0131 yapaca\u011f\u0131z. Mersin&#8217;imize hay\u0131rl\u0131 olsun. Mersin&#8217;imize yak\u0131\u015f\u0131r, gen\u00e7li\u011fine yak\u0131\u015f\u0131r, evlatlar\u0131m\u0131za \u00e7ok yak\u0131\u015f\u0131r&#8221; dedi.<br \/>\n&#8220;Mersin B\u00fcy\u00fck\u015fehir Belediyesi&#8217;nin e\u011fitime, \u00f6\u011fretime, bilime, sanata y\u00f6nelik \u00e7ok say\u0131da \u00e7al\u0131\u015fmas\u0131 var&#8221;<br \/>\nMersin&#8217;in bir \u00fcniversite kenti oldu\u011funu s\u00f6yleyen Ba\u015fkan Se\u00e7er, kentte 4 \u00fcniversitenin bulundu\u011funu ve yakla\u015f\u0131k 60 bin \u00fcniversite \u00f6\u011frencisinin ya\u015fad\u0131\u011f\u0131n\u0131 an\u0131msatt\u0131. Mersin&#8217;in gelir da\u011f\u0131l\u0131m\u0131nda ya\u015fad\u0131\u011f\u0131 adaletsizli\u011fi de vurgulayan Se\u00e7er, bu sorundan kaynakl\u0131 e\u011fitimde f\u0131rsat e\u015fitli\u011fini \u00f6nceleyen projeleri \u00f6ncelediklerini s\u00f6yledi. Se\u00e7er, &#8220;Vars\u0131l ailelerin \u00e7ocuklar\u0131 i\u00e7in problem olmayabilir ama ben biliyorum ki g\u00f6rece olarak daha d\u00fc\u015f\u00fck gelirli ailelerin bir odada, iki odada, \u00fc\u00e7 \u00e7ocuk, be\u015f \u00e7ocuk, annenin, baban\u0131n ya\u015fad\u0131\u011f\u0131 evlerde, \u00e7ocuklar\u0131n ders \u00e7al\u0131\u015fma ortamlar\u0131 olmuyor. \u00dcniversitede okuyan \u00e7ocuklar\u0131m\u0131zda \u00f6nemli problemlerin ya\u015fand\u0131\u011f\u0131n\u0131 bizatihi kendilerinden, hocalar\u0131ndan duyuyorum. Bu nedenle; Mersin B\u00fcy\u00fck\u015fehir Belediyesi&#8217;nin e\u011fitime, \u00f6\u011fretime, bilime, sanata ve tabi b\u00fct\u00fcn bunlar\u0131n \u00fcr\u00fcn\u00fc olan bar\u0131\u015fa, karde\u015fli\u011fe y\u00f6nelik \u00e7ok say\u0131da \u00e7al\u0131\u015fmas\u0131 var&#8221; diye konu\u015ftu.<br \/>\n&#8220;Bizim e\u011fitime, \u00f6\u011fretime, gencimize, \u00e7ocu\u011fumuza yapt\u0131\u011f\u0131m\u0131z her t\u00fcrl\u00fc yat\u0131r\u0131m helali ho\u015f olsun&#8221; ifadesini kullanan Ba\u015fkan Se\u00e7er, zaten bu yap\u0131lan yat\u0131r\u0131mlar\u0131 vatanda\u015flardan ald\u0131klar\u0131 vergilerle hayata ge\u00e7irdiklerini s\u00f6yledi. Se\u00e7er, &#8220;\u00c7ok daha g\u00fczel hizmetler yapaca\u011f\u0131z. Mersin geli\u015fiyor, kalk\u0131n\u0131yor, Mersin \u00e7ok daha iyi yerlerde olacak&#8221; diye belirtti.<br \/>\n&#8220;\u0130nsanlar\u0131n parka ve do\u011faya kar\u015f\u0131 sayg\u0131s\u0131 da artt\u0131&#8221;<br \/>\nK\u00fclt\u00fcr Park\u0131 tamamen halka a\u00e7t\u0131klar\u0131n\u0131 dile getiren Ba\u015fkan Se\u00e7er, &#8220;Mersinlilerin bunun hakk\u0131n\u0131 vermesi laz\u0131m. Burada \u00e7ay i\u00e7ti\u011finiz, kahvalt\u0131 yapt\u0131\u011f\u0131n\u0131z kafeler, yemek yedi\u011finiz restoranlar halk\u0131n mal\u0131. &#8216;Belediyenin mal\u0131&#8217; demek, &#8216;halk\u0131n mal\u0131&#8217; demek. Hele hele bizim gibi halk\u0131n Belediyesi olan belediyelerin mal\u0131 olursa, hem hizmetin en iyisini al\u0131rs\u0131n\u0131z hem de en uygununu al\u0131rs\u0131n\u0131z&#8221; diye konu\u015ftu. Y\u00f6netime gelmeleriyle beraber K\u00fclt\u00fcr Park&#8217;ta ya\u015fanan de\u011fi\u015fimlere de dikkat \u00e7eken Ba\u015fkan Se\u00e7er, park\u0131n vatanda\u015flar taraf\u0131ndan art\u0131k daha temiz kullan\u0131ld\u0131\u011f\u0131n\u0131 ve g\u00fcvenli g\u00f6r\u00fcld\u00fc\u011f\u00fcn\u00fc s\u00f6yleyerek, &#8220;Dikkat ederseniz insanlar\u0131n parka ve do\u011faya kar\u015f\u0131 sayg\u0131s\u0131 da artt\u0131&#8221; vurgusu yapt\u0131.<br \/>\nAdres Okuma Salonu&#8217;nun yap\u0131ld\u0131\u011f\u0131 yerin daha \u00f6nce restoran olarak i\u015fletildi\u011fini de an\u0131msatan Se\u00e7er, &#8220;Y\u0131kt\u0131k. Herkes zannetti ki bir restoran yapaca\u011f\u0131z, yine birilerine verece\u011fiz. Dedim ki &#8216;Buraya bir okuma salonu ya da k\u00fct\u00fcphane yak\u0131\u015f\u0131r&#8217;. &#8216;Neden&#8217; dediler? Dedim ki, &#8216;Denize naz\u0131r herkesin oturup bir kitap okuma ya da s\u0131k\u0131nt\u0131l\u0131 g\u00fcnlerinde denizi izleme l\u00fcks\u00fc varsa Mersin&#8217;de ya\u015fayan di\u011fer \u00e7ocuklar da gelsin, denize naz\u0131r dersini \u00e7al\u0131\u015fs\u0131n, kitab\u0131n\u0131 okusun&#8221; dedi.<br \/>\n&#8220;15 g\u00fcnde 6 bin \u00e7ocu\u011fumuz okuma salonuna \u00fcye olmu\u015f&#8221;<br \/>\nOkuma salonunun dijital k\u00fct\u00fcphane \u00f6zelli\u011fini vurgulayan Ba\u015fkan Se\u00e7er, alan\u0131n toplam 1.300 metrekare, kapal\u0131 alan\u0131n\u0131n ise 800 metrekare oldu\u011funu belirtti. Se\u00e7er, &#8220;Burada gruplar\u0131n \u00e7al\u0131\u015fma yapabilece\u011fi alanlar da var. \u015eimdi eksikliklerimizi de g\u00f6rd\u00fck. Biliyorsunuz k\u0131sa bir s\u00fcre \u00f6nce biz asl\u0131nda \u00e7ocuklar\u0131m\u0131z\u0131 kabul etmeye ba\u015flad\u0131k. \u00dcye stat\u00fcs\u00fc olmas\u0131 laz\u0131m, burada ders \u00e7al\u0131\u015facak \u00e7ocu\u011fumuzun. Ka\u00e7 bin \u00fcye oldu tahmin edersiniz? \u015e\u00f6yle 15 g\u00fcn oldu faaliyete alal\u0131. 6 bin \u00e7ocu\u011fumuz \u00fcye olmu\u015f. Bu k\u0131sa s\u00fcrede 12 bin ki\u015fi burada zaman ge\u00e7irmi\u015f, ders \u00e7al\u0131\u015fmaya gelmi\u015f. Burada 12 bin adet de kitab\u0131m\u0131z var. Tarih, co\u011frafya, edebiyat, k\u00fclt\u00fcr-sanat, roman, \u015fiir kitab\u0131 akl\u0131n\u0131za ne gelirse&#8230; Bir de toplamda 28 ayr\u0131 kategoride 26 bin adet e-kitap var. \u015eimdi k\u0131sa s\u00fcre sonra \u00e7ocuklar\u0131m\u0131z cep telefonundan, tabletinden buraya eri\u015febilecekler. Bu dijital k\u00fct\u00fcphaneden yararlanma imkanlar\u0131 olacak&#8221; ifadelerini kulland\u0131.<br \/>\n&#8220;Se\u00e7im i\u00e7in de\u011fil kente kal\u0131c\u0131 eserler b\u0131rakmak i\u00e7in \u00e7al\u0131\u015f\u0131yoruz&#8221;<br \/>\nSe\u00e7im i\u00e7in de\u011fil kente kal\u0131c\u0131 eserler b\u0131rakmak i\u00e7in \u00e7al\u0131\u015ft\u0131klar\u0131n\u0131 belirten Ba\u015fkan Se\u00e7er, &#8220;Bu kenti ya\u015fanabilir bir kent haline getirmek istiyoruz. Yollar\u0131m\u0131z g\u00fczel, parklar\u0131m\u0131z geni\u015f, altyap\u0131m\u0131z kaliteli olsun&#8221; dedi.<br \/>\n&#8220;En b\u00fcy\u00fck projem; insanlar\u0131 burada huzurlu, mutlu k\u0131lmak, g\u00fcvende hissettirmek&#8221;<br \/>\n&#8220;Mersin&#8217;de yol, park ve altyap\u0131 yapmaktan daha \u00f6te bir \u015fey var benim i\u00e7in&#8221; diyen Ba\u015fkan Se\u00e7er, &#8220;\u0130nsanlar\u0131 burada huzur, g\u00fcven, bar\u0131\u015f i\u00e7erisinde hayatlar\u0131n\u0131 idame ettirmek, mutlu k\u0131lmak, g\u00fcvende hissettirmek benim en birinci g\u00f6revimdir ve en b\u00fcy\u00fck projem de budur&#8221; ifadelerini kulland\u0131.<br \/>\n&#8220;Mersin; k\u00fclt\u00fcr, sanat, bilim ve ilim kenti olana kadar hizmetlerimizi s\u00fcrd\u00fcrece\u011fiz&#8221;<br \/>\nAdres Okuma Salonu&#8217;ndan yararlanan vatanda\u015flar i\u00e7in 24 saat salon \u00f6n\u00fcnde Mobil Mutfak hizmetinin de verilece\u011fini s\u00f6yleyen Ba\u015fkan Se\u00e7er, &#8220;Orada 6 liraya 3 kap yemek sat\u0131l\u0131yor. \u00c7ocuklar\u0131m\u0131z gelsin, \u00fcyelik kart\u0131 als\u0131n; \u00e7ay, kahve ve \u00e7orba bizden. Afiyet \u015feker olsun. Yaz\u0131n so\u011fuk, k\u0131\u015f\u0131n s\u0131cak bir ortamda ilim ve bilimle u\u011fra\u015fs\u0131nlar, gitsinler en g\u00fczel \u00fcniversitelerde okusunlar. Ba\u015fta \u00fclkemize, Mersin&#8217;imize ve insanl\u0131\u011fa yararl\u0131 birer birey olsunlar. Bizim tek arzumuz bu&#8221; dedi. Son olarak yar\u0131n ba\u015flayacak olan Edebiyat Festivali&#8217;ne de \u00e7a\u011fr\u0131 yapan Ba\u015fkan Se\u00e7er, t\u00fcm Mersinlileri festivale davet ederek, &#8220;Mersin; k\u00fclt\u00fcr, sanat, bilim, ilim, insanl\u0131k kenti olana kadar hizmetlerimizi s\u00fcrd\u00fcrece\u011fiz&#8221; diye belirtti.<br \/>\nAhmet \u00dcmit: &#8220;Benzersiz bir k\u00fct\u00fcphane ile kar\u015f\u0131 kar\u015f\u0131yay\u0131z&#8221;<br \/>\nEdebiyat Festivali i\u00e7in Mersin&#8217;e gelen yazar Ahmet \u00dcmit, d\u00fcnyan\u0131n bir\u00e7ok yerinde \u00e7ok farkl\u0131 ve g\u00fczel k\u00fct\u00fcphaneler g\u00f6rd\u00fc\u011f\u00fcn\u00fc ancak Adres Okuma Salonu&#8217;nun denize s\u0131f\u0131r, denizin ayd\u0131nl\u0131\u011f\u0131na a\u00e7\u0131lan bir k\u00fct\u00fcphane oldu\u011funu ifade ederek, &#8220;Biz yazarlar i\u00e7in ger\u00e7ek tap\u0131naklar k\u00fct\u00fcphanelerdir. \u00c7\u00fcnk\u00fc k\u00fct\u00fcphaneler olmadan insanl\u0131\u011f\u0131n ortak belle\u011fi olmaz, insanl\u0131\u011f\u0131n ortak g\u00fczellik ar\u015fivi olmaz. Burada bug\u00fcn benzersiz bir k\u00fct\u00fcphane ile kar\u015f\u0131 kar\u015f\u0131yay\u0131z. Cumhuriyetimizin 100. y\u0131l d\u00f6n\u00fcm\u00fc ve biz bu y\u0131l T\u00fcrkiye&#8217;de b\u00fcy\u00fck bir de\u011fi\u015fimi ger\u00e7ekle\u015ftirece\u011fiz. Bar\u0131\u015f, karde\u015flik, e\u015fitlik, insanl\u0131k k\u00fclt\u00fcr\u00fcn do\u011fa ile bar\u0131\u015fm\u0131\u015f, \u00f6teki canlarla bar\u0131\u015fm\u0131\u015f yepyeni bir vizyonu ger\u00e7ekle\u015ftirmek zorunday\u0131z. \u0130\u015fte bunu yapmak i\u00e7in siyaset yetmez, bunu yapmak i\u00e7in edebiyat, sanat gerekir. Edebiyat\u0131n sanat\u0131n merkezi de i\u015fte bu t\u00fcr k\u00fct\u00fcphaneler olacak. Sevgili Belediye Ba\u015fkan\u0131m\u0131z Vahap Se\u00e7er&#8217;i y\u00fcrekten kutluyorum. Nas\u0131l ki \u00e7ocuklar\u0131m\u0131z\u0131n bedensel beslenmesi i\u00e7in onlara s\u00fct, yumurta, \u0131spanak yediriyorsak onlar\u0131n ruhlar\u0131n\u0131n beslenmesi i\u00e7in de kitapla beslememiz gerekiyor&#8221; dedi.<br \/>\nF\u0131rat: &#8220;Buras\u0131 denizin kalbine in\u015fa edilmi\u015f hakiki bir k\u00fclt\u00fcr bah\u00e7esi&#8221;<br \/>\n\u0130n\u00f6n\u00fc \u00dcniversitesi T\u00fcrk Dili ve Edebiyat\u0131 B\u00f6l\u00fcm\u00fc doktora \u00f6\u011frencisi Mehmet Zeki F\u0131rat, &#8220;Bu muazzam mekan\u0131 ruhsal olarak besleyecek ve b\u00fcy\u00fctecek, onun belle\u011fini, haf\u0131zas\u0131n\u0131 bilincini in\u015fa edecek olan bizleriz. Biz \u00f6\u011frenciler, biz veliler, biz \u015fehir halk\u0131. Buran\u0131n haf\u0131zas\u0131na g\u00fczellikler katmak hepimizin elinde. Bence buras\u0131 denizin kalbine in\u015fa edilmi\u015f hakiki bir k\u00fclt\u00fcr bah\u00e7esi. \u00c7i\u00e7ekleri, kitaplar ve gen\u00e7ler olan bir k\u00fclt\u00fcr bah\u00e7esi&#8221; diye konu\u015ftu.<br \/>\nKonu\u015fmalar\u0131n ard\u0131ndan Ba\u015fkan Se\u00e7er ve e\u015fi Meral Se\u00e7er, T\u00fcrkiye&#8217;nin birbirinden de\u011ferli yazarlar\u0131 ve Mersinliler ile birlikte Adres Okuma Salonu&#8217;nun a\u00e7\u0131l\u0131\u015f\u0131n\u0131 ger\u00e7ekle\u015ftirdi.<\/p>\n","protected":false},"excerpt":{"rendered":"<p>Mersin B\u00fcy\u00fck\u015fehir Belediyesi&#8217;nin K\u00fclt\u00fcr Park i\u00e7erisinde yap\u0131m\u0131n\u0131 tamamlad\u0131\u011f\u0131 Akdeniz manzaral\u0131 &#8220;Adres Okuma Salonu&#8221;nun a\u00e7\u0131l\u0131\u015f\u0131 yap\u0131ld\u0131. B\u00fcy\u00fck\u015fehir Belediyesi&#8217;nin, &#8220;Mersin Y\u00fckseliyor, 41 Kere M\u00fcjde, 41 Yeni A\u00e7\u0131l\u0131\u015f&#8221; mottosuyla ba\u015flatt\u0131\u011f\u0131 a\u00e7\u0131l\u0131\u015flar\u0131n 5&#8217;incisi olan &hellip; <a href=\"https:\/\/akdenizolaygazetesi.com\/?p=23501\" class=\"more-link\">Devam\u0131n\u0131 Oku&#8230;<\/a><\/p>\n","protected":false},"author":2,"featured_media":23502,"comment_status":"open","ping_status":"open","sticky":false,"template":"","format":"standard","meta":[],"categories":[34,1,2,3],"tags":[],"_links":{"self":[{"href":"https:\/\/akdenizolaygazetesi.com\/index.php?rest_route=\/wp\/v2\/posts\/23501"}],"collection":[{"href":"https:\/\/akdenizolaygazetesi.com\/index.php?rest_route=\/wp\/v2\/posts"}],"about":[{"href":"https:\/\/akdenizolaygazetesi.com\/index.php?rest_route=\/wp\/v2\/types\/post"}],"author":[{"embeddable":true,"href":"https:\/\/akdenizolaygazetesi.com\/index.php?rest_route=\/wp\/v2\/users\/2"}],"replies":[{"embeddable":true,"href":"https:\/\/akdenizolaygazetesi.com\/index.php?rest_route=%2Fwp%2Fv2%2Fcomments&post=23501"}],"version-history":[{"count":1,"href":"https:\/\/akdenizolaygazetesi.com\/index.php?rest_route=\/wp\/v2\/posts\/23501\/revisions"}],"predecessor-version":[{"id":23503,"href":"https:\/\/akdenizolaygazetesi.com\/index.php?rest_route=\/wp\/v2\/posts\/23501\/revisions\/23503"}],"wp:featuredmedia":[{"embeddable":true,"href":"https:\/\/akdenizolaygazetesi.com\/index.php?rest_route=\/wp\/v2\/media\/23502"}],"wp:attachment":[{"href":"https:\/\/akdenizolaygazetesi.com\/index.php?rest_route=%2Fwp%2Fv2%2Fmedia&parent=23501"}],"wp:term":[{"taxonomy":"category","embeddable":true,"href":"https:\/\/akdenizolaygazetesi.com\/index.php?rest_route=%2Fwp%2Fv2%2Fcategories&post=23501"},{"taxonomy":"post_tag","embeddable":true,"href":"https:\/\/akdenizolaygazetesi.com\/index.php?rest_route=%2Fwp%2Fv2%2Ftags&post=23501"}],"curies":[{"name":"wp","href":"https:\/\/api.w.org\/{rel}","templated":true}]}}