{"id":23516,"date":"2023-01-13T16:15:12","date_gmt":"2023-01-13T13:15:12","guid":{"rendered":"http:\/\/akdenizolaygazetesi.com\/?p=23516"},"modified":"2023-01-13T16:15:12","modified_gmt":"2023-01-13T13:15:12","slug":"buyuksehir-olarak-yanlis-bir-sey-yapilmasina-musaade-etmeyecegiz","status":"publish","type":"post","link":"https:\/\/akdenizolaygazetesi.com\/?p=23516","title":{"rendered":"&#8220;B\u00dcY\u00dcK\u015eEH\u0130R OLARAK YANLI\u015e B\u0130R \u015eEY YAPILMASINA M\u00dcSAADE ETMEYECE\u011e\u0130Z&#8221;"},"content":{"rendered":"<p>Mersin B\u00fcy\u00fck\u015fehir Belediye Meclisi&#8217;nin 2023 Y\u0131l\u0131 Ocak ay\u0131 2. Birle\u015fim Toplant\u0131s\u0131, B\u00fcy\u00fck\u015fehir Belediye Ba\u015fkan\u0131 Vahap Se\u00e7er ba\u015fkanl\u0131\u011f\u0131nda ger\u00e7ekle\u015ftirildi. Oturum; B\u00fcy\u00fck\u015fehir Belediyesi Kongre ve Sergi Saray\u0131&#8217;nda yap\u0131ld\u0131. Ba\u015fkan Se\u00e7er, g\u00fcndem d\u0131\u015f\u0131 konu\u015fmalar bug\u00fcn a\u00e7\u0131l\u0131\u015f\u0131 ger\u00e7ekle\u015ftirilecek olan &#8216;Mersin Edebiyat Festivali&#8217;, Mezitli&#8217;de tart\u0131\u015fmalara konu olan \u00e7ok katl\u0131 bina yap\u0131m\u0131, kente kazand\u0131r\u0131lan okuma salonlar\u0131 gibi konular hakk\u0131nda bilgiler verdi.<br \/>\n&#8220;T\u00fcm \u015fehitlerimize, vefa ve \u015f\u00fckran borcumuz hi\u00e7 bitmeyecek&#8221;<br \/>\nBa\u015fkan Se\u00e7er, 11&#8217;nci \u00f6l\u00fcm y\u0131l d\u00f6n\u00fcm\u00fcnde Kuzey K\u0131br\u0131s T\u00fcrk Cumhuriyeti&#8217;nin kurucu Cumhurba\u015fkan\u0131 merhum Rauf Denkta\u015f&#8217;\u0131n rahmetle and\u0131. Se\u00e7er, &#8220;Denkta\u015f, \u00f6mr\u00fcn\u00fc K\u0131br\u0131s davas\u0131na adam\u0131\u015f bir b\u00fcy\u00fck sanat, siyaset ve devlet adam\u0131d\u0131r. Denkta\u015f, Doktor Faz\u0131l K\u00fc\u00e7\u00fck, B\u00fclent Ecevit ve Necmettin Erbakan ba\u015fta olmak \u00fczere; rahmete ermi\u015f K\u0131br\u0131s davas\u0131nda m\u00fccadele eden b\u00fcy\u00fcklerimiz minnet, \u015f\u00fckran ve rahmetle an\u0131yorum. T\u00fcm \u015fehitlerimize, vefa ve \u015f\u00fckran borcumuzun hi\u00e7 bitmeyece\u011finin bilinmesini istiyorum&#8221; dedi.<br \/>\n&#8220;Kentimize yeni bir festival daha kazand\u0131rman\u0131n gururunu ya\u015f\u0131yoruz&#8221;<br \/>\nBug\u00fcn a\u00e7\u0131l\u0131\u015f\u0131 yap\u0131lacak &#8216;Mersin Edebiyat Festivali&#8217; hakk\u0131nda bilgiler veren Se\u00e7er, \u015funlar\u0131 s\u00f6yledi: &#8220;Mersin B\u00fcy\u00fck\u015fehir Belediyesi olarak kentimize yeni bir festival daha kazand\u0131rman\u0131n gururunu ya\u015f\u0131yoruz. Mersin&#8217;de bir ilk olacak olan &#8216;Mersin Edebiyat Festivali&#8217;mizin t\u00fcm haz\u0131rl\u0131klar\u0131n\u0131 tamamlad\u0131k. 3 g\u00fcn s\u00fcrecek festivalimizin a\u00e7\u0131l\u0131\u015f\u0131n\u0131 bug\u00fcn burada yani Mersin B\u00fcy\u00fck\u015fehir Belediyesi Kongre Merkezi&#8217;nde yapaca\u011f\u0131z. Festival boyunca birbirinden de\u011ferli \u015fair ve yazarlar\u0131 kentimizde a\u011f\u0131rlayaca\u011f\u0131z. Festival kapsam\u0131nda gen\u00e7 kalemlerimizi edebiyat d\u00fcnyas\u0131na kazand\u0131rmak, yaz\u0131n d\u00fcnyas\u0131na yeni hikayeler arma\u011fan etmek \u00fczere bu y\u0131l ilk defa liseli \u00f6\u011frenciler aras\u0131nda d\u00fczenledi\u011fimiz, &#8216;Hik\u00e2yelerle Ku\u015faktan Ku\u015fa\u011fa Mersin&#8217; An\u0131-Hik\u00e2ye \u00d6d\u00fcl\u00fc&#8217;n\u00fc sahiplerine verece\u011fiz. Yine ge\u00e7en y\u0131l Mersin&#8217;e kazand\u0131rd\u0131\u011f\u0131m\u0131z &#8216;Mersin Roman \u00d6d\u00fcl\u00fc&#8217;n\u00fcn ikincisini ve \u0130\u00e7el Sanat Kul\u00fcb\u00fc&#8217;n\u00fcn ilk kez d\u00fczenledi\u011fi &#8216;Rehber Ayd\u0131n&#8217; \u015fiir yar\u0131\u015fmas\u0131nda \u015fairlerimiz \u00f6d\u00fcllerini alacaklar. Yine Mersin Edebiyat Derne\u011fi taraf\u0131ndan d\u00fczenlenen &#8216;\u0130lyas Halil \u00d6yk\u00fc \u00d6d\u00fcl\u00fc&#8217; de sahiplerini bulacak. Festival boyunca \u015fiir ve m\u00fczik dinletileri, at\u00f6lyeler ve s\u00f6yle\u015filerde sanatseverler ile bulu\u015facak. Edebiyat\u0131m\u0131z\u0131n \u00fcnl\u00fc isimlerinden yazar ve \u015fair Naz\u0131m Hikmet&#8217;in do\u011fum g\u00fcn\u00fcn\u00fc festivalimizde hep birlikte kutlayaca\u011f\u0131z. Arkada\u015flar\u0131m\u0131z \u00e7ok iyi haz\u0131rland\u0131, \u00e7ok emek verdiler. Sizleri ve ekran ba\u015f\u0131ndaki t\u00fcm vatanda\u015flar\u0131m\u0131z\u0131 3 g\u00fcnl\u00fck edebiyat \u015f\u00f6lenimize kat\u0131lmaya davet ediyorum.&#8221;<br \/>\n&#8220;Kamuoyu vicdan\u0131nda kar\u015f\u0131l\u0131\u011f\u0131n\u0131 bulmayan bir durum bu&#8221;<br \/>\nGe\u00e7ti\u011fimiz birle\u015fimde B\u00fcy\u00fck\u015fehir Belediye Meclis toplant\u0131s\u0131nda konu\u015fulan Mezitli il\u00e7esinde yap\u0131m\u0131 g\u00fcndemde olan zemin kat\u0131 \u00fczerine yap\u0131lacak 32 katl\u0131 bina konusu \u00fczerinde tekrar konu\u015fuldu. Konuyla ilgili a\u00e7\u0131klamalarda bulunan Ba\u015fkan Se\u00e7er, yap\u0131n\u0131n ge\u00e7mi\u015ften gelen s\u00fcreci hakk\u0131nda bilgiler verdi. Ba\u015fkan Se\u00e7er, &#8220;\u015eahsi g\u00f6r\u00fc\u015f\u00fcm; kamuoyu vicdan\u0131nda kar\u015f\u0131l\u0131\u011f\u0131n\u0131 bulmayan bir durum bu. Onun i\u00e7in ben buradan konu a\u00e7\u0131ld\u0131\u011f\u0131 i\u00e7in s\u00f6yl\u00fcyorum. Hem Say\u0131n Mezitli Belediye Ba\u015fkan\u0131&#8217;na hem de in\u015faat\u0131n m\u00fcteahhidine buradan bir \u00e7a\u011fr\u0131 yapmak istiyorum. Bu konunun tekrar bir g\u00f6zden ge\u00e7irilip, belki revize bir planla bu in\u015faat\u0131n devam\u0131n\u0131n uygun olaca\u011f\u0131n\u0131 d\u00fc\u015f\u00fcn\u00fcyorum. \u0130kinci uyar\u0131m da; ba\u015fta Mimarlar Odas\u0131 ile \u0130n\u015faat M\u00fchendisleri Odas\u0131&#8217;na ve \u0130l Koordinasyon Kurulu&#8217;na. Her zaman sivil toplumun g\u00fcc\u00fcne inanan bir siyaset\u00e7iyim ve sivil toplumda hangi konu olursa olsun herhangi bir taraf tutmadan, tarafs\u0131z bir tav\u0131rla g\u00f6revini yerine getirmek durumundad\u0131r&#8221; dedi.<br \/>\nB\u00fcy\u00fck\u015fehir Belediyesi olarak yasalar \u00e7er\u00e7evesinde sorumluluklar\u0131n\u0131 yerine getireceklerini s\u00f6yleyen Se\u00e7er, &#8220;Umut ediyorum, yak\u0131n bir zamanda vatanda\u015flar\u0131m\u0131z\u0131 da memnun edecek, en az\u0131ndan onlar\u0131n da endi\u015felerini giderecek bir sonu\u00e7la bu konuyu ba\u011flar\u0131z. Mersin halk\u0131n\u0131n endi\u015fe etmemesi gerekir. B\u00fcy\u00fck\u015fehir olarak bu konunun \u00fczerindeyiz. Yanl\u0131\u015f bir \u015fey yap\u0131lmas\u0131na kesinlikle m\u00fcsaade etmeyece\u011fimizi bilmelerini isterim&#8221; diye konu\u015ftu.<br \/>\n &#8220;\u0130lk\u00f6\u011fretim okullar\u0131na hi\u00e7bir gerek\u00e7eye s\u0131\u011f\u0131nmadan yard\u0131mc\u0131 olmaya \u00e7al\u0131\u015f\u0131yoruz&#8221;<br \/>\nBa\u015fkan Se\u00e7er, bir Meclis \u00fcyesinin B\u00fcy\u00fck\u015fehir&#8217;in okullar\u0131n baz\u0131 ihtiya\u00e7lar\u0131n\u0131n kar\u015f\u0131lamas\u0131 hakk\u0131ndaki g\u00f6r\u00fc\u015fleri \u00fczerine, &#8220;E\u011fitim bizim i\u00e7in de\u011ferli. G\u00f6rece olarak dezavantajl\u0131 b\u00f6lgelerdeki ilk\u00f6\u011fretim okullar\u0131na hi\u00e7bir gerek\u00e7eye s\u0131\u011f\u0131nmadan yard\u0131mc\u0131 olmaya \u00e7al\u0131\u015f\u0131yoruz. Mersin&#8217;de hangi noktada bizim kuruma ait ya da ait olmayan sorun varsa B\u00fcy\u00fck\u015fehir bir yerinde mutlaka ili\u015fkilendirilebiliyor veya do\u011fal olarak onunla ba\u011flant\u0131 kurulabiliyor. Milli E\u011fitim&#8217;le ilgili konular da bunlardan bir tanesi.  Bizim Milli E\u011fitim&#8217;le koordinasyonumuz son derece iyi. Bize oradan da okul aile birliklerinden de talep gelse elimizden geleni yap\u0131yoruz. Bundan sonra da hassasiyetimiz devam edecek&#8221; dedi.<br \/>\n&#8220;\u00d6n\u00fcm\u00fczdeki haftalarda Hal Mahallesi Okuma Salonu&#8217;nu a\u00e7aca\u011f\u0131z&#8221;<br \/>\nAdres Okuma Salonu&#8217;nun Mersin&#8217;e kazand\u0131rd\u0131klar\u0131 \u00e7ok g\u00fczel bir hizmet oldu\u011funu belirten Se\u00e7er, kente okuma salonu kazand\u0131rmaya devam edeceklerini vurgulad\u0131. &#8220;\u00d6n\u00fcm\u00fczdeki haftalarda Hal Mahallesi Okuma Salonu&#8217;nu a\u00e7aca\u011f\u0131z&#8221; bilgisini payla\u015fan Se\u00e7er, &#8220;Gen\u00e7lerimiz ko\u015fullar\u0131 itibari ile b\u00fcy\u00fck s\u0131k\u0131nt\u0131lar ya\u015f\u0131yorlar. Bunu g\u00f6rmek laz\u0131m. Onlara daha \u00e7ok destek olmam\u0131z laz\u0131m&#8221; ifadelerini kulland\u0131.<br \/>\n&#8220;Erdemli kanalizasyon ar\u0131tma tesisi yak\u0131n zamanda ihale a\u015famas\u0131na ge\u00e7ecek&#8221;<br \/>\nErdemli&#8217;nin s\u00fcrekli geli\u015fmekte olan bir il\u00e7e oldu\u011funu s\u00f6yleyen Ba\u015fkan Se\u00e7er, il\u00e7eye yap\u0131lacak olan kanalizasyon ar\u0131tma tesisinden s\u00f6z ederek, &#8220;Yakla\u015f\u0131k 15 milyon Avro&#8217;luk FRIT-II kapsam\u0131nda bir \u00e7al\u0131\u015fma. M\u00fc\u015favir firma yetkilileri \u015fu an sahada, saha et\u00fctleri yap\u0131lacak sonras\u0131nda ihale a\u015famas\u0131na gelecek&#8221; dedi.<br \/>\n&#8220;Mezitli i\u00e7me suyu i\u00e7in ikinci kez ihaleye \u00e7\u0131kaca\u011f\u0131z&#8221;<br \/>\nMezitli i\u00e7me suyu ihalesine de \u00e7\u0131kt\u0131klar\u0131n\u0131 ancak iptal etmek zorunda kald\u0131klar\u0131n\u0131 belirten Ba\u015fkan Se\u00e7er, &#8220;O b\u00f6lgenin \u00e7ok geni\u015f bir kapsam\u0131nda kanalizasyon artma sorunu \u00e7\u00f6z\u00fclecek. Oradan ne \u015fik\u00e2yet gelirse insanlar hakl\u0131 ama bu sorumluluk sadece benim de\u011fil. 4 y\u0131ld\u0131r \u00e7\u0131rp\u0131n\u0131yorum \u015fu kredi i\u00e7in, 4 y\u0131ld\u0131r ko\u015fturuyoruz&#8221; diye konu\u015ftu.<\/p>\n","protected":false},"excerpt":{"rendered":"<p>Mersin B\u00fcy\u00fck\u015fehir Belediye Meclisi&#8217;nin 2023 Y\u0131l\u0131 Ocak ay\u0131 2. Birle\u015fim Toplant\u0131s\u0131, B\u00fcy\u00fck\u015fehir Belediye Ba\u015fkan\u0131 Vahap Se\u00e7er ba\u015fkanl\u0131\u011f\u0131nda ger\u00e7ekle\u015ftirildi. Oturum; B\u00fcy\u00fck\u015fehir Belediyesi Kongre ve Sergi Saray\u0131&#8217;nda yap\u0131ld\u0131. Ba\u015fkan Se\u00e7er, g\u00fcndem d\u0131\u015f\u0131 &hellip; <a href=\"https:\/\/akdenizolaygazetesi.com\/?p=23516\" class=\"more-link\">Devam\u0131n\u0131 Oku&#8230;<\/a><\/p>\n","protected":false},"author":2,"featured_media":23517,"comment_status":"open","ping_status":"open","sticky":false,"template":"","format":"standard","meta":[],"categories":[2,3,5],"tags":[],"_links":{"self":[{"href":"https:\/\/akdenizolaygazetesi.com\/index.php?rest_route=\/wp\/v2\/posts\/23516"}],"collection":[{"href":"https:\/\/akdenizolaygazetesi.com\/index.php?rest_route=\/wp\/v2\/posts"}],"about":[{"href":"https:\/\/akdenizolaygazetesi.com\/index.php?rest_route=\/wp\/v2\/types\/post"}],"author":[{"embeddable":true,"href":"https:\/\/akdenizolaygazetesi.com\/index.php?rest_route=\/wp\/v2\/users\/2"}],"replies":[{"embeddable":true,"href":"https:\/\/akdenizolaygazetesi.com\/index.php?rest_route=%2Fwp%2Fv2%2Fcomments&post=23516"}],"version-history":[{"count":1,"href":"https:\/\/akdenizolaygazetesi.com\/index.php?rest_route=\/wp\/v2\/posts\/23516\/revisions"}],"predecessor-version":[{"id":23518,"href":"https:\/\/akdenizolaygazetesi.com\/index.php?rest_route=\/wp\/v2\/posts\/23516\/revisions\/23518"}],"wp:featuredmedia":[{"embeddable":true,"href":"https:\/\/akdenizolaygazetesi.com\/index.php?rest_route=\/wp\/v2\/media\/23517"}],"wp:attachment":[{"href":"https:\/\/akdenizolaygazetesi.com\/index.php?rest_route=%2Fwp%2Fv2%2Fmedia&parent=23516"}],"wp:term":[{"taxonomy":"category","embeddable":true,"href":"https:\/\/akdenizolaygazetesi.com\/index.php?rest_route=%2Fwp%2Fv2%2Fcategories&post=23516"},{"taxonomy":"post_tag","embeddable":true,"href":"https:\/\/akdenizolaygazetesi.com\/index.php?rest_route=%2Fwp%2Fv2%2Ftags&post=23516"}],"curies":[{"name":"wp","href":"https:\/\/api.w.org\/{rel}","templated":true}]}}