{"id":23519,"date":"2023-01-13T16:16:37","date_gmt":"2023-01-13T13:16:37","guid":{"rendered":"http:\/\/akdenizolaygazetesi.com\/?p=23519"},"modified":"2023-01-13T16:16:37","modified_gmt":"2023-01-13T13:16:37","slug":"baskan-secer-sozlesmeli-personel-icin-meclisin-ve-bakanligin-onayi-lazim","status":"publish","type":"post","link":"https:\/\/akdenizolaygazetesi.com\/?p=23519","title":{"rendered":"BA\u015eKAN SE\u00c7ER: &#8220;S\u00d6ZLE\u015eMEL\u0130 PERSONEL \u0130\u00c7\u0130N MECL\u0130S&#8217;\u0130N VE BAKANLI\u011eIN ONAYI LAZIM&#8221;"},"content":{"rendered":"<p>Mersin B\u00fcy\u00fck\u015fehir Belediye Meclisi&#8217;nin 2023 Y\u0131l\u0131 Ocak ay\u0131 2. Birle\u015fim Toplant\u0131s\u0131, B\u00fcy\u00fck\u015fehir Belediye Ba\u015fkan\u0131 Vahap Se\u00e7er ba\u015fkanl\u0131\u011f\u0131nda ger\u00e7ekle\u015ftirildi. Meclis Toplant\u0131s\u0131&#8217;nda; birimlerden gelen 1 ve komisyonlara havale edilen 1 olmak \u00fczere toplam 2 madde g\u00f6r\u00fc\u015f\u00fclerek oyland\u0131.<br \/>\nKomisyonlardan gelen madde, Mersin B\u00fcy\u00fck\u015fehir Belediyesi&#8217;nde g\u00f6rev yapan s\u00f6zle\u015fmeli personel ve bo\u015f olarak tahsis edilen kadrolar\u0131n \u00fccretlerinin belirlenmesi maddesi oldu. Birimlerden gelen madde ise Mersin B\u00fcy\u00fck\u015fehir Belediyesi ile T\u00fcrkiye Ormanc\u0131lar Derne\u011fi (TOD) aras\u0131nda orman yang\u0131nlar\u0131n\u0131n \u00f6nlenmesine y\u00f6nelik \u00e7al\u0131\u015fmalar\u0131n y\u00fcr\u00fct\u00fclmesi amac\u0131yla yap\u0131lacak i\u015f birli\u011fi protokol\u00fcyd\u00fc.<br \/>\n&#8220;30 civar\u0131nda s\u00f6zle\u015fmeli personel alm\u0131\u015f\u0131z&#8221;<br \/>\nMevcutta bulunan 74 s\u00f6zle\u015fmeli personelin \u00fccretinin belirlemesi ve 2023 y\u0131l\u0131nda 123 bo\u015f tahsis edilen kadrolar\u0131n \u00fccretinin belirlenmesi g\u00f6r\u00fc\u015f\u00fclen maddeler aras\u0131ndayd\u0131. S\u00f6z konusu maddenin 123 s\u00f6zle\u015fmeli personel alma hakk\u0131 do\u011furup do\u011furmayaca\u011f\u0131n\u0131n sorulmas\u0131 \u00fczerine Ba\u015fkan Se\u00e7er, &#8220;Bizde 74 s\u00f6zle\u015fmeli personel var. Yan\u0131lm\u0131yorsam geldi\u011fimizde 42 s\u00f6zle\u015fmeli vard\u0131. Demek ki bu say\u0131n\u0131n \u00fczerine 30 civar\u0131nda s\u00f6zle\u015fmeli personel alm\u0131\u015f\u0131z. Bak\u0131n, 123 daha a\u00e7\u0131k kadro var. Ben bug\u00fcne kadar alabilirdim.  30 taneyi alan bunlar\u0131 da al\u0131rd\u0131 ama oradaki meslek gruplar\u0131na bak\u0131yorum. \u015eu anda benim ihtiyac\u0131m olan kadrolar de\u011fil. Zaten siz verseniz de vermeseniz de ben o 123 ki\u015fiyi \u015fu anda 1 y\u0131ll\u0131k s\u00f6zle\u015fmeyle yani bo\u015f olan kadrolara alabilirim. Derdimiz o de\u011fil. O zaten elimizde ama alm\u0131yoruz, yapm\u0131yoruz. \u00c7ok ekstrem personel olmazsa olmuyor&#8221; dedi.<br \/>\n&#8220;S\u00f6zle\u015fmeli personel i\u00e7in Meclis&#8217;in ve Bakanl\u0131\u011f\u0131n onay\u0131 laz\u0131m&#8221;<br \/>\nS\u00f6zle\u015fmeli personel al\u0131m\u0131 i\u00e7in Bakanl\u0131k onay\u0131 gerekti\u011fini de aktaran Ba\u015fkan Se\u00e7er, &#8220;Biliyorsunuz Meclis&#8217;in ve Bakanl\u0131\u011f\u0131n onay\u0131 laz\u0131m. 100 itfaiye personeli memur i\u00e7in ka\u00e7 ayd\u0131r bekliyoruz. 282 m\u00fcracaat\u0131m\u0131z vard\u0131. Ben Say\u0131n Bakan&#8217;\u0131 arad\u0131m, durumu kendisine ilettim. \u0130tfaiyeci olmas\u0131 sebebiyle de durumun hayati \u00f6nem ta\u015f\u0131d\u0131\u011f\u0131na ikna ettim. 100 kadroyu kendisinden zor ald\u0131m, daha yeni geldi o. Yine de anlay\u0131\u015f\u0131 i\u00e7in te\u015fekk\u00fcr ediyorum 100 kadro da olsa. Bak\u0131n, 282 kadro i\u00e7inden&#8221; diye konu\u015ftu. \u0130lgili madde oy birli\u011fi ile kabul edildi.<br \/>\nMersin B\u00fcy\u00fck\u015fehir Belediyesi ile T\u00fcrkiye Ormanc\u0131lar Derne\u011fi (TOD) aras\u0131nda orman yang\u0131nlar\u0131n\u0131n \u00f6nlenmesine y\u00f6nelik \u00e7al\u0131\u015fmalar\u0131n y\u00fcr\u00fct\u00fclmesi, orman ve di\u011fer a\u00e7\u0131k alan yang\u0131nlar\u0131na ili\u015fkin e\u011fitim, bilgilendirme ve bilin\u00e7lendirme etkinliklerinin d\u00fczenlenmesi amac\u0131 ile i\u015f birli\u011fi protokol\u00fc imzalanmas\u0131 da g\u00f6r\u00fc\u015f\u00fclen di\u011fer konular aras\u0131ndayd\u0131. Konuyla ilgili konu\u015fan Ba\u015fkan Se\u00e7er, &#8220;Bunlar emekli ormanc\u0131lardan olu\u015fan insanlar. Hakikaten b\u00f6lgemizdekilerin bir\u00e7o\u011funu da sizler tan\u0131rs\u0131n\u0131z. \u00d6zellikle orman k\u00f6yl\u00fcleri tan\u0131r. Bu insanlar bana ka\u00e7 kez geldi, rica etti; &#8216;Biz \u00e7al\u0131\u015fmalar yapal\u0131m, i\u015f birli\u011fi yapal\u0131m, orman yang\u0131nlar\u0131 ile ilgili deneyimlerimizi aktaral\u0131m, kitap\u00e7\u0131k yazal\u0131m, kitap haz\u0131rlayal\u0131m&#8217;. Siz de s\u0131cak bakarsan\u0131z onlar ad\u0131na ben de mutlu olurum. \u0130stedikleri bir \u015fey yok. Neticede bir sivil toplum \u00f6rg\u00fct\u00fc. Zaten bunlar emekli insanlar ama 30 y\u0131l\u0131n\u0131, 40 y\u0131l\u0131n\u0131 vermi\u015f. Ciddi bir birikimleri var bu insanlar\u0131n. Biliyorsunuz emekli insanlar bir \u015fey yapmak ister, katk\u0131 sunmak ister. \u00c7ok \u00f6nemli bir \u015fey istemiyorlar ama tabi bu yasa gere\u011fi benim de sizden yetki almam laz\u0131m&#8221; ifadelerini kulland\u0131. Konu\u015fmalar\u0131n ard\u0131ndan madde ilgili komisyonlara havale edildi.<\/p>\n","protected":false},"excerpt":{"rendered":"<p>Mersin B\u00fcy\u00fck\u015fehir Belediye Meclisi&#8217;nin 2023 Y\u0131l\u0131 Ocak ay\u0131 2. Birle\u015fim Toplant\u0131s\u0131, B\u00fcy\u00fck\u015fehir Belediye Ba\u015fkan\u0131 Vahap Se\u00e7er ba\u015fkanl\u0131\u011f\u0131nda ger\u00e7ekle\u015ftirildi. Meclis Toplant\u0131s\u0131&#8217;nda; birimlerden gelen 1 ve komisyonlara havale edilen 1 olmak \u00fczere &hellip; <a href=\"https:\/\/akdenizolaygazetesi.com\/?p=23519\" class=\"more-link\">Devam\u0131n\u0131 Oku&#8230;<\/a><\/p>\n","protected":false},"author":2,"featured_media":23520,"comment_status":"open","ping_status":"open","sticky":false,"template":"","format":"standard","meta":[],"categories":[34,2,3],"tags":[],"_links":{"self":[{"href":"https:\/\/akdenizolaygazetesi.com\/index.php?rest_route=\/wp\/v2\/posts\/23519"}],"collection":[{"href":"https:\/\/akdenizolaygazetesi.com\/index.php?rest_route=\/wp\/v2\/posts"}],"about":[{"href":"https:\/\/akdenizolaygazetesi.com\/index.php?rest_route=\/wp\/v2\/types\/post"}],"author":[{"embeddable":true,"href":"https:\/\/akdenizolaygazetesi.com\/index.php?rest_route=\/wp\/v2\/users\/2"}],"replies":[{"embeddable":true,"href":"https:\/\/akdenizolaygazetesi.com\/index.php?rest_route=%2Fwp%2Fv2%2Fcomments&post=23519"}],"version-history":[{"count":1,"href":"https:\/\/akdenizolaygazetesi.com\/index.php?rest_route=\/wp\/v2\/posts\/23519\/revisions"}],"predecessor-version":[{"id":23521,"href":"https:\/\/akdenizolaygazetesi.com\/index.php?rest_route=\/wp\/v2\/posts\/23519\/revisions\/23521"}],"wp:featuredmedia":[{"embeddable":true,"href":"https:\/\/akdenizolaygazetesi.com\/index.php?rest_route=\/wp\/v2\/media\/23520"}],"wp:attachment":[{"href":"https:\/\/akdenizolaygazetesi.com\/index.php?rest_route=%2Fwp%2Fv2%2Fmedia&parent=23519"}],"wp:term":[{"taxonomy":"category","embeddable":true,"href":"https:\/\/akdenizolaygazetesi.com\/index.php?rest_route=%2Fwp%2Fv2%2Fcategories&post=23519"},{"taxonomy":"post_tag","embeddable":true,"href":"https:\/\/akdenizolaygazetesi.com\/index.php?rest_route=%2Fwp%2Fv2%2Ftags&post=23519"}],"curies":[{"name":"wp","href":"https:\/\/api.w.org\/{rel}","templated":true}]}}