{"id":23522,"date":"2023-01-14T17:34:34","date_gmt":"2023-01-14T14:34:34","guid":{"rendered":"http:\/\/akdenizolaygazetesi.com\/?p=23522"},"modified":"2023-01-14T17:34:34","modified_gmt":"2023-01-14T14:34:34","slug":"vatandaslar-mersin-edebiyat-festivalini-ilgiyle-karsiladi","status":"publish","type":"post","link":"https:\/\/akdenizolaygazetesi.com\/?p=23522","title":{"rendered":"VATANDA\u015eLAR MERS\u0130N EDEB\u0130YAT FEST\u0130VAL\u0130&#8217;N\u0130 \u0130LG\u0130YLE KAR\u015eILADI"},"content":{"rendered":"<p>Mersin B\u00fcy\u00fck\u015fehir Belediyesi&#8217;nin bu y\u0131l &#8216;Kar\u015f\u0131la\u015fmalar&#8217; temas\u0131yla ilkini ger\u00e7ekle\u015ftirdi\u011fi &#8216;Mersin Edebiyat Festivali&#8217; ba\u015flad\u0131. &#8216;Mersinli Yazar Ve \u015eairlerin Kitap Kapaklar\u0131&#8217;n\u0131n sergisi ile ba\u015flayan program Festival A\u00e7\u0131l\u0131\u015f\u0131 \u00d6zel Program\u0131 ile devam etti.  <\/p>\n<p>Edebiyat Festivali&#8217;nin ilk g\u00fcn\u00fcnde; Yazar Ahmet \u00dcmit&#8217;in  &#8216;Bir A\u015fk Masal\u0131&#8217; s\u00f6yle\u015fisi Prof. Dr. Onur Bilge Kula&#8217;n\u0131n &#8216;Mersin, K\u00fclt\u00fcrel \u00c7okluk, K\u00fclt\u00fcrel Bellek, Yaz\u0131nsal \u00dcretkenlik&#8217; konferans\u0131 edebiyatseverlerin yo\u011fun ilgisiyle kar\u015f\u0131land\u0131. Programda, B\u00fcy\u00fck\u015fehir Belediyesi K\u00fclt\u00fcr ve Sosyal \u0130\u015fler Dairesi Koordinat\u00f6r\u00fc ve Opera Sanat\u00e7\u0131s\u0131 Bengi \u0130spir \u00d6zd\u00fclger, \u015eair Cemal S\u00fcreyya&#8217;n\u0131n &#8216;D\u00f6rt Mevsim&#8217; ile \u015eair \u00dcmit Ya\u015far O\u011fuzcan&#8217;\u0131n &#8216;Beni Unutma&#8217; \u015fiirlerinden uyarlanan \u015fark\u0131lar\u0131 seslendirdi.<\/p>\n<p>Edebiyat \u00f6d\u00fclleri sahiplerini buldu<\/p>\n<p>Festivalin ilk g\u00fcn\u00fcnde d\u00fczenlenen \u00f6d\u00fcl t\u00f6reninde &#8216;\u0130lyas Halil \u00d6yk\u00fc \u00d6d\u00fcl\u00fc&#8217;, &#8216;Mersin Roman \u00d6d\u00fcl\u00fc&#8217;, &#8216;Rehber Ayd\u0131n \u015eiir \u00d6d\u00fcl\u00fc&#8217; ve &#8216;Hikayelerle Ku\u015faktan Ku\u015fa\u011fa Mersin (An\u0131-Hikaye \u00d6d\u00fcl\u00fc)&#8217; yar\u0131\u015fmalar\u0131nda dereceye giren edebiyat\u00e7\u0131 ve \u015fairlere \u00f6d\u00fclleri takdim edildi.<\/p>\n<p>G\u00f6kayaz: &#8220;Kentimize yeni bir festival daha kazand\u0131rman\u0131n gururunu ya\u015f\u0131yoruz&#8221;<\/p>\n<p>Festival A\u00e7\u0131l\u0131\u015f\u0131 \u00d6zel Program\u0131&#8217;nda konu\u015fan Mersin B\u00fcy\u00fck\u015fehir Belediyesi Genel Sekreter Yard\u0131mc\u0131s\u0131 Serdal G\u00f6kayaz, Mersin B\u00fcy\u00fck\u015fehir Belediyesi olarak, kente yeni bir festival daha kazand\u0131rman\u0131n gururunu ya\u015fad\u0131klar\u0131n\u0131 s\u00f6yledi. G\u00f6kayaz &#8220;Mersin&#8217;de bir ilk olacak &#8216;Mersin Edebiyat Festivali&#8217;ni kentimize kazand\u0131rd\u0131k. Bu mutluluk bizim, bu gurur hepimizin. Festivalimiz i\u00e7in kentimize gelen de\u011ferli \u015fair ve yazarlar\u0131m\u0131z\u0131 kentimizde misafir ediyoruz. Temas\u0131, &#8216;Kar\u015f\u0131la\u015fmalar&#8217; olan ve 3 g\u00fcn s\u00fcrecek festivalimiz boyunca \u015fiir dinletileri, at\u00f6lye \u00e7al\u0131\u015fmalar\u0131, s\u00f6yle\u015filer bizleri bekliyor olacak&#8221; dedi.<\/p>\n<p>Mersin B\u00fcy\u00fck\u015fehir Belediyesi olarak, toplumu kucaklayan k\u00fclt\u00fcr-sanat etkinliklerinin kente \u00e7ok \u00f6nemli katk\u0131lar sa\u011flad\u0131\u011f\u0131n\u0131n fark\u0131nda olduklar\u0131n\u0131 vurgulayan G\u00f6kayaz, kente kazand\u0131rd\u0131klar\u0131 &#8216;Uluslararas\u0131 Tarsus Festivali&#8217;, &#8216;Gen\u00e7lik Festivali&#8217; etkinlikler ve festivallerle kente de\u011fer katt\u0131klar\u0131n\u0131 belirtti.  Festival kapsam\u0131nda Onur Bilge Kula, Ahmet \u00dcmit gibi birbirinden de\u011ferli yazarlar\u0131n Mersinlilerle bir araya gelece\u011fini s\u00f6yleyen G\u00f6kayaz, &#8220;Yine bug\u00fcn gen\u00e7lerimizi edebiyat d\u00fcnyas\u0131na kazand\u0131rmak i\u00e7in ilk defa liseli \u00f6\u011frenciler aras\u0131nda d\u00fczenledi\u011fimiz &#8216;Hikayelerle Ku\u015faktan Ku\u015fa\u011fa Mersin \u00d6d\u00fcl\u00fc&#8217;n\u00fc sahiplerine verece\u011fiz. Yine ge\u00e7en y\u0131l Mersin&#8217;e kazand\u0131rd\u0131\u011f\u0131m\u0131z &#8216;Mersin Roman \u00d6d\u00fcl\u00fc&#8217;n\u00fcn ikincisini ve \u0130\u00e7el Sanat Kul\u00fcb\u00fc&#8217;n\u00fcn ilk kez d\u00fczenledi\u011fi &#8216;Rehber Ayd\u0131n \u015eiir Yar\u0131\u015fmas\u0131&#8217;nda \u015fairlerimiz \u00f6d\u00fcllerini alacaklar. Mersin Edebiyat Derne\u011fi taraf\u0131ndan d\u00fczenlenen &#8216;\u0130lyas Halil \u00d6yk\u00fc \u00d6d\u00fcl\u00fc&#8217; de sahiplerini bulacak. Cumartesi ve Pazar g\u00fcn\u00fc de her biri birbirinden k\u0131ymetli yazar ve \u015fairlerimiz bizimle birlikte olacak. \u0130yi ki bizimle olacaklar, zira edebiyat ve sanat hepimize iyi gelecek&#8221; diye belirtti.<\/p>\n<p>Festivale \u00e7ok iyi haz\u0131rland\u0131klar\u0131n\u0131 da ifade eden G\u00f6kayaz,  &#8220;MEDEKA&#8217;n\u0131n Edebiyat Kurulu \u00fcyeleri ve Festivalimizin Koordinat\u00f6r\u00fc Prof. Dr. Cemal Sakall\u0131 hocam\u0131z \u00e7ok emek verdiler. Bug\u00fcn burada bu co\u015fkuyu ve heyecan\u0131 ya\u015f\u0131yorsak onlara \u00e7ok \u015fey bor\u00e7luyuz. Eme\u011fi ge\u00e7en t\u00fcm arkada\u015flar\u0131m\u0131z\u0131 kutluyor ve her birine ayr\u0131 ayr\u0131 te\u015fekk\u00fcr ediyorum. Kentimize kazand\u0131rd\u0131\u011f\u0131m\u0131z festivallerimizi her y\u0131l geni\u015fleterek s\u00fcrd\u00fcrmeye ve geleneksel hale getirmeye kararl\u0131y\u0131z. T\u00fcm etkinliklerimizi zenginle\u015ftirmeye hep beraber devam edece\u011fiz&#8221; ifadelerine yer verdi.<\/p>\n<p>Prof. Dr. Kula &#8220;Mersinliler i\u00e7in etkinli\u011fin yararlar\u0131 saymakla bitmez&#8221;<\/p>\n<p>Edebiyat Festivali&#8217;nin kent i\u00e7in \u00e7ok \u00f6nemli bir etkinlik oldu\u011funu vurgulayan Prof. Dr. Onur Bilge Kula, &#8220;\u00c7\u00fcnk\u00fc edebiyat; hem k\u00fclt\u00fcr\u00fcn ta\u015f\u0131y\u0131c\u0131s\u0131 hem de insandaki estetik duygular\u0131n ba\u015fl\u0131ca kayna\u011f\u0131d\u0131r. Dolay\u0131s\u0131yla insanda g\u00fczellik duygusu olmaz ise insan insanc\u0131la\u015famaz. Bu t\u00fcr etkinlikler insan\u0131n kendisini bulgulamas\u0131na ve kendisini insan olarak geli\u015ftirmesine ortam haz\u0131rlar. Bu nedenle B\u00fcy\u00fck\u015fehir Belediyesi&#8217;nin yapt\u0131\u011f\u0131 bu edebiyat festivali, edebiyat \u015fenli\u011fini her bak\u0131mdan \u00f6vg\u00fcye de\u011fer buluyorum&#8221; dedi.<\/p>\n<p>Bu t\u00fcr etkinliklerin kentin estetik de\u011ferlerini ortaya \u00e7\u0131karmada \u00f6nemli katk\u0131lar sundu\u011funu ifade eden Kula, &#8220;Kentin g\u00fczel y\u00f6nlerinin bulgulanmas\u0131, o g\u00fczelliklerin hem korunmas\u0131 hem geli\u015ftirilmesi i\u00e7in gerekli bilinci kazand\u0131r\u0131r. O bak\u0131mdan Mersinliler i\u00e7in etkinli\u011fin yararlar\u0131 saymakla bitmez&#8221; diye konu\u015ftu.<\/p>\n<p>Ahmet \u00dcmit &#8220;Asl\u0131nda edebiyat, kitap, ruhumuzun geli\u015fmesi i\u00e7in, beslenmesi i\u00e7in, t\u00fcketilmesi zorunlu ihtiya\u00e7 maddelerinden biridir&#8221;<\/p>\n<p>Kentlerin birer kimli\u011fi oldu\u011funu ve o kimliklerin sanatla b\u00fct\u00fcnle\u015fmesi gerekti\u011fini s\u00f6yleyen Yazar Ahmet \u00dcmit ise belediyelerin temel hizmetlerin yan\u0131 s\u0131ra o \u015fehirde ya\u015fayan insanlar\u0131n k\u00fclt\u00fcrel ihtiya\u00e7lar\u0131n\u0131 da kar\u015f\u0131lamalar\u0131 gerekti\u011fini belirtti. Bu k\u00fclt\u00fcrel ihtiya\u00e7lar\u0131n ba\u015f\u0131nda da sanatsal ihtiya\u00e7lar\u0131n geldi\u011fine dikkat \u00e7eken Ahmet \u00dcmit &#8220;Sanatsal ihtiya\u00e7lar\u0131n anas\u0131 ise edebiyatt\u0131r. Dolay\u0131s\u0131yla yazarlar\u0131n buraya gelmesi, okurlarla bulu\u015fmas\u0131, Mersinlilerin do\u011frudan yazar ve onun kitaplar\u0131yla y\u00fcz y\u00fcze gelmeleri \u00e7ok \u00e7ok k\u0131ymetli bir hizmet. \u00c7\u00fcnk\u00fc asl\u0131nda edebiyat, kitap, ruhumuzun geli\u015fmesi i\u00e7in, beslenmesi i\u00e7in, t\u00fcketilmesi zorunlu ihtiya\u00e7 maddelerinden biridir. B\u00fcy\u00fck\u015fehir Belediyesi&#8217;nin bu festivale destek vermesi ve b\u00f6yle festivallerin yap\u0131lmas\u0131 ve kitaba b\u00f6yle destek verilmesi bu anlamda \u00e7ok \u00f6nemli ve anlaml\u0131 oluyor&#8221; dedi.<\/p>\n<p>Mersinlileri festivali takip etmeye davet eden \u00dcmit &#8220;Biz T\u00fcrkiye&#8217;nin de\u011fi\u015fik yerlerinden buraya geliyoruz. Yazarlar olarak bizi her zaman bulamazs\u0131n\u0131z. L\u00fctfen buraya gelin, bu etkinliklere kat\u0131l\u0131n. Ama bizim i\u00e7in de\u011fil kendileri i\u00e7in kat\u0131ls\u0131nlar \u00e7ocuklar\u0131n\u0131 getirsinler. \u00c7ocuklar\u0131na kitap sevgisi, edebiyat sevgisi a\u015f\u0131las\u0131nlar. \u00c7\u00fcnk\u00fc insan olman\u0131n gere\u011fi sanatla ilgilenmektir. Yazam\u0131yorsan\u0131z okuyunuz. Bu \u00e7ok \u00f6nemli bir \u015fey&#8221; diye konu\u015ftu.<\/p>\n<p>&#8220;Umar\u0131m t\u00fcm T\u00fcrkiye&#8217;ye \u00f6rnek olur&#8221;<\/p>\n<p>Festivale &#8216;\u0130lyas Halil \u00d6yk\u00fc \u00d6d\u00fcl\u00fc&#8217; kapsam\u0131nda kazand\u0131\u011f\u0131 2.&#8217;lik \u00f6d\u00fcl\u00fcn\u00fc almak i\u00e7in \u0130stanbul&#8217;dan gelen \u00d6yk\u00fc Levna G\u00fcng\u00f6r isimli gen\u00e7 yazar ise Mersin Edebiyat Festivali&#8217;nde olmaktan dolay\u0131 \u00e7ok mutlu oldu\u011funu s\u00f6yledi. G\u00fcng\u00f6r &#8220;\u00c7\u00fcnk\u00fc gen\u00e7lerin ilgisinin daha \u00e7ok dijitale kayd\u0131\u011f\u0131, edebiyattan uzakla\u015ft\u0131\u011f\u0131 bir d\u00f6nemde herkesi \u00fccretsiz bir \u015fekilde edebiyat \u00e7at\u0131s\u0131 alt\u0131nda bulu\u015fturmak, de\u011ferli isimlerin aras\u0131nda bulunmak, edebiyatla ilgili \u015feyleri dinlemek, birikimleri payla\u015fmak \u00e7ok de\u011ferli. O y\u00fczden bende burada oldu\u011fum i\u00e7in \u00e7ok mutluyum. Ayr\u0131ca Mersin B\u00fcy\u00fck\u015fehir Belediyesi&#8217;nin b\u00f6yle bir \u015feye kap\u0131 a\u00e7mas\u0131, bunu halka a\u00e7\u0131k bir \u015fekilde yapmas\u0131 da \u00e7ok de\u011ferli ve umar\u0131m t\u00fcm T\u00fcrkiye&#8217;ye \u00f6rnek olur&#8221; dedi.<\/p>\n<p>Festivale herkesin kat\u0131lmas\u0131 gerekti\u011fini s\u00f6yleyen G\u00fcng\u00f6r &#8220;\u00c7\u00fcnk\u00fc \u00e7ok de\u011ferli isimler var burada. \u00d6\u011frenecek, kendimize katabilece\u011fimiz \u00e7ok \u015fey var. B\u00f6yle bir imkan insan\u0131n aya\u011f\u0131na gelmi\u015fken bence ka\u00e7\u0131rmamak laz\u0131m. Belediyenin b\u00f6yle bir i\u015fe el atmas\u0131 vatanda\u015f\u0131na verdi\u011fi de\u011feri, edebiyata verdi\u011fi de\u011feri g\u00f6steriyor. \u00c7ok g\u00fczel \u00f6yk\u00fc at\u00f6lyeleri, de\u011ferli isimlerle s\u00f6yle\u015filer, hi\u00e7bir yerde bulunamayacak f\u0131rsatlar var. O y\u00fczden herkesin kat\u0131l\u0131m\u0131n\u0131 bekliyorum&#8221; diye konu\u015ftu.<\/p>\n<p>&#8220;Bu tarz festivallerin toparlay\u0131c\u0131 oldu\u011funu d\u00fc\u015f\u00fcn\u00fcyorum&#8221;<\/p>\n<p>Mersin B\u00fcy\u00fck\u015fehir Belediyesi taraf\u0131ndan d\u00fczenlenen Mersin Edebiyat Festivali&#8217;nin toparlay\u0131c\u0131 oldu\u011funu d\u00fc\u015f\u00fcnd\u00fc\u011f\u00fcn\u00fc s\u00f6yleyen Mersin \u00dcniversitesi \u00f6\u011frencisi Ula\u015f \u0130nceler,  &#8220;\u00d6ncelikle g\u00fczel bir festival ama g\u00fczelden ziyade \u00fclkenin \u015fu anda ya\u015fad\u0131\u011f\u0131 s\u0131k\u0131nt\u0131l\u0131 d\u00f6nemde bu tarz festivallerin toparlay\u0131c\u0131 oldu\u011funu d\u00fc\u015f\u00fcn\u00fcyorum. Mersin&#8217;in her yerinde bunun kal\u0131c\u0131 bir hale gelmesi gerekti\u011fini d\u00fc\u015f\u00fcn\u00fcyorum. B\u00f6yle olursa daha yap\u0131c\u0131 olur. Bu anlamda Mersin B\u00fcy\u00fck\u015fehir Belediyesi&#8217;nin yap\u0131c\u0131 oldu\u011funu d\u00fc\u015f\u00fcn\u00fcyorum. \u00c7\u00fcnk\u00fc bu tarz festivaller, organizasyonlar her sene oluyor ve bunlar\u0131n, \u00f6\u011frenciler a\u00e7\u0131s\u0131ndan da olumlu oldu\u011funu d\u00fc\u015f\u00fcn\u00fcyorum. \u00c7\u00fcnk\u00fc s\u00fcrekli olarak okula gidiyor \u00f6\u011frenciler, okuldan sonra aktiviteler olmuyor normal \u015fartlarda ama bu aktivitelerin artmas\u0131, bu aktivitelerin olmas\u0131n\u0131n \u00f6\u011frenciler a\u00e7\u0131s\u0131ndan da olumlu, pozitif oldu\u011funu d\u00fc\u015f\u00fcn\u00fcyorum&#8221; dedi.<\/p>\n<p>Festivalden ve festivale kat\u0131labilmekten dolay\u0131 mutlu oldu\u011funu s\u00f6yleyen Aleyna Karaca isimli \u00f6\u011frenci ise &#8220;Pankartlarda s\u0131k s\u0131k festivaller, konserler g\u00f6r\u00fcyorum. Bu a\u00e7\u0131dan Mersin&#8217;de olduk\u00e7a fazla etkinlik oldu\u011funu d\u00fc\u015f\u00fcn\u00fcyorum. Ankara&#8217;da ya\u015f\u0131yorum, Ankara&#8217;da bu kadar g\u00f6remiyorum. O y\u00fczden seviniyorum, kat\u0131lma f\u0131rsat\u0131m oluyor. Geliyorum, kat\u0131l\u0131yorum, g\u00fczel oluyor&#8221; ifadelerini kulland\u0131.<\/p>\n<p>&#8220;Belediyelerin bu i\u015fe el atmas\u0131, belediyeyi y\u00f6netenlerin \u00e7a\u011fda\u015f d\u00fc\u015f\u00fcnmesiyle ilgili&#8221;<\/p>\n<p>50 y\u0131l\u0131 a\u015fk\u0131n s\u00fcredir edebiyat ile i\u00e7 i\u00e7e oldu\u011funu belirten emekli T\u00fcrk Dili ve Edebiyat\u0131 \u00d6\u011fretmeni Turgut \u00c7elik ise &#8220;Belediyelerin bu i\u015fe el atmas\u0131, belediyeyi y\u00f6netenlerin \u00e7a\u011fda\u015f d\u00fc\u015f\u00fcnmesiyle ilgili. O y\u00fczden Vahap Bey&#8217;i kutlar\u0131m. Mersin&#8217;de b\u00f6yle bir etkinli\u011fin olmas\u0131, bunun ileriki y\u0131llarda da s\u00fcrd\u00fcr\u00fclecek inanc\u0131n\u0131 a\u015f\u0131lamas\u0131 olduk\u00e7a \u00f6nemli. \u0130zleyenlere katk\u0131 verece\u011fini d\u00fc\u015f\u00fcn\u00fcyorum. \u00d6rne\u011fin, Ahmet \u00dcmit konu\u015facak. B\u00f6yle \u00fcnl\u00fc bir yazar\u0131n b\u00f6yle bir etkinlikte bulunmas\u0131, buraya \u00e7a\u011fr\u0131lmas\u0131 \u00f6nemli. \u00c7\u00fcnk\u00fc ki\u015filer her \u00e7a\u011fr\u0131lan yere gitmez. Demek ki burada bir \u015fey buluyor ki o da kalk\u0131p geliyor&#8221; \u015feklinde konu\u015ftu.<\/p>\n<p>&#8220;Mersin&#8217;in b\u00f6yle bir konuya dahil olmas\u0131 bence \u00e7ok \u00f6nemli&#8221;<\/p>\n<p>Festivale \u0130stanbul&#8217;dan kat\u0131ld\u0131\u011f\u0131n\u0131 s\u00f6yleyen \u00d6zge G\u00fcven ise &#8220;\u00d6zellikle Mersin&#8217;in b\u00f6yle bir konuya dahil olmas\u0131 bence \u00e7ok \u00f6nemli. \u00d6zellikle g\u00fcn\u00fcm\u00fcz \u015fartlar\u0131nda sanat\u0131n ve edebiyat\u0131n bu kadar arka plana at\u0131lm\u0131\u015f oldu\u011fu bir d\u00f6nemde \u00f6n plana \u00e7\u0131kmas\u0131 \u00e7ok \u00f6nemli, \u00e7ok gurur verici. \u0130lk defa b\u00f6yle bir organizasyonun yap\u0131lmas\u0131 da gayet g\u00fczel, in\u015fallah devam\u0131n\u0131 da g\u00f6r\u00fcr\u00fcz&#8221; dedi.<\/p>\n","protected":false},"excerpt":{"rendered":"<p>Mersin B\u00fcy\u00fck\u015fehir Belediyesi&#8217;nin bu y\u0131l &#8216;Kar\u015f\u0131la\u015fmalar&#8217; temas\u0131yla ilkini ger\u00e7ekle\u015ftirdi\u011fi &#8216;Mersin Edebiyat Festivali&#8217; ba\u015flad\u0131. &#8216;Mersinli Yazar Ve \u015eairlerin Kitap Kapaklar\u0131&#8217;n\u0131n sergisi ile ba\u015flayan program Festival A\u00e7\u0131l\u0131\u015f\u0131 \u00d6zel Program\u0131 ile devam etti. &hellip; <a href=\"https:\/\/akdenizolaygazetesi.com\/?p=23522\" class=\"more-link\">Devam\u0131n\u0131 Oku&#8230;<\/a><\/p>\n","protected":false},"author":2,"featured_media":23523,"comment_status":"open","ping_status":"open","sticky":false,"template":"","format":"standard","meta":[],"categories":[2,3,5],"tags":[],"_links":{"self":[{"href":"https:\/\/akdenizolaygazetesi.com\/index.php?rest_route=\/wp\/v2\/posts\/23522"}],"collection":[{"href":"https:\/\/akdenizolaygazetesi.com\/index.php?rest_route=\/wp\/v2\/posts"}],"about":[{"href":"https:\/\/akdenizolaygazetesi.com\/index.php?rest_route=\/wp\/v2\/types\/post"}],"author":[{"embeddable":true,"href":"https:\/\/akdenizolaygazetesi.com\/index.php?rest_route=\/wp\/v2\/users\/2"}],"replies":[{"embeddable":true,"href":"https:\/\/akdenizolaygazetesi.com\/index.php?rest_route=%2Fwp%2Fv2%2Fcomments&post=23522"}],"version-history":[{"count":1,"href":"https:\/\/akdenizolaygazetesi.com\/index.php?rest_route=\/wp\/v2\/posts\/23522\/revisions"}],"predecessor-version":[{"id":23524,"href":"https:\/\/akdenizolaygazetesi.com\/index.php?rest_route=\/wp\/v2\/posts\/23522\/revisions\/23524"}],"wp:featuredmedia":[{"embeddable":true,"href":"https:\/\/akdenizolaygazetesi.com\/index.php?rest_route=\/wp\/v2\/media\/23523"}],"wp:attachment":[{"href":"https:\/\/akdenizolaygazetesi.com\/index.php?rest_route=%2Fwp%2Fv2%2Fmedia&parent=23522"}],"wp:term":[{"taxonomy":"category","embeddable":true,"href":"https:\/\/akdenizolaygazetesi.com\/index.php?rest_route=%2Fwp%2Fv2%2Fcategories&post=23522"},{"taxonomy":"post_tag","embeddable":true,"href":"https:\/\/akdenizolaygazetesi.com\/index.php?rest_route=%2Fwp%2Fv2%2Ftags&post=23522"}],"curies":[{"name":"wp","href":"https:\/\/api.w.org\/{rel}","templated":true}]}}